{"id":29873,"date":"2025-12-03T16:16:45","date_gmt":"2025-12-03T19:16:45","guid":{"rendered":"https:\/\/imais.online\/portal\/?p=29873"},"modified":"2025-12-03T16:16:46","modified_gmt":"2025-12-03T19:16:46","slug":"plaza-shopping-itu-apresenta-oficina-gratuita-de-enfeites-de-natal-para-criancas-no-fim-de-semana","status":"publish","type":"post","link":"https:\/\/imais.online\/portal\/plaza-shopping-itu-apresenta-oficina-gratuita-de-enfeites-de-natal-para-criancas-no-fim-de-semana\/","title":{"rendered":"Plaza Shopping Itu apresenta oficina gratuita de Enfeites de Natal para crian\u00e7as no fim de semana"},"content":{"rendered":"<div class=\"imais-before-content-placement\" id=\"imais-944896664\"><script async src=\"\/\/pagead2.googlesyndication.com\/pagead\/js\/adsbygoogle.js?client=ca-pub-8787528412751566\" crossorigin=\"anonymous\"><\/script><ins class=\"adsbygoogle\" style=\"display:block;\" data-ad-client=\"ca-pub-8787528412751566\" \ndata-ad-slot=\"\" \ndata-ad-format=\"auto\"><\/ins>\n<script> \n(adsbygoogle = window.adsbygoogle || []).push({}); \n<\/script>\n<\/div>\n<p class=\"has-text-align-center\"><em>Atividade ser\u00e1 criativa e divertida para os pequenos, indicada para idades de 4 a 12 anos<\/em><\/p>\n\n\n\n<p>O <strong>Plaza Shopping Itu<\/strong> traz uma experi\u00eancia natalina imersiva para as crian\u00e7as neste fim de semana. Nos dias 6 e 7 de dezembro, s\u00e1bado e domingo, das 12h \u00e0s 18h, o shopping promove uma oficina de Enfeites de Natal totalmente gratuita, combinando divers\u00e3o e criatividade. A atividade \u00e9 indicada para crian\u00e7as de 4 a 12 anos, na Pra\u00e7a de Eventos &#8211; em frente \u00e0 cenografia principal de Natal.<\/p>\n\n\n\n<p>Os participantes ter\u00e3o a oportunidade de criar seus pr\u00f3prios elementos decorativos de Natal para brilhar na decora\u00e7\u00e3o e na \u00c1rvore em casa, utilizando materiais como glitter, l\u00e1pis de cor, guache e E.V.A.<\/p>\n\n\n\n<p>&#8220;A programa\u00e7\u00e3o com a oficina reflete nosso compromisso de que o Plaza Shopping seja um espa\u00e7o de conviv\u00eancia e entretenimento. Queremos que as crian\u00e7as vivenciem a magia do Natal de forma l\u00fadica. \u00c9 uma oportunidade para os pais compartilharem momentos especiais com seus filhos e levarem recorda\u00e7\u00f5es,&#8221; comenta Edgar Silveira, gerente de Marketing do <strong>Plaza Shopping Itu<\/strong>.<\/p>\n\n\n\n<p>Para potencializar a viv\u00eancia festiva, os participantes da oficina podem aproveitar as demais atra\u00e7\u00f5es tem\u00e1ticas do shopping. O destaque \u00e9 a maior \u00e1rvore de Natal do setor de shopping center do Brasil, que fica iluminada a partir das 19h, oferecendo cen\u00e1rio perfeito para fotos memor\u00e1veis.<\/p>\n\n\n\n<p>A decora\u00e7\u00e3o interna do centro de compras tamb\u00e9m est\u00e1 repleta de espa\u00e7os instagram\u00e1veis que refor\u00e7am o esp\u00edrito comemorativo, e o Papai Noel est\u00e1 dispon\u00edvel diariamente das 14h30 \u00e0s 20h30 para encontros e fotos personalizadas com crian\u00e7as e pets, tornando a experi\u00eancia de final de ano completa.<\/p>\n\n\n\n<p><strong>Plaza Shopping Itu \u2013 Oficina de Enfeites de Natal<\/strong><\/p>\n\n\n\n<p>Data: 6 e 7 de dezembro (s\u00e1bado e domingo), das 12h \u00e0s 18h<\/p>\n\n\n\n<p>Onde: Pra\u00e7a de Eventos do Shopping Plaza Itu<\/p>\n\n\n\n<p>Entrada: Gratuita<\/p>\n\n\n\n<p><strong>Endere\u00e7o: <\/strong>Avenida Doutor Ermelindo Maffei, 1.199, Jardim Para\u00edso, Itu \u2013 SP<\/p>\n\n\n\n<p><strong>Hor\u00e1rio de funcionamento do Plaza Shopping Itu: <\/strong>de segunda a s\u00e1bado das 10h \u00e0s 22h e domingos e feriados das 14h \u00e0s 22h<\/p>\n\n\n\n<p><strong>Pra\u00e7a de alimenta\u00e7\u00e3o: <\/strong>de segunda \u00e0 s\u00e1bado das 10h \u00e0s 22h, domingos e feriados das 12h \u00e0s 22h<\/p>\n\n\n\n<p><strong>Site: <\/strong><a href=\"http:\/\/www.plazashoppingitu.com.br\">www.plazashoppingitu.com.br<\/a><\/p>\n\n\n\n<p><strong>Redes sociais: <\/strong>@plazashoppingitu<\/p>\n","protected":false},"excerpt":{"rendered":"<p>Atividade ser\u00e1 criativa e divertida para os pequenos, indicada para idades de 4 a 12 anos O Plaza Shopping Itu traz uma experi\u00eancia natalina imersiva para as crian\u00e7as neste fim de semana. Nos dias 6 e 7 de dezembro, s\u00e1bado e domingo, das 12h \u00e0s 18h, o shopping promove uma oficina de Enfeites de Natal [&hellip;]<\/p>\n","protected":false},"author":7,"featured_media":29874,"comment_status":"closed","ping_status":"open","sticky":false,"template":"","format":"standard","meta":{"rop_custom_images_group":[],"rop_custom_messages_group":[],"rop_publish_now":"initial","rop_publish_now_accounts":[],"rop_publish_now_history":[],"rop_publish_now_status":"pending","footnotes":""},"categories":[271],"tags":[],"class_list":["post-29873","post","type-post","status-publish","format-standard","has-post-thumbnail","hentry","category-itu"],"amp_enabled":true,"_links":{"self":[{"href":"https:\/\/imais.online\/portal\/wp-json\/wp\/v2\/posts\/29873","targetHints":{"allow":["GET"]}}],"collection":[{"href":"https:\/\/imais.online\/portal\/wp-json\/wp\/v2\/posts"}],"about":[{"href":"https:\/\/imais.online\/portal\/wp-json\/wp\/v2\/types\/post"}],"author":[{"embeddable":true,"href":"https:\/\/imais.online\/portal\/wp-json\/wp\/v2\/users\/7"}],"replies":[{"embeddable":true,"href":"https:\/\/imais.online\/portal\/wp-json\/wp\/v2\/comments?post=29873"}],"version-history":[{"count":1,"href":"https:\/\/imais.online\/portal\/wp-json\/wp\/v2\/posts\/29873\/revisions"}],"predecessor-version":[{"id":29875,"href":"https:\/\/imais.online\/portal\/wp-json\/wp\/v2\/posts\/29873\/revisions\/29875"}],"wp:featuredmedia":[{"embeddable":true,"href":"https:\/\/imais.online\/portal\/wp-json\/wp\/v2\/media\/29874"}],"wp:attachment":[{"href":"https:\/\/imais.online\/portal\/wp-json\/wp\/v2\/media?parent=29873"}],"wp:term":[{"taxonomy":"category","embeddable":true,"href":"https:\/\/imais.online\/portal\/wp-json\/wp\/v2\/categories?post=29873"},{"taxonomy":"post_tag","embeddable":true,"href":"https:\/\/imais.online\/portal\/wp-json\/wp\/v2\/tags?post=29873"}],"curies":[{"name":"wp","href":"https:\/\/api.w.org\/{rel}","templated":true}]}}