{"id":29907,"date":"2025-12-04T15:05:24","date_gmt":"2025-12-04T18:05:24","guid":{"rendered":"https:\/\/imais.online\/portal\/?p=29907"},"modified":"2025-12-04T15:05:25","modified_gmt":"2025-12-04T18:05:25","slug":"indaiatuba-recebe-programa-castra-sao-paulo-no-dia-14-de-dezembro","status":"publish","type":"post","link":"https:\/\/imais.online\/portal\/indaiatuba-recebe-programa-castra-sao-paulo-no-dia-14-de-dezembro\/","title":{"rendered":"Indaiatuba recebe Programa Castra+ S\u00e3o Paulo no dia 14 de dezembro"},"content":{"rendered":"<div class=\"imais-before-content-placement\" id=\"imais-2840196667\"><script async src=\"\/\/pagead2.googlesyndication.com\/pagead\/js\/adsbygoogle.js?client=ca-pub-8787528412751566\" crossorigin=\"anonymous\"><\/script><ins class=\"adsbygoogle\" style=\"display:block;\" data-ad-client=\"ca-pub-8787528412751566\" \ndata-ad-slot=\"\" \ndata-ad-format=\"auto\"><\/ins>\n<script> \n(adsbygoogle = window.adsbygoogle || []).push({}); \n<\/script>\n<\/div>\n<p class=\"has-text-align-center\"><em>A\u00e7\u00e3o oferecer\u00e1 castra\u00e7\u00e3o gratuita de c\u00e3es e gatos previamente cadastrados<\/em><\/p>\n\n\n\n<p>Indaiatuba receber\u00e1 o programa Castra+ S\u00e3o Paulo, um mutir\u00e3o para castra\u00e7\u00f5es gratuitas de c\u00e3es e gatos promovido pelo Governo do Estado. A a\u00e7\u00e3o acontecer\u00e1 no dia 14 de dezembro, na Pra\u00e7a do Lago do Jardim Morada do Sol, das 8h \u00e0s 15h. As vagas s\u00e3o limitadas e para participar \u00e9 necess\u00e1rio realizar o cadastro pelo link <a href=\"https:\/\/tinyurl.com\/castracao-indaiatuba\">https:\/\/tinyurl.com\/castracao-indaiatuba<\/a>.<\/p>\n\n\n\n<p>O programa do Governo do Estado \u00e9 estruturado para oferecer castra\u00e7\u00f5es gratuitas em munic\u00edpios paulistas, por meio de unidades m\u00f3veis equipadas com centro cir\u00fargico veterin\u00e1rio. A proposta \u00e9 contribuir para o controle populacional de c\u00e3es e gatos, reduzir o abandono e fortalecer as pol\u00edticas p\u00fablicas de prote\u00e7\u00e3o animal.<\/p>\n\n\n\n<p>A iniciativa \u00e9 destinada a c\u00e3es e gatos domiciliados, oferecendo acesso ao servi\u00e7o para fam\u00edlias de baixa renda e tutores em situa\u00e7\u00e3o de vulnerabilidade, garantindo atendimento seguro e realizado por profissionais habilitados.<\/p>\n\n\n\n<p>Ap\u00f3s o cadastro, as fam\u00edlias inscritas receber\u00e3o orienta\u00e7\u00f5es da equipe de triagem do programa sobre o hor\u00e1rio e como preparar os animais para o dia do procedimento.<\/p>\n\n\n\n<p><strong>Servi\u00e7o<\/strong><\/p>\n\n\n\n<p>Programa Castra+ S\u00e3o Paulo<\/p>\n\n\n\n<p>Data: 14\/12<\/p>\n\n\n\n<p>Hor\u00e1rio: 8h \u00e0s 15h<\/p>\n\n\n\n<p>Local Pra\u00e7a do Lago (Av. Eng. F\u00e1bio Roberto Barnab\u00e9 esquina com Av. \u00c1rio Barnab\u00e9 \u2013 Jardim Morada do Sol)<\/p>\n\n\n\n<p>Cadastro: <a href=\"https:\/\/tinyurl.com\/castracao-indaiatuba\">https:\/\/tinyurl.com\/castracao-indaiatuba<\/a><\/p>\n","protected":false},"excerpt":{"rendered":"<p>A\u00e7\u00e3o oferecer\u00e1 castra\u00e7\u00e3o gratuita de c\u00e3es e gatos previamente cadastrados Indaiatuba receber\u00e1 o programa Castra+ S\u00e3o Paulo, um mutir\u00e3o para castra\u00e7\u00f5es gratuitas de c\u00e3es e gatos promovido pelo Governo do Estado. A a\u00e7\u00e3o acontecer\u00e1 no dia 14 de dezembro, na Pra\u00e7a do Lago do Jardim Morada do Sol, das 8h \u00e0s 15h. As vagas s\u00e3o [&hellip;]<\/p>\n","protected":false},"author":7,"featured_media":29908,"comment_status":"closed","ping_status":"open","sticky":false,"template":"","format":"standard","meta":{"rop_custom_images_group":[],"rop_custom_messages_group":[],"rop_publish_now":"initial","rop_publish_now_accounts":[],"rop_publish_now_history":[],"rop_publish_now_status":"pending","footnotes":""},"categories":[188],"tags":[],"class_list":["post-29907","post","type-post","status-publish","format-standard","has-post-thumbnail","hentry","category-indaiatuba"],"amp_enabled":true,"_links":{"self":[{"href":"https:\/\/imais.online\/portal\/wp-json\/wp\/v2\/posts\/29907","targetHints":{"allow":["GET"]}}],"collection":[{"href":"https:\/\/imais.online\/portal\/wp-json\/wp\/v2\/posts"}],"about":[{"href":"https:\/\/imais.online\/portal\/wp-json\/wp\/v2\/types\/post"}],"author":[{"embeddable":true,"href":"https:\/\/imais.online\/portal\/wp-json\/wp\/v2\/users\/7"}],"replies":[{"embeddable":true,"href":"https:\/\/imais.online\/portal\/wp-json\/wp\/v2\/comments?post=29907"}],"version-history":[{"count":1,"href":"https:\/\/imais.online\/portal\/wp-json\/wp\/v2\/posts\/29907\/revisions"}],"predecessor-version":[{"id":29909,"href":"https:\/\/imais.online\/portal\/wp-json\/wp\/v2\/posts\/29907\/revisions\/29909"}],"wp:featuredmedia":[{"embeddable":true,"href":"https:\/\/imais.online\/portal\/wp-json\/wp\/v2\/media\/29908"}],"wp:attachment":[{"href":"https:\/\/imais.online\/portal\/wp-json\/wp\/v2\/media?parent=29907"}],"wp:term":[{"taxonomy":"category","embeddable":true,"href":"https:\/\/imais.online\/portal\/wp-json\/wp\/v2\/categories?post=29907"},{"taxonomy":"post_tag","embeddable":true,"href":"https:\/\/imais.online\/portal\/wp-json\/wp\/v2\/tags?post=29907"}],"curies":[{"name":"wp","href":"https:\/\/api.w.org\/{rel}","templated":true}]}}