{"id":29910,"date":"2025-12-04T15:07:12","date_gmt":"2025-12-04T18:07:12","guid":{"rendered":"https:\/\/imais.online\/portal\/?p=29910"},"modified":"2025-12-04T15:07:12","modified_gmt":"2025-12-04T18:07:12","slug":"adolescente-e-detido-pela-guarda-civil-por-trafico-de-drogas-no-campo-bonito","status":"publish","type":"post","link":"https:\/\/imais.online\/portal\/adolescente-e-detido-pela-guarda-civil-por-trafico-de-drogas-no-campo-bonito\/","title":{"rendered":"Adolescente \u00e9 detido pela Guarda Civil por tr\u00e1fico de drogas no Campo Bonito"},"content":{"rendered":"<div class=\"imais-before-content-placement\" id=\"imais-2242393778\"><script async src=\"\/\/pagead2.googlesyndication.com\/pagead\/js\/adsbygoogle.js?client=ca-pub-8787528412751566\" crossorigin=\"anonymous\"><\/script><ins class=\"adsbygoogle\" style=\"display:block;\" data-ad-client=\"ca-pub-8787528412751566\" \ndata-ad-slot=\"\" \ndata-ad-format=\"auto\"><\/ins>\n<script> \n(adsbygoogle = window.adsbygoogle || []).push({}); \n<\/script>\n<\/div>\n<p>A <a><\/a>equipe do Canil da Guarda Civil de Indaiatuba deteve, na noite de segunda-feira (01), um adolescente de 16 anos por tr\u00e1fico de drogas. A ocorr\u00eancia foi registrada no Parque Campo Bonito.<\/p>\n\n\n\n<p>Durante patrulhamento preventivo pela Avenida Horst Frederico Jo\u00e3o Heer, os agentes viram o jovem dispensar um objeto no ch\u00e3o e sair correndo ao notar a presen\u00e7a da viatura. Imediatamente, a equipe iniciou o acompanhamento a p\u00e9 e conseguiu realizar a abordagem do suspeito.<\/p>\n\n\n\n<p>Ao verificarem o material descartado, os guardas encontraram 139 por\u00e7\u00f5es de coca\u00edna e um aparelho celular. Diante dos fatos, a respons\u00e1vel pelo adolescente foi localizada, e o caso apresentado na Delegacia de Pol\u00edcia, onde o delegado determinou a apreens\u00e3o das drogas e a condu\u00e7\u00e3o do menor \u00e0 Funda\u00e7\u00e3o CASA.<\/p>\n","protected":false},"excerpt":{"rendered":"<p>A equipe do Canil da Guarda Civil de Indaiatuba deteve, na noite de segunda-feira (01), um adolescente de 16 anos por tr\u00e1fico de drogas. A ocorr\u00eancia foi registrada no Parque Campo Bonito. Durante patrulhamento preventivo pela Avenida Horst Frederico Jo\u00e3o Heer, os agentes viram o jovem dispensar um objeto no ch\u00e3o e sair correndo ao [&hellip;]<\/p>\n","protected":false},"author":7,"featured_media":29911,"comment_status":"closed","ping_status":"open","sticky":false,"template":"","format":"standard","meta":{"rop_custom_images_group":[],"rop_custom_messages_group":[],"rop_publish_now":"initial","rop_publish_now_accounts":[],"rop_publish_now_history":[],"rop_publish_now_status":"pending","footnotes":""},"categories":[188],"tags":[73],"class_list":["post-29910","post","type-post","status-publish","format-standard","has-post-thumbnail","hentry","category-indaiatuba","tag-featured"],"amp_enabled":true,"_links":{"self":[{"href":"https:\/\/imais.online\/portal\/wp-json\/wp\/v2\/posts\/29910","targetHints":{"allow":["GET"]}}],"collection":[{"href":"https:\/\/imais.online\/portal\/wp-json\/wp\/v2\/posts"}],"about":[{"href":"https:\/\/imais.online\/portal\/wp-json\/wp\/v2\/types\/post"}],"author":[{"embeddable":true,"href":"https:\/\/imais.online\/portal\/wp-json\/wp\/v2\/users\/7"}],"replies":[{"embeddable":true,"href":"https:\/\/imais.online\/portal\/wp-json\/wp\/v2\/comments?post=29910"}],"version-history":[{"count":1,"href":"https:\/\/imais.online\/portal\/wp-json\/wp\/v2\/posts\/29910\/revisions"}],"predecessor-version":[{"id":29912,"href":"https:\/\/imais.online\/portal\/wp-json\/wp\/v2\/posts\/29910\/revisions\/29912"}],"wp:featuredmedia":[{"embeddable":true,"href":"https:\/\/imais.online\/portal\/wp-json\/wp\/v2\/media\/29911"}],"wp:attachment":[{"href":"https:\/\/imais.online\/portal\/wp-json\/wp\/v2\/media?parent=29910"}],"wp:term":[{"taxonomy":"category","embeddable":true,"href":"https:\/\/imais.online\/portal\/wp-json\/wp\/v2\/categories?post=29910"},{"taxonomy":"post_tag","embeddable":true,"href":"https:\/\/imais.online\/portal\/wp-json\/wp\/v2\/tags?post=29910"}],"curies":[{"name":"wp","href":"https:\/\/api.w.org\/{rel}","templated":true}]}}