{"id":29914,"date":"2025-12-05T09:13:59","date_gmt":"2025-12-05T12:13:59","guid":{"rendered":"https:\/\/imais.online\/portal\/?p=29914"},"modified":"2025-12-05T09:14:00","modified_gmt":"2025-12-05T12:14:00","slug":"programacao-do-aniversario-de-195-anos-de-indaiatuba-comeca-neste-sabado-06-12","status":"publish","type":"post","link":"https:\/\/imais.online\/portal\/programacao-do-aniversario-de-195-anos-de-indaiatuba-comeca-neste-sabado-06-12\/","title":{"rendered":"Programa\u00e7\u00e3o do anivers\u00e1rio de 195 anos de Indaiatuba come\u00e7a neste s\u00e1bado (06\/12)"},"content":{"rendered":"<div class=\"imais-before-content-placement\" id=\"imais-2873976707\"><script async src=\"\/\/pagead2.googlesyndication.com\/pagead\/js\/adsbygoogle.js?client=ca-pub-8787528412751566\" crossorigin=\"anonymous\"><\/script><ins class=\"adsbygoogle\" style=\"display:block;\" data-ad-client=\"ca-pub-8787528412751566\" \ndata-ad-slot=\"\" \ndata-ad-format=\"auto\"><\/ins>\n<script> \n(adsbygoogle = window.adsbygoogle || []).push({}); \n<\/script>\n<\/div>\n<p class=\"has-text-align-center\"><em>Show com dupla Patati Patat\u00e1 abrir\u00e1 as comemora\u00e7\u00f5es, no Parque Ecol\u00f3gico do Jardim Paulistano<\/em><\/p>\n\n\n\n<p>As comemora\u00e7\u00f5es do anivers\u00e1rio de 195 anos de Indaiatuba j\u00e1 come\u00e7ar\u00e3o neste s\u00e1bado (06\/12) com o show gratuito da dupla Patati Patat\u00e1. A apresenta\u00e7\u00e3o ser\u00e1 a partir das 16h, no palco montado no Parque Ecol\u00f3gico do Jardim Paulistano. O anivers\u00e1rio ser\u00e1 na ter\u00e7a-feira (09\/12), quando o prefeito Dr. Cust\u00f3dio Tavares (MDB) presidir\u00e1 a tradicional Sess\u00e3o Solene de anivers\u00e1rio da cidade, que ter\u00e1 como novidade a entrega da Honraria P\u00f3stuma \u201cPaulo Antonio Lui\u201d, al\u00e9m das tradicionais Medalha Jo\u00e3o Tibiri\u00e7\u00e1 Piratininga e dos t\u00edtulos de Funcion\u00e1rio Padr\u00e3o a servidores municipais. A Creche Professora Simone Andr\u00e9a Fortunato, no Jardim Residencial Veneza, tamb\u00e9m ser\u00e1 inaugurada na ter\u00e7a-feira, \u00e0s 16h.<\/p>\n\n\n\n<p>A Sess\u00e3o Solene promovida pela Prefeitura de Indaiatuba em comemora\u00e7\u00e3o ao anivers\u00e1rio de Indaiatuba ser\u00e1 realizada no Hotel Royal Palm Tower Indaiatuba, \u00e0s 9h, com a presen\u00e7a de autoridades municipais, homenageados e convidados. \u00c0 tarde, a cerim\u00f4nia de inaugura\u00e7\u00e3o da Creche do Jardim Residencial Veneza ser\u00e1 aberta ao p\u00fablico em geral. O encerramento das comemora\u00e7\u00f5es ser\u00e1 com a missa celebrada na Igreja Matriz Nossa Senhora da Candel\u00e1ria, \u00e0s 19h30.<\/p>\n\n\n\n<p><strong>Show de anivers\u00e1rio<\/strong><\/p>\n\n\n\n<p>A atra\u00e7\u00e3o musical em comemora\u00e7\u00e3o ao anivers\u00e1rio de Indaiatuba este ano ser\u00e1 voltada ao p\u00fablico infantil, com o show da dupla Patati Patat\u00e1. Os palha\u00e7os amados pelas crian\u00e7as far\u00e3o uma apresenta\u00e7\u00e3o no dia 06 de dezembro, no palco montado no estacionamento do Parque Ecol\u00f3gico do Jardim Paulistano. O show ser\u00e1 gratuito, a partir das 16h. Entre as atra\u00e7\u00f5es que abrir\u00e3o o show est\u00e3o o Koringa e a banda de forr\u00f3 Dois Dobrado. O Parque do Jardim Paulistano fica na Rua Martinho Lutero, s\/n\u00ba. &nbsp;<\/p>\n\n\n\n<p><strong>Honraria P\u00f3stuma<\/strong><\/p>\n\n\n\n<p>A Honraria P\u00f3stuma \u201cPaulo Antonio Lui\u201d foi institu\u00edda pela Lei n\u00ba 8.397, de 14 de novembro de 2025. A homenagem foi criada com a proposta de reconhecer a mem\u00f3ria de personalidades que tenham se destacado em vida e que deixaram relevantes legados sociais, culturais, educacionais, pol\u00edticos ou comunit\u00e1rios para o munic\u00edpio.<\/p>\n\n\n\n<p>A honraria tamb\u00e9m ser\u00e1 outorgada em forma de medalha e diploma entregues \u00e0 fam\u00edlia ou sucessores da personalidade cuja mem\u00f3ria ser\u00e1 evidenciada. O primeiro homenageado em mem\u00f3ria ser\u00e1 o empres\u00e1rio Paulo Antonio Lui, que d\u00e1 nome \u00e0 honraria.<\/p>\n\n\n\n<p>Nascido em Indaiatuba em 1940, Paulo Antonio Lui foi casado por 59 anos com Zuleika Sizoto Lui e \u00e9 pai de tr\u00eas filhos. Desde jovem esteve envolvido com arte e cultura, participando de montagens teatrais. Em 1963 fundou, junto ao pai e s\u00f3cios, o Cine Alvorada e administrou tamb\u00e9m o Cine Rex. O Rex foi encerrado em 1979 e o Alvorada em 1989.<\/p>\n\n\n\n<p>Em 1993 a fam\u00edlia Lui inaugurou uma sala de cinema no Shopping Center Indaiatuba, criando a marca Top\u00e1zio Cinemas e tornou a cidade uma das que mais oferecem cinema por habitante.<\/p>\n\n\n\n<p>\u201cSeu Paulo\u201d idealizou projetos culturais marcantes. Filantropo e amante das artes, cedeu espa\u00e7os para eventos culturais e apoiou in\u00fameras entidades com doa\u00e7\u00f5es, arrecada\u00e7\u00f5es e sess\u00f5es gratuitas. Em vida, recebeu diversas homenagens, incluindo seu nome na pra\u00e7a da fonte do Shopping Jaragu\u00e1 em 2023.<\/p>\n\n\n\n<p>Ele nos deixou em agosto deste ano, mas o seu legado de trabalho, generosidade, amor \u00e0 arte e compromisso com a comunidade far\u00e1 seu nome ser lembrado com profundo respeito e admira\u00e7\u00e3o na hist\u00f3ria de Indaiatuba.<\/p>\n\n\n\n<p><strong>Medalha Jo\u00e3o Tibiri\u00e7\u00e1<\/strong><\/p>\n\n\n\n<p>A Medalha Jo\u00e3o Tibiri\u00e7\u00e1 Piratininga \u00e9 entregue pela Administra\u00e7\u00e3o Municipal desde 1984, quando entrou em vigor a Lei n\u00ba 2.086. A maior comenda da municipalidade foi criada com o objetivo de homenagear cidad\u00e3os que tenham prestado relevantes servi\u00e7os ao munic\u00edpio. A indica\u00e7\u00e3o dos homenageados \u00e9 feita pelo chefe do Executivo Municipal e passa pela aprova\u00e7\u00e3o do Conselho do Departamento de Preserva\u00e7\u00e3o e Mem\u00f3ria.<\/p>\n\n\n\n<p>Este ano, o homenageado com a Medalha ser\u00e1 o fot\u00f3grafo Antonio da Cunha Penna. Nascido em 1945 em Santa B\u00e1rbara (MG), mudou-se para Indaiatuba aos 12 anos. Na adolesc\u00eancia trabalhou na ind\u00fastria, formou-se Ajustador Mec\u00e2nico pelo Senai e atuou por 12 anos na T\u00eaxtil Judith. Em 1974 casou-se com Regina Coeli Barreta, com quem teve dois filhos e duas netas.<\/p>\n\n\n\n<p>Desde cedo decidido a ser artista, Penna passou por diversas linguagens at\u00e9 encontrar na fotografia sua principal express\u00e3o. Atuou na Arte Foto e, em 1978, fundou com Ed\u00edlio Monteiro o est\u00fadio Silva &amp; Penna Fotografias, tornando-se refer\u00eancia em casamentos e fotografia infantil. Ministrou cursos, participou de 49 exposi\u00e7\u00f5es e conquistou oito pr\u00eamios. Profissionalizou-se em 1974 e encerrou a carreira em 2022, somando 54 anos dedicados \u00e0 fotografia.<\/p>\n\n\n\n<p>A m\u00fasica tamb\u00e9m sempre esteve presente em sua vida: estreou em 1959 nos teatrinhos da igreja Matriz, foi crooner do New Boss Ritmos, integrou o quarteto Vanguarda e, mais tarde, formou dupla com Wanderley Peres por mais de duas d\u00e9cadas. Como compositor e int\u00e9rprete, destacou-se em diversos festivais e comp\u00f4s sambas-enredo vitoriosos para a Unidos de Indai\u00e1. Apresentou o programa Clube da Saudade na R\u00e1dio Jornal, relan\u00e7ou o LP de Nabor Pires Camargo e trabalhou por 18 anos no Pr\u00eamio Nabor. Em 2011 fundou o Coral do Indaiatuba Clube.<\/p>\n\n\n\n<p>Como ator, integrou pe\u00e7as teatrais, estrelou campanhas publicit\u00e1rias e participou de produ\u00e7\u00f5es audiovisuais locais. Tamb\u00e9m realizou importante trabalho comunit\u00e1rio: ajudou a levantar o acervo fotogr\u00e1fico que deu origem \u00e0 Funda\u00e7\u00e3o Pr\u00f3-Mem\u00f3ria; atuou por d\u00e9cadas no Indaiatuba Clube, criando projetos culturais tradicionais; fundou o Cineclube Indaiatuba e o clube de fotografia Olhar Fotogr\u00e1fico; e ministrou palestras em escolas e cursos de prepara\u00e7\u00e3o para o casamento.<\/p>\n\n\n\n<p>Aos 51 anos passou a dedicar-se tamb\u00e9m \u00e0 literatura, conquistando pr\u00eamios no Mapa Cultural Paulista e em concursos regionais. Escreveu cr\u00f4nicas para a revista Tribuna de Indai\u00e1 e publicou cinco livros, incluindo S\u00f3 D\u00f3i Quando Dou Risada, Nos Tempos do Bar Rex e O \u00daltimo Natal e Outras Hist\u00f3rias, lan\u00e7ado aos 80 anos. Em 2023 tornou-se Membro Honor\u00e1rio da Academia de Letras de Indaiatuba.<\/p>\n\n\n\n<p>Penna recebeu diversos reconhecimentos, entre eles: Cidad\u00e3o Indaiatubano, S\u00f3cio Benem\u00e9rito do Indaiatuba Clube, a Ordem Votura de M\u00e9rito Cultural e Mo\u00e7\u00e3o Honrosa pelos seus 80 anos e contribui\u00e7\u00e3o \u00e0 cultura local. Foi homenageado pela Secretaria de Cultura com a exposi\u00e7\u00e3o O Menino Que Queria Ser Artista e teve um Sarau especial do Indaiatuba Clube em sua honra.<\/p>\n\n\n\n<p><strong>Funcion\u00e1rio Padr\u00e3o<\/strong><\/p>\n\n\n\n<p>Os t\u00edtulos de Funcion\u00e1rio Padr\u00e3o ser\u00e3o entregues aos servidores eleitos representando a Prefeitura, o Servi\u00e7o Aut\u00f4nomo de \u00c1gua e Esgotos (Saae), a Funda\u00e7\u00e3o Indaiatubana de Educa\u00e7\u00e3o e Cultura (Fiec), o Servi\u00e7o de Previd\u00eancia e Assist\u00eancia Social dos Funcion\u00e1rios Municipais de Indaiatuba (Seprev) e a C\u00e2mara Municipal de Indaiatuba.<\/p>\n\n\n\n<p>Para concorrer ao t\u00edtulo de Funcion\u00e1rio Padr\u00e3o \u00e9 necess\u00e1rio ser funcion\u00e1rio efetivo com pelo menos tr\u00eas anos de exerc\u00edcio. Ap\u00f3s uma elei\u00e7\u00e3o pr\u00e9via por meio de vota\u00e7\u00e3o dos funcion\u00e1rios de cada secretaria, os curr\u00edculos dos selecionados s\u00e3o analisados por uma comiss\u00e3o julgadora, que define o vencedor. As autarquias e funda\u00e7\u00f5es realizam seu pr\u00f3prio processo interno de elei\u00e7\u00e3o e sele\u00e7\u00e3o do vencedor.<\/p>\n\n\n\n<p>Este ano a Prefeitura homenagear\u00e1 Demervaldo Jos\u00e9 de Almeida, da Secretaria de Servi\u00e7os Urbanos e Meio Ambiente. Ele \u00e9 casado e tem uma filha. Veio para a Indaiatuba ainda crian\u00e7a e na juventude trabalhou com reciclagem, ajudante de mec\u00e2nico e vendedor de frios e latic\u00ednios. Depois de concluir o ensino m\u00e9dio com muito esfor\u00e7o, prestou o concurso p\u00fablico e foi aprovado, iniciando a carreira na Prefeitura de Indaiatuba em 1996, no cargo de operador de m\u00e1quinas. Est\u00e1 h\u00e1 29 anos na Secretaria de Servi\u00e7os Urbanos, e este ano passou a desempenhar a fun\u00e7\u00e3o de coordenador de servi\u00e7os, atuando na coordena\u00e7\u00e3o e apoio log\u00edstico das opera\u00e7\u00f5es mec\u00e2nicas da oficina de ve\u00edculos leves.<\/p>\n\n\n\n<p>O Funcion\u00e1rio Padr\u00e3o da C\u00e2mara Municipal de Indaiatuba de 2025 \u00e9 Jo\u00e3o Guilherme da Costa Franco da Silva D\u00b4Arcadia. Ele tem 38 anos, nasceu em Po\u00e7os de Caldas (MG) e mora em Indaiatuba desde 2020. \u00c9 jornalista, mestre em comunica\u00e7\u00e3o e doutor em m\u00eddia e tecnologia pela Universidade Estadual Paulista (Unesp). Foi rep\u00f3rter por 10 anos antes de ingressar na C\u00e2mara Municipal de Indaiatuba, onde atua como chefe do Departamento de Comunica\u00e7\u00e3o. Tamb\u00e9m \u00e9 professor nos cursos de Marketing e Administra\u00e7\u00e3o do Centro Universit\u00e1rio Max Planck. \u00c9 casado com a tamb\u00e9m jornalista Nat\u00e1lia e pai da Helo\u00edsa.<\/p>\n\n\n\n<p>O Saae escolheu Gilmara Rodrigues Stahl como Funcion\u00e1ria Padr\u00e3o 2025. Natural da cidade Paranacity, no estado do Paran\u00e1, ela chegou em Indaiatuba com 3 anos de idade. \u00c9 formada em Recursos Humanos e aos 51 anos \u00e9 m\u00e3e da Maria Rita e da Maria Eduarda, e av\u00f3 do pequeno Davi. Ela ingressou na autarquia no ano de 2005 e j\u00e1 passou por departamentos de Hidrometria e Fiscaliza\u00e7\u00e3o e Arrecada\u00e7\u00e3o, que contribu\u00edram muito para seu aprendizado. Desde 2021 atua no setor de Protocolo. Seu trabalho \u00e9 pautado pela responsabilidade e pelo cuidado com a popula\u00e7\u00e3o, uma caminhada em que ela classifica como de gratid\u00e3o, confian\u00e7a e parceria com seus colegas de trabalho.<\/p>\n\n\n\n<p>A homenageada da Fiec \u00e9 Jana\u00edna Madruga Morais Ferreira. Casada com Rodrigo Ferreira, \u00e9 m\u00e3e de Helena, de 5 anos. Nasceu em Mogi Gua\u00e7u-SP, e \u00e9 formada em nutri\u00e7\u00e3o h\u00e1 15 anos pela Unifal, em Alfenas-MG. Prosseguiu sua forma\u00e7\u00e3o acad\u00eamica na Unicamp, em Campinas, onde concluiu o mestrado e o doutorado na \u00e1rea de Alimentos e Nutri\u00e7\u00e3o. Em 2014, casou-se e se mudou para Indaiatuba, cidade onde seu marido j\u00e1 trabalhava.&nbsp; Ao longo de sua carreira profissional, atuou como nutricionista cl\u00ednica, docente em treinamentos de curta dura\u00e7\u00e3o e no ensino superior. Em 2016 foi aprovada no concurso da Fiec para o cargo de professora efetiva na \u00e1rea de Alimenta\u00e7\u00e3o e iniciou sua trajet\u00f3ria no ensino t\u00e9cnico. Em 2022 foi convidada a assumir a coordena\u00e7\u00e3o dos cursos de Nutri\u00e7\u00e3o e Gastronomia.<\/p>\n\n\n\n<p>O Seprev homenagear\u00e1 a servidora Thais Bertoli Santarelli Ferreira. Ela \u00e9 natural de Campinas, tem 39 anos, \u00e9 casada e tem uma filha. Possui forma\u00e7\u00e3o t\u00e9cnica em Gest\u00e3o Empresarial pela Fiec e \u00e9 bacharel em Administra\u00e7\u00e3o pelo Centro Universit\u00e1rio Nossa Senhora do Patroc\u00ednio. Antes de ingressar no Seprev, atuou por tr\u00eas anos como auxiliar de escrit\u00f3rio no grupo Agrosema. Em 2008 iniciou sua carreira na Prefeitura de Indaiatuba, na Secretaria de Educa\u00e7\u00e3o, exercendo o cargo de oficial de escola, onde permaneceu at\u00e9 2010. H\u00e1 14 anos trabalha no Seprev, atuando no departamento de Assist\u00eancia \u00e0 Sa\u00fade, no cargo de analista t\u00e9cnico administrativo. Reconhecida pela excelente comunica\u00e7\u00e3o e pelo relacionamento cordial com colegas e benefici\u00e1rios, Thais demonstra comprometimento exemplar, pontualidade e assiduidade, contribuindo de forma significativa para o bom funcionamento do departamento.<\/p>\n\n\n\n<p><strong>Inaugura\u00e7\u00e3o<\/strong><\/p>\n\n\n\n<p>No dia do anivers\u00e1rio da cidade tamb\u00e9m ter\u00e1 inaugura\u00e7\u00e3o. O prefeito Dr. Cust\u00f3dio Tavares far\u00e1 a entrega oficial da Creche \u201cProfa. Simone Andr\u00e9a Fortunato\u201d, no Jardim Residencial Veneza, \u00e0s 16h. A unidade segue o modelo Proinf\u00e2ncia tipo I e recebeu investimento de aproximadamente R$ 4 milh\u00f5es, com recursos provenientes do Minist\u00e9rio da Educa\u00e7\u00e3o, por meio do Fundo Nacional de Desenvolvimento da Educa\u00e7\u00e3o (FNDE), e contrapartida da Prefeitura de Indaiatuba.<\/p>\n\n\n\n<p>A nova creche foi constru\u00edda na rua Professora Zoleima Ant\u00f4nio de Almeida e ter\u00e1 capacidade de atendimento de at\u00e9 178 crian\u00e7as de 0 a 3 anos e 11 meses de idade, de toda a regi\u00e3o do Jardim Residencial Veneza. A administra\u00e7\u00e3o da unidade ser\u00e1 realizada por meio de parceria.<\/p>\n\n\n\n<p>O pr\u00e9dio oferece oito salas; seis sol\u00e1rios; um playground; um castelo de \u00e1gua, sanit\u00e1rios infantis; lact\u00e1rio, s frald\u00e1rios; sala multiuso; p\u00e1tio de lazer coberto; \u00e1reas de jardim e horta; estacionamento; cozinha e copa; sanit\u00e1rios e vesti\u00e1rios, e demais depend\u00eancias administrativas.<\/p>\n\n\n\n<p>O projeto conta com 1.317,99 m\u00b2 de \u00e1rea constru\u00edda e mais \u00e1rea coberta de 196,31m\u00b2, em um terreno de 8.068,20m\u00b2.<\/p>\n\n\n\n<p><strong>Missa<\/strong><\/p>\n\n\n\n<p>No dia 09 de dezembro tamb\u00e9m se comemora o anivers\u00e1rio de cria\u00e7\u00e3o da Par\u00f3quia Nossa Senhora da Candel\u00e1ria. Na data, a Matriz fechar\u00e1 a programa\u00e7\u00e3o comemorativa de Indaiatuba com a celebra\u00e7\u00e3o de uma missa \u00e0s 19h30, presidida pelo Vig\u00e1rio Geral da Arquidiocese de Campinas, Monsenhor Elisi\u00e1rio C\u00e9sar Cabral. Na ocasi\u00e3o ser\u00e3o conferidos os minist\u00e9rios aos agentes de pastoral da Par\u00f3quia.<\/p>\n","protected":false},"excerpt":{"rendered":"<p>Show com dupla Patati Patat\u00e1 abrir\u00e1 as comemora\u00e7\u00f5es, no Parque Ecol\u00f3gico do Jardim Paulistano As comemora\u00e7\u00f5es do anivers\u00e1rio de 195 anos de Indaiatuba j\u00e1 come\u00e7ar\u00e3o neste s\u00e1bado (06\/12) com o show gratuito da dupla Patati Patat\u00e1. A apresenta\u00e7\u00e3o ser\u00e1 a partir das 16h, no palco montado no Parque Ecol\u00f3gico do Jardim Paulistano. O anivers\u00e1rio ser\u00e1 [&hellip;]<\/p>\n","protected":false},"author":7,"featured_media":29915,"comment_status":"closed","ping_status":"open","sticky":false,"template":"","format":"standard","meta":{"rop_custom_images_group":[],"rop_custom_messages_group":[],"rop_publish_now":"initial","rop_publish_now_accounts":[],"rop_publish_now_history":[],"rop_publish_now_status":"pending","footnotes":""},"categories":[188],"tags":[],"class_list":["post-29914","post","type-post","status-publish","format-standard","has-post-thumbnail","hentry","category-indaiatuba"],"amp_enabled":true,"_links":{"self":[{"href":"https:\/\/imais.online\/portal\/wp-json\/wp\/v2\/posts\/29914","targetHints":{"allow":["GET"]}}],"collection":[{"href":"https:\/\/imais.online\/portal\/wp-json\/wp\/v2\/posts"}],"about":[{"href":"https:\/\/imais.online\/portal\/wp-json\/wp\/v2\/types\/post"}],"author":[{"embeddable":true,"href":"https:\/\/imais.online\/portal\/wp-json\/wp\/v2\/users\/7"}],"replies":[{"embeddable":true,"href":"https:\/\/imais.online\/portal\/wp-json\/wp\/v2\/comments?post=29914"}],"version-history":[{"count":1,"href":"https:\/\/imais.online\/portal\/wp-json\/wp\/v2\/posts\/29914\/revisions"}],"predecessor-version":[{"id":29916,"href":"https:\/\/imais.online\/portal\/wp-json\/wp\/v2\/posts\/29914\/revisions\/29916"}],"wp:featuredmedia":[{"embeddable":true,"href":"https:\/\/imais.online\/portal\/wp-json\/wp\/v2\/media\/29915"}],"wp:attachment":[{"href":"https:\/\/imais.online\/portal\/wp-json\/wp\/v2\/media?parent=29914"}],"wp:term":[{"taxonomy":"category","embeddable":true,"href":"https:\/\/imais.online\/portal\/wp-json\/wp\/v2\/categories?post=29914"},{"taxonomy":"post_tag","embeddable":true,"href":"https:\/\/imais.online\/portal\/wp-json\/wp\/v2\/tags?post=29914"}],"curies":[{"name":"wp","href":"https:\/\/api.w.org\/{rel}","templated":true}]}}