{"id":29930,"date":"2025-12-07T19:45:39","date_gmt":"2025-12-07T22:45:39","guid":{"rendered":"https:\/\/imais.online\/portal\/?p=29930"},"modified":"2025-12-08T11:25:49","modified_gmt":"2025-12-08T14:25:49","slug":"acao-integrada-entre-guardas-civis-de-indaiatuba-e-vinhedo-resulta-na-prisao-de-trio-por-furto-de-medicamentos","status":"publish","type":"post","link":"https:\/\/imais.online\/portal\/acao-integrada-entre-guardas-civis-de-indaiatuba-e-vinhedo-resulta-na-prisao-de-trio-por-furto-de-medicamentos\/","title":{"rendered":"A\u00e7\u00e3o integrada entre Guardas Civis de Indaiatuba e Vinhedo resulta na pris\u00e3o de trio por furto de medicamentos"},"content":{"rendered":"<div class=\"imais-before-content-placement\" id=\"imais-2366919260\"><script async src=\"\/\/pagead2.googlesyndication.com\/pagead\/js\/adsbygoogle.js?client=ca-pub-8787528412751566\" crossorigin=\"anonymous\"><\/script><ins class=\"adsbygoogle\" style=\"display:block;\" data-ad-client=\"ca-pub-8787528412751566\" \ndata-ad-slot=\"\" \ndata-ad-format=\"auto\"><\/ins>\n<script> \n(adsbygoogle = window.adsbygoogle || []).push({}); \n<\/script>\n<\/div>\n<p>Uma a\u00e7\u00e3o conjunta entre a Guarda Civil de Indaiatuba e a Guarda Civil de Vinhedo, por meio da CRIM (Central Regional de Intelig\u00eancia e Monitoramento) resultou na pris\u00e3o de tr\u00eas pessoas envolvidas em furtos de farm\u00e1cias.<\/p>\n\n\n\n<p>O COI (Centro de Opera\u00e7\u00f5es e Intelig\u00eancia) da Guarda Civil de Indaiatuba recebeu informa\u00e7\u00f5es sobre um furto ocorrido em uma farm\u00e1cia da cidade. Imediatamente, os agentes iniciaram um trabalho de intelig\u00eancia com as c\u00e2meras do monitoramento e identificaram os suspeitos e o ve\u00edculo utilizado. No entanto, o trio j\u00e1 havia deixado a cidade.<\/p>\n\n\n\n<p>A placa do ve\u00edculo foi ent\u00e3o inserida na CRIM, e o COI de Vinhedo identificou o carro transitando na cidade. Imediatamente as viaturas no patrulhamento foram informadas e os guardas localizaram o carro ao lado de uma farmacia. Um homem e duas mulheres foram abordados, flagrados cometendo mais um crime. Dentro do ve\u00edculo, foram encontrados mais de R$ 7 mil em medicamentos furtados.<\/p>\n\n\n\n<p>A ocorr\u00eancia foi apresentada na Delegacia de Pol\u00edcia de Vinhedo, onde os tr\u00eas indiv\u00edduos permaneceram presos em flagrante, e todos os itens recuperados foram devolvidos \u00e0s v\u00edtimas.<\/p>\n","protected":false},"excerpt":{"rendered":"<p>Uma a\u00e7\u00e3o conjunta entre a Guarda Civil de Indaiatuba e a Guarda Civil de Vinhedo, por meio da CRIM (Central Regional de Intelig\u00eancia e Monitoramento) resultou na pris\u00e3o de tr\u00eas pessoas envolvidas em furtos de farm\u00e1cias. O COI (Centro de Opera\u00e7\u00f5es e Intelig\u00eancia) da Guarda Civil de Indaiatuba recebeu informa\u00e7\u00f5es sobre um furto ocorrido em [&hellip;]<\/p>\n","protected":false},"author":7,"featured_media":29931,"comment_status":"closed","ping_status":"open","sticky":false,"template":"","format":"standard","meta":{"rop_custom_images_group":[],"rop_custom_messages_group":[],"rop_publish_now":"initial","rop_publish_now_accounts":[],"rop_publish_now_history":[],"rop_publish_now_status":"pending","footnotes":""},"categories":[188],"tags":[],"class_list":["post-29930","post","type-post","status-publish","format-standard","has-post-thumbnail","hentry","category-indaiatuba"],"amp_enabled":true,"_links":{"self":[{"href":"https:\/\/imais.online\/portal\/wp-json\/wp\/v2\/posts\/29930","targetHints":{"allow":["GET"]}}],"collection":[{"href":"https:\/\/imais.online\/portal\/wp-json\/wp\/v2\/posts"}],"about":[{"href":"https:\/\/imais.online\/portal\/wp-json\/wp\/v2\/types\/post"}],"author":[{"embeddable":true,"href":"https:\/\/imais.online\/portal\/wp-json\/wp\/v2\/users\/7"}],"replies":[{"embeddable":true,"href":"https:\/\/imais.online\/portal\/wp-json\/wp\/v2\/comments?post=29930"}],"version-history":[{"count":1,"href":"https:\/\/imais.online\/portal\/wp-json\/wp\/v2\/posts\/29930\/revisions"}],"predecessor-version":[{"id":29932,"href":"https:\/\/imais.online\/portal\/wp-json\/wp\/v2\/posts\/29930\/revisions\/29932"}],"wp:featuredmedia":[{"embeddable":true,"href":"https:\/\/imais.online\/portal\/wp-json\/wp\/v2\/media\/29931"}],"wp:attachment":[{"href":"https:\/\/imais.online\/portal\/wp-json\/wp\/v2\/media?parent=29930"}],"wp:term":[{"taxonomy":"category","embeddable":true,"href":"https:\/\/imais.online\/portal\/wp-json\/wp\/v2\/categories?post=29930"},{"taxonomy":"post_tag","embeddable":true,"href":"https:\/\/imais.online\/portal\/wp-json\/wp\/v2\/tags?post=29930"}],"curies":[{"name":"wp","href":"https:\/\/api.w.org\/{rel}","templated":true}]}}