{"id":29970,"date":"2025-12-09T20:06:19","date_gmt":"2025-12-09T23:06:19","guid":{"rendered":"https:\/\/imais.online\/portal\/?p=29970"},"modified":"2025-12-09T20:15:22","modified_gmt":"2025-12-09T23:15:22","slug":"especial-195-anos-o-primeiro-ano-de-dr-custodio-tavares-e-os-desafios-da-continuidade","status":"publish","type":"post","link":"https:\/\/imais.online\/portal\/especial-195-anos-o-primeiro-ano-de-dr-custodio-tavares-e-os-desafios-da-continuidade\/","title":{"rendered":"Especial 195 anos: o primeiro ano de Dr. Cust\u00f3dio Tavares e os desafios da continuidade"},"content":{"rendered":"<div class=\"imais-before-content-placement\" id=\"imais-1718194728\"><script async src=\"\/\/pagead2.googlesyndication.com\/pagead\/js\/adsbygoogle.js?client=ca-pub-8787528412751566\" crossorigin=\"anonymous\"><\/script><ins class=\"adsbygoogle\" style=\"display:block;\" data-ad-client=\"ca-pub-8787528412751566\" \ndata-ad-slot=\"\" \ndata-ad-format=\"auto\"><\/ins>\n<script> \n(adsbygoogle = window.adsbygoogle || []).push({}); \n<\/script>\n<\/div>\n<p><\/p>\n\n\n\n<p class=\"has-text-align-center\">Prefeito <strong>Dr. Cust\u00f3dio Tavares<\/strong> apresenta balan\u00e7o de a\u00e7\u00f5es e investimentos que impactam \u00e1reas como sa\u00fade, educa\u00e7\u00e3o, mobilidade, seguran\u00e7a, economia e lazer em Indaiatuba<\/p>\n\n\n\n<p>O primeiro ano de mandato do Prefeito Dr. Cust\u00f3dio Tavares Dias Neto em Indaiatuba encerra-se como um marco de continuidade administrativa e de intensifica\u00e7\u00e3o de projetos em diversas frentes. Assumindo a gest\u00e3o com a chancela de um grupo pol\u00edtico consolidado, o Dr. Cust\u00f3dio tem focado seus esfor\u00e7os em manter o ritmo de desenvolvimento que posiciona Indaiatuba entre as cidades com os melhores indicadores de qualidade de vida do pa\u00eds.<\/p>\n\n\n\n<p>A an\u00e1lise do balan\u00e7o deste primeiro ciclo de governo, que se estende dos 100 dias ao final do primeiro semestre, revela um foco pragm\u00e1tico na infraestrutura urbana e na qualidade dos servi\u00e7os p\u00fablicos. Longe de grandes rupturas, a t\u00f4nica da gest\u00e3o tem sido a execu\u00e7\u00e3o e a amplia\u00e7\u00e3o de a\u00e7\u00f5es que j\u00e1 estavam em curso, aliadas a novas iniciativas pontuais que buscam responder \u00e0s demandas de uma cidade em constante expans\u00e3o.<\/p>\n\n\n\n<p><strong>O Balan\u00e7o da Gest\u00e3o: Foco em Resultados Tang\u00edveis<\/strong><\/p>\n\n\n\n<p>Os dados divulgados pela pr\u00f3pria administra\u00e7\u00e3o municipal destacam um volume consider\u00e1vel de entregas, especialmente na \u00e1rea de Mobilidade Urbana. O recapeamento de mais de 10 mil metros de vias, incluindo trechos importantes da Avenida Engenheiro F\u00e1bio Roberto Barnab\u00e9, e a pavimenta\u00e7\u00e3o de novas ruas no Recreio Campestre Internacional Viracopos, demonstram um investimento cont\u00ednuo na malha vi\u00e1ria. A abertura da al\u00e7a de retorno no Jardim Morada do Sol e as reformula\u00e7\u00f5es de tr\u00e2nsito, como a duplica\u00e7\u00e3o da faixa de rolamento no acesso ao Distrito Industrial, s\u00e3o exemplos de interven\u00e7\u00f5es que visam aprimorar a fluidez do tr\u00e1fego, um desafio crescente em Indaiatuba.<\/p>\n\n\n\n<p>Na Sa\u00fade, a gest\u00e3o marcou seus primeiros meses com a inaugura\u00e7\u00e3o da nova maternidade do SUS e o relan\u00e7amento da telemedicina, sinalizando um esfor\u00e7o para modernizar e ampliar o acesso aos servi\u00e7os. A amplia\u00e7\u00e3o do atendimento a crian\u00e7as com Transtorno do Espectro Autista (TEA) e o refor\u00e7o no combate \u00e0 dengue tamb\u00e9m foram a\u00e7\u00f5es priorit\u00e1rias.<\/p>\n\n\n\n<p>A Educa\u00e7\u00e3o e a Seguran\u00e7a tamb\u00e9m receberam aten\u00e7\u00e3o. A capacita\u00e7\u00e3o de 700 professores e a instala\u00e7\u00e3o de climatizadores em creches e quadras visam o aprimoramento do ambiente de ensino. Al\u00e9m disso, a gest\u00e3o demonstrou um compromisso com a transpar\u00eancia ao realizar uma auditoria rigorosa no Programa Passe Bolsa, resultando na exclus\u00e3o de 76 benefici\u00e1rios que n\u00e3o atendiam aos crit\u00e9rios, e prometendo novas regras para o futuro. J\u00e1 na seguran\u00e7a, a aquisi\u00e7\u00e3o de novas viaturas para o programa &#8220;Caminho das Rosas&#8221; e o lan\u00e7amento do programa &#8220;Contra o Bullying&#8221; nas escolas indicam uma abordagem que busca conciliar a repress\u00e3o com a preven\u00e7\u00e3o e a prote\u00e7\u00e3o social.<\/p>\n\n\n\n<p>O compromisso com o bem-estar e o lazer foi refor\u00e7ado com a revitaliza\u00e7\u00e3o de \u00e1reas p\u00fablicas e a inaugura\u00e7\u00e3o de um novo Parque Pet no Parque Ecol\u00f3gico, valorizando os espa\u00e7os de conviv\u00eancia da comunidade.<\/p>\n\n\n\n<figure class=\"wp-block-table\"><table class=\"has-fixed-layout\"><tbody><tr><td><strong>\u00c1rea de Destaque<\/strong><\/td><td><strong>Principais Realiza\u00e7\u00f5es no Primeiro Ano<\/strong><\/td><\/tr><tr><td><strong>Mobilidade Urbana<\/strong><\/td><td><em>Recapeamento de mais de 10 mil metros de vias, abertura da al\u00e7a de retorno no Jd. Morada do Sol, reformula\u00e7\u00e3o de tr\u00e2nsito no Distrito Industrial.<\/em><\/td><\/tr><tr><td><strong>Sa\u00fade<\/strong><\/td><td><em>Inaugura\u00e7\u00e3o da nova maternidade do SUS, relan\u00e7amento da telemedicina, amplia\u00e7\u00e3o do atendimento a crian\u00e7as com TEA.<\/em><\/td><\/tr><tr><td><strong>Educa\u00e7\u00e3o\/Transpar\u00eancia<\/strong><\/td><td><em>Capacita\u00e7\u00e3o de 700 professores, climatiza\u00e7\u00e3o de creches e quadras, auditoria no Programa Passe Bolsa com exclus\u00e3o de 76 benefici\u00e1rios.<\/em><\/td><\/tr><tr><td><strong>Seguran\u00e7a<\/strong><\/td><td><em>Novas viaturas para o &#8220;Caminho das Rosas&#8221;, lan\u00e7amento do programa &#8220;Contra o Bullying&#8221;.<\/em><\/td><\/tr><tr><td><strong>Urbanismo\/Lazer<\/strong><\/td><td><em>Revitaliza\u00e7\u00e3o de \u00e1reas p\u00fablicas, inaugura\u00e7\u00e3o de Parque Pet no Parque Ecol\u00f3gico.<\/em><\/td><\/tr><\/tbody><\/table><\/figure>\n\n\n\n<p><\/p>\n\n\n\n<p><strong>O Olhar para o Futuro<\/strong><\/p>\n\n\n\n<p>A manuten\u00e7\u00e3o de Indaiatuba em posi\u00e7\u00f5es de destaque em \u00edndices como o Firjan (5\u00ba lugar entre os munic\u00edpios paulistas e 10\u00ba no ranking nacional) e o IEG-M do TCESP refor\u00e7a a percep\u00e7\u00e3o de uma gest\u00e3o eficiente e respons\u00e1vel. Contudo, o crescimento acelerado da cidade imp\u00f5e desafios constantes, e \u00e9 nesse contexto que a vis\u00e3o do Prefeito para os pr\u00f3ximos anos se torna crucial.<\/p>\n\n\n\n<p>Para aprofundar a compreens\u00e3o sobre os rumos da administra\u00e7\u00e3o conversamos com o prefeito Dr. Cust\u00f3dio Tavares para o futuro de Indaiatuba, acompanhe:<\/p>\n\n\n\n<h2 class=\"wp-block-heading\"><strong>Vis\u00e3o de Futuro e Continuidade<\/strong><\/h2>\n\n\n\n<p><strong>Qual \u00e9 o principal diferencial ou a &#8220;marca&#8221; que o Dr. Cust\u00f3dio Tavares busca imprimir nesta gest\u00e3o, mantendo o ritmo de desenvolvimento da cidade?<\/strong><\/p>\n\n\n\n<p>O prefeito <strong>Dr. Cust\u00f3dio Tavares<\/strong> destacou que sua gest\u00e3o mant\u00e9m o compromisso com a continuidade do desenvolvimento de Indaiatuba, com foco especial na <strong>inova\u00e7\u00e3o na sa\u00fade p\u00fablica<\/strong>, humaniza\u00e7\u00e3o do atendimento e amplia\u00e7\u00e3o da estrutura hospitalar.<\/p>\n\n\n\n<p>Um dos principais marcos \u00e9 o <strong>programa pioneiro de rastreamento do c\u00e2ncer de colo do \u00fatero por meio do teste DNA-HPV<\/strong>, implantado em 2017 em parceria com a Unicamp, que colocou Indaiatuba em <strong>1\u00ba lugar no Pr\u00eamio Marcos Moraes 2025<\/strong>, reconhecimento nacional que influenciou a ado\u00e7\u00e3o do m\u00e9todo pelo Minist\u00e9rio da Sa\u00fade em toda a rede p\u00fablica.<\/p>\n\n\n\n<p>Entre os avan\u00e7os recentes na sa\u00fade, o prefeito destaca:<\/p>\n\n\n\n<ul class=\"wp-block-list\">\n<li>Mais de <strong>7.500 mamografias realizadas<\/strong> em 2024;<\/li>\n\n\n\n<li><strong>Nova Maternidade do SUS<\/strong>, com 17 leitos e estrutura ampliada;<\/li>\n\n\n\n<li><strong>Inaugura\u00e7\u00e3o do PAPI<\/strong>, pronto atendimento pedi\u00e1trico nos padr\u00f5es da OMS;<\/li>\n\n\n\n<li><strong>Amplia\u00e7\u00e3o do Espa\u00e7o Avan\u00e7ar<\/strong>, voltado ao atendimento de crian\u00e7as e adolescentes com TEA;<\/li>\n\n\n\n<li><strong>Reforma e expans\u00e3o do Hospital Dia<\/strong>, com novo pavimento e 26 leitos;<\/li>\n\n\n\n<li><strong>Constru\u00e7\u00e3o do novo Hospital Municipal do Parque dos P\u00e1ssaros<\/strong>, com 58 leitos;<\/li>\n\n\n\n<li><strong>Amplia\u00e7\u00e3o do Pronto Atendimento Adulto aos fins de semana<\/strong> e retorno da <strong>Telemedicina<\/strong>, com atendimento di\u00e1rio.<\/li>\n<\/ul>\n\n\n\n<p>Segundo o prefeito, o conjunto dessas a\u00e7\u00f5es refor\u00e7a a marca de uma gest\u00e3o que aposta em <strong>sa\u00fade preventiva, tecnologia, acessibilidade e qualidade no atendimento \u00e0 popula\u00e7\u00e3o<\/strong>.<\/p>\n\n\n\n<p><\/p>\n\n\n\n<h2 class=\"wp-block-heading\"><strong>Mobilidade Urbana e Qualidade de Vida<\/strong><\/h2>\n\n\n\n<p><strong>A \u00e1rea de mobilidade urbana recebeu investimentos significativos, como o recapeamento de mais de 10 mil metros de vias e a nova al\u00e7a de retorno no Jardim Morada do Sol. Como essas obras se integram a uma vis\u00e3o maior de fluidez e qualidade de vida para o cidad\u00e3o, especialmente em uma cidade que cresce de forma acelerada?<\/strong><\/p>\n\n\n\n<p><strong>Dr. Cust\u00f3dio Tavares<\/strong> destaca que os investimentos em mobilidade fazem parte de um <strong>planejamento estrat\u00e9gico voltado \u00e0 fluidez do tr\u00e2nsito, seguran\u00e7a vi\u00e1ria e qualidade de vida<\/strong>, acompanhando o crescimento acelerado da cidade.<\/p>\n\n\n\n<p>Entre as principais a\u00e7\u00f5es est\u00e3o a <strong>conclus\u00e3o da al\u00e7a de retorno do Jardim Morada do Sol<\/strong>, a <strong>abertura da nova via que liga o Jardim Pau Preto \u00e0 Avenida Engenheiro F\u00e1bio Roberto Barnab\u00e9<\/strong>, al\u00e9m da <strong>reformula\u00e7\u00e3o de acessos ao Distrito Industrial<\/strong>, com duplica\u00e7\u00e3o de faixas e novos sem\u00e1foros, garantindo mais fluidez nos pontos cr\u00edticos.<\/p>\n\n\n\n<p>O munic\u00edpio tamb\u00e9m avan\u00e7a na <strong>pavimenta\u00e7\u00e3o de vias importantes<\/strong>, como:<\/p>\n\n\n\n<ul class=\"wp-block-list\">\n<li>2,3 km de asfalto nas ruas Maritaca, Bico de Lacre e Guarita, na zona norte;<\/li>\n\n\n\n<li>1,1 km da Rodovia Lix da Cunha, atendendo antiga demanda dos moradores do Jardim Brasil.<\/li>\n<\/ul>\n\n\n\n<p>Pelo <strong>Plano Municipal de Recapeamento<\/strong>, j\u00e1 foram mais de <strong>17 km de vias recuperadas<\/strong>, com obras recentes na Estrada do Sapezal e Avenida Windsor Park, beneficiando a regi\u00e3o das Ch\u00e1caras Alvorada. Outro destaque \u00e9 a <strong>constru\u00e7\u00e3o da nova Ponte do Mirim<\/strong>, resolvendo um problema hist\u00f3rico de interdi\u00e7\u00e3o em per\u00edodos de chuva.<\/p>\n\n\n\n<p>A cidade tamb\u00e9m recebeu <strong>cinco novos sem\u00e1foros<\/strong>, melhorias na <strong>Avenida Vargas<\/strong> e est\u00e1 em fase final a <strong>reformula\u00e7\u00e3o da Avenida F\u00e1bio Ferraz Bicudo<\/strong>, com ciclovia e bols\u00f5es de estacionamento, com entrega prevista ainda este ano.<\/p>\n\n\n\n<p>Segundo o prefeito, todas essas obras integram uma vis\u00e3o de cidade mais <strong>organizada, acess\u00edvel e preparada para o futuro<\/strong>, onde mobilidade e qualidade de vida caminham juntas.<\/p>\n\n\n\n<p><\/p>\n\n\n\n<h2 class=\"wp-block-heading\"><strong>Sa\u00fade e Inova\u00e7\u00e3o<\/strong><\/h2>\n\n\n\n<p><strong>A inaugura\u00e7\u00e3o da nova maternidade do SUS e o relan\u00e7amento da telemedicina foram destaques nos primeiros meses. De que forma a tecnologia e a inova\u00e7\u00e3o est\u00e3o sendo incorporadas para otimizar o atendimento e aprimorar a sa\u00fade p\u00fablica municipal, que \u00e9 uma prioridade para a popula\u00e7\u00e3o?<\/strong><\/p>\n\n\n\n<p>O prefeito <strong>Dr. Cust\u00f3dio Tavares<\/strong> refor\u00e7a que a tecnologia e a inova\u00e7\u00e3o est\u00e3o sendo incorporadas de forma transversal, tanto na sa\u00fade quanto na educa\u00e7\u00e3o, como pilares para garantir <strong>atendimento mais eficiente, acesso ampliado e qualidade nos servi\u00e7os p\u00fablicos<\/strong>.<\/p>\n\n\n\n<p>Na sa\u00fade, os destaques ficam para a <strong>nova Maternidade do SUS<\/strong>, com estrutura moderna, e o <strong>retorno da Telemedicina<\/strong>, que leva atendimento m\u00e9dico di\u00e1rio \u00e0 popula\u00e7\u00e3o, reduz filas e otimiza o uso da rede p\u00fablica.<\/p>\n\n\n\n<p>Paralelamente, o munic\u00edpio avan\u00e7a em uma <strong>ampla expans\u00e3o da rede educacional<\/strong>, com foco em estrutura moderna e capacita\u00e7\u00e3o profissional. Entre os principais investimentos est\u00e3o:<\/p>\n\n\n\n<ul class=\"wp-block-list\">\n<li>A <strong>nova creche do Jardim Residencial Veneza<\/strong>, com capacidade para at\u00e9 178 crian\u00e7as;<\/li>\n\n\n\n<li>A reforma da antiga <strong>Fiec II<\/strong>, que dar\u00e1 lugar a uma nova unidade escolar a partir do pr\u00f3ximo ano letivo;<\/li>\n\n\n\n<li>A entrada gradual em funcionamento da <strong>creche do Residencial C\u00e9u Azul<\/strong>, al\u00e9m da constru\u00e7\u00e3o de uma nova Emeb no bairro Mato Dentro;<\/li>\n\n\n\n<li>A <strong>nova escola de Ensino Fundamental no Residencial Veredas da Conquista<\/strong>.<\/li>\n<\/ul>\n\n\n\n<p>Outro avan\u00e7o importante foi a cria\u00e7\u00e3o do <strong>Centro de Aperfei\u00e7oamento Profissional<\/strong>, em parceria com a <strong>Funda\u00e7\u00e3o Indaiatubana de Educa\u00e7\u00e3o e Cultura<\/strong>, que vai capacitar cerca de <strong>700 professores da Rede Municipal<\/strong>, fortalecendo a qualidade do ensino.<\/p>\n\n\n\n<p>Segundo o prefeito, essas a\u00e7\u00f5es mostram que inova\u00e7\u00e3o, sa\u00fade e educa\u00e7\u00e3o caminham juntas em uma gest\u00e3o que aposta em <strong>infraestrutura moderna, forma\u00e7\u00e3o cont\u00ednua e uso inteligente da tecnologia para melhorar a vida da popula\u00e7\u00e3o<\/strong>.<\/p>\n\n\n\n<p><\/p>\n\n\n\n<h2 class=\"wp-block-heading\"><strong>Educa\u00e7\u00e3o e Capacita\u00e7\u00e3o<\/strong><\/h2>\n\n\n\n<p><strong>A capacita\u00e7\u00e3o de 700 professores e a climatiza\u00e7\u00e3o de creches e quadras demonstram um foco na infraestrutura e no capital humano da Educa\u00e7\u00e3o. Qual \u00e9 o grande objetivo da sua gest\u00e3o para a Educa\u00e7\u00e3o de Indaiatuba a m\u00e9dio e longo prazo, e como o senhor avalia o impacto dessas melhorias no dia a dia dos alunos?<\/strong><\/p>\n\n\n\n<blockquote class=\"wp-block-quote is-layout-flow wp-block-quote-is-layout-flow\">\n<p>O prefeito <strong>Dr. Cust\u00f3dio Tavares<\/strong> afirma que o grande objetivo da gest\u00e3o para a Educa\u00e7\u00e3o de Indaiatuba, a m\u00e9dio e longo prazo, \u00e9 <strong>formar cidad\u00e3os completos<\/strong>, unindo <strong>estrutura de qualidade, valoriza\u00e7\u00e3o dos profissionais e pol\u00edticas p\u00fablicas integradas ao desenvolvimento social<\/strong>.<\/p>\n<\/blockquote>\n\n\n\n<p>A capacita\u00e7\u00e3o de cerca de <strong>700 professores da Rede Municipal<\/strong>, somada \u00e0 <strong>climatiza\u00e7\u00e3o de creches e quadras escolares<\/strong>, refor\u00e7a esse compromisso com um ambiente mais adequado ao aprendizado. Segundo o prefeito, os reflexos dessas melhorias j\u00e1 s\u00e3o percebidos no dia a dia dos alunos, com mais conforto, rendimento e perman\u00eancia nas escolas.<\/p>\n\n\n\n<p>Al\u00e9m da educa\u00e7\u00e3o formal, a gest\u00e3o tamb\u00e9m avan\u00e7a fortemente na <strong>estrutura de atendimento social e capacita\u00e7\u00e3o profissional<\/strong>. Entre os destaques est\u00e3o:<\/p>\n\n\n\n<ul class=\"wp-block-list\">\n<li>A <strong>nova Creche do Idoso<\/strong>, ao lado da unidade j\u00e1 existente, com amplia\u00e7\u00e3o dos espa\u00e7os em parceria com o <strong>Cecal<\/strong>;<\/li>\n\n\n\n<li>A <strong>amplia\u00e7\u00e3o do Creas<\/strong>, com novos ambientes de conviv\u00eancia, refeit\u00f3rio e vesti\u00e1rios;<\/li>\n\n\n\n<li>A <strong>reforma do Cras 3<\/strong>, no Jardim Morada do Sol, e a <strong>constru\u00e7\u00e3o de um novo Cras no Veredas da Conquista<\/strong>;<\/li>\n\n\n\n<li>A implanta\u00e7\u00e3o de <strong>cursos r\u00e1pidos de capacita\u00e7\u00e3o profissional pelo Funssol<\/strong>, al\u00e9m da ades\u00e3o ao <strong>Programa Caminho da Capacita\u00e7\u00e3o<\/strong>, do Governo do Estado, levando qualifica\u00e7\u00e3o gratuita a pessoas em situa\u00e7\u00e3o de vulnerabilidade.<\/li>\n<\/ul>\n\n\n\n<p>Como complemento a essa pol\u00edtica social, o prefeito tamb\u00e9m destaca a \u00e1rea da habita\u00e7\u00e3o, com a assinatura de conv\u00eanio para a constru\u00e7\u00e3o de <strong>at\u00e9 600 moradias populares por meio do Casa Paulista<\/strong>, com apoio do deputado estadual Rog\u00e9rio Nogueira.<\/p>\n\n\n\n<p>Segundo ele, todas essas a\u00e7\u00f5es formam um conjunto de pol\u00edticas p\u00fablicas que impactam diretamente a vida dos estudantes e de suas fam\u00edlias, fortalecendo a cidade n\u00e3o apenas na infraestrutura, mas principalmente nas <strong>pessoas<\/strong>.<\/p>\n\n\n\n<p><\/p>\n\n\n\n<h2 class=\"wp-block-heading\"><strong>Desenvolvimento Econ\u00f4mico e Emprego<\/strong><\/h2>\n\n\n\n<p><strong>Indaiatuba se destaca no cen\u00e1rio nacional em \u00edndices como o Firjan, que avalia Emprego e Renda. Quais s\u00e3o as estrat\u00e9gias da Prefeitura para manter esse ritmo de crescimento econ\u00f4mico e atra\u00e7\u00e3o de investimentos, garantindo que o desenvolvimento se traduza em oportunidades para todos os indaiatubanos?<\/strong><\/p>\n\n\n\n<p>\u00c0 frente de uma das economias mais din\u00e2micas do interior paulista, o prefeito <strong>Dr. Cust\u00f3dio Tavares<\/strong> afirma que os resultados positivos de Indaiatuba no cen\u00e1rio nacional s\u00e3o reflexo de uma gest\u00e3o focada em <strong>planejamento, incentivo ao empreendedorismo, fortalecimento do setor produtivo e pol\u00edticas p\u00fablicas voltadas \u00e0 gera\u00e7\u00e3o de emprego e renda<\/strong>.<\/p>\n\n\n\n<p>Somente em 2025, o munic\u00edpio recebeu <strong>61 novas ind\u00fastrias<\/strong>, al\u00e9m da abertura de <strong>411 novos com\u00e9rcios e 382 prestadores de servi\u00e7os<\/strong>, totalizando atualmente <strong>1.210 ind\u00fastrias, 4.700 com\u00e9rcios e 3.890 empresas de servi\u00e7os<\/strong> em atividade.<\/p>\n\n\n\n<blockquote class=\"wp-block-quote is-layout-flow wp-block-quote-is-layout-flow\">\n<p>De janeiro a outubro, a cidade registrou <strong>saldo positivo de 1.769 novos empregos<\/strong>, segundo dados do <strong>Caged<\/strong>, com destaque para a constru\u00e7\u00e3o civil, com\u00e9rcio, ind\u00fastria e servi\u00e7os, mostrando um crescimento equilibrado entre os setores.<\/p>\n<\/blockquote>\n\n\n\n<p>Como a\u00e7\u00e3o direta de est\u00edmulo ao emprego, a Prefeitura implantou o <strong>Feir\u00e3o do Emprego<\/strong>, com tr\u00eas edi\u00e7\u00f5es ao longo do ano, totalizando mais de <strong>1.800 vagas ofertadas<\/strong> \u00e0 popula\u00e7\u00e3o.<\/p>\n\n\n\n<p>No fortalecimento do setor industrial, a <strong>11\u00aa Feira das Ind\u00fastrias<\/strong>, realizada em parceria com o <strong>Ciesp<\/strong>, movimentou <strong>R$ 7,5 milh\u00f5es em neg\u00f3cios<\/strong>. J\u00e1 a in\u00e9dita <strong>Feira da Constru\u00e7\u00e3o Civil \u2013 ConstruInd<\/strong> reuniu 78 expositores e projetou <strong>R$ 27 milh\u00f5es em neg\u00f3cios<\/strong>, com <strong>R$ 2 milh\u00f5es fechados durante o evento<\/strong>.<\/p>\n\n\n\n<p>Segundo o prefeito, esse conjunto de a\u00e7\u00f5es garante que o crescimento econ\u00f4mico de Indaiatuba se traduza diretamente em <strong>empregos, renda e mais oportunidades para toda a popula\u00e7\u00e3o<\/strong>, mantendo a cidade entre as mais bem avaliadas do pa\u00eds em desenvolvimento e qualidade de vida.<\/p>\n\n\n\n<p><\/p>\n\n\n\n<h2 class=\"wp-block-heading\"><strong>Seguran\u00e7a e Programas Sociais<\/strong><\/h2>\n\n\n\n<p><strong>O programa &#8220;Caminho das Rosas&#8221; e o &#8220;Contra o Bullying&#8221; nas escolas mostram uma abordagem que une seguran\u00e7a e preven\u00e7\u00e3o social. Como o munic\u00edpio equilibra o investimento em seguran\u00e7a p\u00fablica tradicional com a promo\u00e7\u00e3o de programas sociais que visam a forma\u00e7\u00e3o cidad\u00e3 e a redu\u00e7\u00e3o da viol\u00eancia a longo prazo?<\/strong><\/p>\n\n\n\n<p>O prefeito <strong>Dr. Cust\u00f3dio Tavares<\/strong> afirma que a pol\u00edtica de seguran\u00e7a de Indaiatuba se baseia no <strong>equil\u00edbrio entre a\u00e7\u00f5es firmes de repress\u00e3o ao crime e investimentos em preven\u00e7\u00e3o social<\/strong>, criando um modelo de prote\u00e7\u00e3o que atua no presente e constr\u00f3i resultados para o futuro.<\/p>\n\n\n\n<p>Os dados mais recentes da <strong>Secretaria de Seguran\u00e7a P\u00fablica do Estado<\/strong> mostram esse avan\u00e7o: o munic\u00edpio registrou <strong>queda de 50% nos homic\u00eddios, 25% nos roubos e 14% nos furtos<\/strong>, na compara\u00e7\u00e3o entre setembro deste ano e o mesmo per\u00edodo de 2024. J\u00e1 a <strong>Guarda Civil de Indaiatuba<\/strong> teve papel decisivo nesses resultados, com <strong>mais de 600 pris\u00f5es em flagrante em 2025<\/strong>, aumento de 44% em rela\u00e7\u00e3o ao ano anterior, al\u00e9m de mais de <strong>17 mil atendimentos<\/strong>.<\/p>\n\n\n\n<blockquote class=\"wp-block-quote is-layout-flow wp-block-quote-is-layout-flow\">\n<p>A cidade tamb\u00e9m passou a operar com <strong>c\u00e2meras de reconhecimento facial<\/strong>, fortalecendo o monitoramento em tempo real e ampliando a efici\u00eancia nas capturas de procurados pela Justi\u00e7a, colocando Indaiatuba oficialmente no mapa estadual dessa tecnologia.<\/p>\n<\/blockquote>\n\n\n\n<p>Na \u00e1rea de prote\u00e7\u00e3o social, a Prefeitura entregou <strong>duas novas viaturas ao programa Caminho das Rosas<\/strong>, voltado \u00e0 preven\u00e7\u00e3o e combate \u00e0 viol\u00eancia contra a mulher, al\u00e9m de intensificar a\u00e7\u00f5es de conscientiza\u00e7\u00e3o. J\u00e1 nas escolas, foi implantado o <strong>Programa Contra o Bullying<\/strong>, em parceria com o Conselho Tutelar e a rede estadual de ensino, promovendo um ambiente mais seguro e humanizado para crian\u00e7as e adolescentes.<\/p>\n\n\n\n<p>O refor\u00e7o da seguran\u00e7a tamb\u00e9m inclui a <strong>moderniza\u00e7\u00e3o da ilumina\u00e7\u00e3o p\u00fablica<\/strong>, com a substitui\u00e7\u00e3o de <strong>3.150 l\u00e2mpadas por LED<\/strong> em diversos bairros, aumentando a visibilidade nas vias e contribuindo diretamente para a preven\u00e7\u00e3o de crimes.<\/p>\n\n\n\n<p>Segundo o prefeito, esse conjunto de a\u00e7\u00f5es mostra que a seguran\u00e7a p\u00fablica em Indaiatuba vai al\u00e9m do policiamento, unindo <strong>tecnologia, prote\u00e7\u00e3o social, educa\u00e7\u00e3o e infraestrutura urbana<\/strong> para fortalecer a cidadania e reduzir a viol\u00eancia de forma duradoura.<\/p>\n\n\n\n<p><\/p>\n\n\n\n<h2 class=\"wp-block-heading\"><strong>Urbanismo e Lazer<\/strong><\/h2>\n\n\n\n<p><strong>A revitaliza\u00e7\u00e3o de \u00e1reas p\u00fablicas e a inaugura\u00e7\u00e3o do Parque Pet no Parque Ecol\u00f3gico refor\u00e7am o compromisso com o bem-estar e o lazer. Qual \u00e9 o papel desses espa\u00e7os p\u00fablicos na constru\u00e7\u00e3o da identidade e da qualidade de vida da comunidade, e h\u00e1 planos para expandir ou criar novos espa\u00e7os de conviv\u00eancia?<\/strong><\/p>\n\n\n\n<p>O prefeito <strong>Dr. Cust\u00f3dio Tavares<\/strong> destaca que os espa\u00e7os p\u00fablicos t\u00eam papel fundamental na <strong>constru\u00e7\u00e3o da identidade da cidade, no fortalecimento da conviv\u00eancia comunit\u00e1ria e na promo\u00e7\u00e3o da sa\u00fade f\u00edsica e emocional da popula\u00e7\u00e3o<\/strong>. Segundo ele, investir em lazer \u00e9 investir diretamente em qualidade de vida.<\/p>\n\n\n\n<p>Neste ano, a Prefeitura entregou importantes revitaliza\u00e7\u00f5es, como as <strong>\u00e1reas de lazer do Parque Residencial Indai\u00e1 e do Colinas de Indaiatuba I<\/strong>, al\u00e9m da nova <strong>Pra\u00e7a Maria Merces Vaz Fernandes Elias<\/strong>, no bairro Cidade Nova. Tamb\u00e9m est\u00e3o prontas para entrega oficial as obras de revitaliza\u00e7\u00e3o do <strong>Parque Ecol\u00f3gico de Indaiatuba<\/strong>, no trecho entre a Avenida \u00c1rio Barnab\u00e9 e a Rua Ant\u00f4nio Angelino Rossi (Rua 80), al\u00e9m do novo <strong>Parque Pet do Jardim Morada do Sol<\/strong>.<\/p>\n\n\n\n<p>Al\u00e9m das entregas j\u00e1 conclu\u00eddas, o munic\u00edpio segue com novos projetos em andamento, como a <strong>revitaliza\u00e7\u00e3o das \u00e1reas de lazer do Vale do Sol e do Parque Corolla<\/strong>, al\u00e9m da <strong>urbaniza\u00e7\u00e3o do Parque Ecol\u00f3gico do Jardim Veneza<\/strong>, ampliando as op\u00e7\u00f5es de conviv\u00eancia e lazer em diferentes regi\u00f5es da cidade.<\/p>\n\n\n\n<p>Na \u00e1rea esportiva, outro avan\u00e7o importante foi o in\u00edcio das atividades no <strong>Centro Esportivo Jardim Morada do Sol \u2013 Rei Pel\u00e9<\/strong>, inaugurado em abril, al\u00e9m da <strong>constru\u00e7\u00e3o de uma nova quadra poliesportiva no Jardim Oliveira Camargo<\/strong>, que ampliar\u00e1 o acesso ao esporte e \u00e0s atividades de integra\u00e7\u00e3o social.<\/p>\n\n\n\n<p>Segundo o prefeito, o objetivo da gest\u00e3o \u00e9 garantir que cada bairro tenha espa\u00e7os de conviv\u00eancia bem estruturados, fortalecendo o sentimento de pertencimento, incentivando h\u00e1bitos saud\u00e1veis e promovendo uma cidade cada vez mais <strong>humana, ativa e integrada<\/strong>.<\/p>\n\n\n\n<p><\/p>\n\n\n\n<h2 class=\"wp-block-heading\"><strong>Desafios e Aprendizados<\/strong><\/h2>\n\n\n\n<p><strong>Olhando para o primeiro ano, quais foram os principais desafios enfrentados pela administra\u00e7\u00e3o e qual foi o maior aprendizado que o senhor leva para os pr\u00f3ximos anos de mandato?<\/strong><\/p>\n\n\n\n<figure class=\"wp-block-image size-large\"><img loading=\"lazy\" decoding=\"async\" width=\"1024\" height=\"735\" src=\"https:\/\/imais.online\/portal\/wp-content\/uploads\/2025\/12\/mini_img_4108-1024x735.jpg\" alt=\"\" class=\"wp-image-29964\" srcset=\"https:\/\/imais.online\/portal\/wp-content\/uploads\/2025\/12\/mini_img_4108-1024x735.jpg 1024w, https:\/\/imais.online\/portal\/wp-content\/uploads\/2025\/12\/mini_img_4108-300x215.jpg 300w, https:\/\/imais.online\/portal\/wp-content\/uploads\/2025\/12\/mini_img_4108-768x551.jpg 768w, https:\/\/imais.online\/portal\/wp-content\/uploads\/2025\/12\/mini_img_4108.jpg 1184w\" sizes=\"auto, (max-width: 1024px) 100vw, 1024px\" \/><figcaption class=\"wp-element-caption\">Foto: divulga\u00e7\u00e3o<\/figcaption><\/figure>\n\n\n\n<p>O prefeito <strong>Dr. Cust\u00f3dio Tavares<\/strong> avalia que o primeiro ano de gest\u00e3o foi marcado pelo desafio de <strong>manter o alto padr\u00e3o de qualidade dos servi\u00e7os p\u00fablicos em uma cidade que cresce rapidamente<\/strong>, exigindo efici\u00eancia na gest\u00e3o dos recursos, planejamento t\u00e9cnico e agilidade administrativa. Segundo ele, o maior aprendizado foi consolidar uma gest\u00e3o baseada em <strong>indicadores, metas e inova\u00e7\u00e3o<\/strong>, garantindo que cada investimento gere impacto real na vida da popula\u00e7\u00e3o.<\/p>\n\n\n\n<p>Esse equil\u00edbrio entre crescimento e efici\u00eancia \u00e9 refletido nos principais rankings nacionais. Indaiatuba manteve a nota <strong>\u201cB\u201d no \u00cdndice de Efetividade da Gest\u00e3o Municipal (IEG-M)<\/strong> em 2024 e 2025, avalia\u00e7\u00e3o do <strong>Tribunal de Contas do Estado de S\u00e3o Paulo<\/strong>, que mede a efici\u00eancia na aplica\u00e7\u00e3o do or\u00e7amento p\u00fablico.<\/p>\n\n\n\n<p>No campo do desenvolvimento, a cidade alcan\u00e7ou posi\u00e7\u00f5es de destaque no <strong>\u00cdndice Firjan de Desenvolvimento Municipal<\/strong>, da <strong>Federa\u00e7\u00e3o das Ind\u00fastrias do Rio de Janeiro<\/strong>, figurando como <strong>5\u00ba munic\u00edpio paulista e 10\u00ba do Brasil<\/strong>, al\u00e9m de ocupar a <strong>11\u00aa coloca\u00e7\u00e3o nacional no Ranking de Competitividade dos Munic\u00edpios<\/strong>, elaborado pelo <strong>Centro de Lideran\u00e7a P\u00fablica<\/strong>.<\/p>\n\n\n\n<p>Na \u00e1rea de governan\u00e7a, Indaiatuba garantiu a <strong>3\u00aa coloca\u00e7\u00e3o no \u00cdndice de Governan\u00e7a Municipal<\/strong>, do <strong>Conselho Federal de Administra\u00e7\u00e3o<\/strong>, refor\u00e7ando a solidez da gest\u00e3o p\u00fablica. J\u00e1 na educa\u00e7\u00e3o, o munic\u00edpio teve <strong>22 escolas premiadas no Pr\u00eamio Excel\u00eancia Educacional do Governo do Estado<\/strong>, al\u00e9m do reconhecimento como <strong>Destaque em Alfabetiza\u00e7\u00e3o<\/strong>.<\/p>\n\n\n\n<p>Outro marco foi o <strong>1\u00ba lugar nacional no Pr\u00eamio Marcos Moraes 2025<\/strong>, promovido pela <strong>Funda\u00e7\u00e3o do C\u00e2ncer<\/strong>, em parceria com o Instituto Oncocl\u00ednicas, pelo programa pioneiro de rastreamento do c\u00e2ncer do colo do \u00fatero com teste DNA-HPV, hoje adotado nacionalmente pelo SUS.<\/p>\n\n\n\n<p>Indaiatuba tamb\u00e9m foi <strong>bicampe\u00e3 do Pr\u00eamio Band Cidades Excelentes<\/strong>, do <strong>Grupo Bandeirantes<\/strong>, no pilar Governan\u00e7a, Efici\u00eancia Fiscal e Transpar\u00eancia; alcan\u00e7ou a <strong>5\u00aa coloca\u00e7\u00e3o nacional no Pr\u00eamio Bicicleta Brasil<\/strong>, do <strong>Minist\u00e9rio das Cidades<\/strong>, com o projeto Ecobike; e conquistou o <strong>3\u00ba lugar no ranking \u201cAs Melhores Cidades do Brasil\u201d<\/strong>, da <strong>Revista Veja Neg\u00f3cios<\/strong> em parceria com a <strong>Austin Rating<\/strong>.<\/p>\n\n\n\n<p>Para o prefeito, mais do que n\u00fameros e premia\u00e7\u00f5es, esses resultados representam a confirma\u00e7\u00e3o de que Indaiatuba segue no caminho certo: <strong>uma cidade planejada, eficiente, inovadora e que transforma boa gest\u00e3o em qualidade de vida para a popula\u00e7\u00e3o<\/strong>.<\/p>\n\n\n\n<p><\/p>\n\n\n\n<p>Ao final da entrevista, o prefeito <strong>Dr. Cust\u00f3dio Tavares<\/strong> refor\u00e7ou que todas as a\u00e7\u00f5es apresentadas, da sa\u00fade \u00e0 educa\u00e7\u00e3o, da mobilidade ao desenvolvimento econ\u00f4mico, da seguran\u00e7a ao lazer, fazem parte de um mesmo prop\u00f3sito: <strong>construir uma Indaiatuba cada vez mais humana, moderna, eficiente e preparada para o futuro<\/strong>, onde planejamento, inova\u00e7\u00e3o e cuidado com as pessoas caminham juntos para transformar investimentos p\u00fablicos em qualidade de vida real para a popula\u00e7\u00e3o.<\/p>\n","protected":false},"excerpt":{"rendered":"<p>Prefeito Dr. Cust\u00f3dio Tavares apresenta balan\u00e7o de a\u00e7\u00f5es e investimentos que impactam \u00e1reas como sa\u00fade, educa\u00e7\u00e3o, mobilidade, seguran\u00e7a, economia e lazer em Indaiatuba O primeiro ano de mandato do Prefeito Dr. Cust\u00f3dio Tavares Dias Neto em Indaiatuba encerra-se como um marco de continuidade administrativa e de intensifica\u00e7\u00e3o de projetos em diversas frentes. Assumindo a gest\u00e3o [&hellip;]<\/p>\n","protected":false},"author":6,"featured_media":29972,"comment_status":"closed","ping_status":"open","sticky":false,"template":"","format":"standard","meta":{"rop_custom_images_group":[],"rop_custom_messages_group":[],"rop_publish_now":"initial","rop_publish_now_accounts":[],"rop_publish_now_history":[],"rop_publish_now_status":"pending","footnotes":""},"categories":[188],"tags":[73],"class_list":["post-29970","post","type-post","status-publish","format-standard","has-post-thumbnail","hentry","category-indaiatuba","tag-featured"],"amp_enabled":true,"_links":{"self":[{"href":"https:\/\/imais.online\/portal\/wp-json\/wp\/v2\/posts\/29970","targetHints":{"allow":["GET"]}}],"collection":[{"href":"https:\/\/imais.online\/portal\/wp-json\/wp\/v2\/posts"}],"about":[{"href":"https:\/\/imais.online\/portal\/wp-json\/wp\/v2\/types\/post"}],"author":[{"embeddable":true,"href":"https:\/\/imais.online\/portal\/wp-json\/wp\/v2\/users\/6"}],"replies":[{"embeddable":true,"href":"https:\/\/imais.online\/portal\/wp-json\/wp\/v2\/comments?post=29970"}],"version-history":[{"count":3,"href":"https:\/\/imais.online\/portal\/wp-json\/wp\/v2\/posts\/29970\/revisions"}],"predecessor-version":[{"id":29975,"href":"https:\/\/imais.online\/portal\/wp-json\/wp\/v2\/posts\/29970\/revisions\/29975"}],"wp:featuredmedia":[{"embeddable":true,"href":"https:\/\/imais.online\/portal\/wp-json\/wp\/v2\/media\/29972"}],"wp:attachment":[{"href":"https:\/\/imais.online\/portal\/wp-json\/wp\/v2\/media?parent=29970"}],"wp:term":[{"taxonomy":"category","embeddable":true,"href":"https:\/\/imais.online\/portal\/wp-json\/wp\/v2\/categories?post=29970"},{"taxonomy":"post_tag","embeddable":true,"href":"https:\/\/imais.online\/portal\/wp-json\/wp\/v2\/tags?post=29970"}],"curies":[{"name":"wp","href":"https:\/\/api.w.org\/{rel}","templated":true}]}}