{"id":30020,"date":"2025-12-14T17:21:59","date_gmt":"2025-12-14T20:21:59","guid":{"rendered":"https:\/\/imais.online\/portal\/?p=30020"},"modified":"2025-12-14T17:22:00","modified_gmt":"2025-12-14T20:22:00","slug":"o-que-se-sabe-sobre-os-atiradores-do-atentado-na-australia","status":"publish","type":"post","link":"https:\/\/imais.online\/portal\/o-que-se-sabe-sobre-os-atiradores-do-atentado-na-australia\/","title":{"rendered":"O que se sabe sobre os atiradores do atentado na Austr\u00e1lia"},"content":{"rendered":"<div class=\"imais-before-content-placement\" id=\"imais-4042038029\"><script async src=\"\/\/pagead2.googlesyndication.com\/pagead\/js\/adsbygoogle.js?client=ca-pub-8787528412751566\" crossorigin=\"anonymous\"><\/script><ins class=\"adsbygoogle\" style=\"display:block;\" data-ad-client=\"ca-pub-8787528412751566\" \ndata-ad-slot=\"\" \ndata-ad-format=\"auto\"><\/ins>\n<script> \n(adsbygoogle = window.adsbygoogle || []).push({}); \n<\/script>\n<\/div>\n<h2 class=\"wp-block-heading\">Um dos homens morreu ap\u00f3s a a\u00e7\u00e3o policial; o outro foi detido e hospitalizado em estado cr\u00edtico<\/h2>\n\n\n\n<p>Autoridades australianas seguem investigando o&nbsp;<a href=\"https:\/\/noticias.r7.com\/internacional\/homem-imobiliza-e-desarma-um-dos-atiradores-em-ataque-em-praia-da-australia-14122025\/\">ataque a tiros<\/a>&nbsp;que deixou ao menos 12 mortos, incluindo um atirador, e dezenas de feridos neste domingo (14), na praia de Bondi, em Sydney,&nbsp;<a href=\"https:\/\/noticias.r7.com\/internacional\/tiroteio-em-praia-bondi-australia-23082028\/\">na Austr\u00e1lia<\/a>. Um dos atiradores morreu ap\u00f3s a a\u00e7\u00e3o policial, e o outro foi detido e hospitalizado em estado cr\u00edtico.<\/p>\n\n\n\n<p>Os nomes dos suspeitos ainda n\u00e3o foram divulgados. Segundo o canal australiano 9News, um deles j\u00e1 era conhecido pelas autoridades, embora n\u00e3o fosse classificado como uma amea\u00e7a iminente.<\/p>\n\n\n\n<p>A possibilidade de um terceiro envolvido foi descartada ap\u00f3s apura\u00e7\u00e3o policial, que refor\u00e7ou que apenas dois homens atuaram diretamente no crime. Mesmo assim, investigadores continuam analisando poss\u00edveis c\u00famplices ou pessoas com inten\u00e7\u00f5es semelhantes.<\/p>\n\n\n\n<p>De acordo com o jornal, ap\u00f3s o ataque, as autoridades realizaram opera\u00e7\u00f5es em diferentes pontos de Sydney. Uma resid\u00eancia em Bonnyrigg, na zona oeste da cidade, foi isolada por equipes t\u00e1ticas por ser apontada como poss\u00edvel endere\u00e7o ligado a um dos atiradores.<\/p>\n\n\n\n<p>A praia de Bondi, que sediava um evento judaico, permaneceu interditada por horas para o trabalho da per\u00edcia. No local, agentes encontraram artefatos explosivos improvisados dentro de um ve\u00edculo, o que levou ao acionamento do esquadr\u00e3o antibombas.<\/p>\n\n\n\n<p>O caso foi oficialmente classificado como um incidente terrorista. A investiga\u00e7\u00e3o est\u00e1 sob responsabilidade da Pol\u00edcia de Nova Gales do Sul, com apoio da Pol\u00edcia Federal e da ASIO (Organiza\u00e7\u00e3o Australiana de Intelig\u00eancia de Seguran\u00e7a).<\/p>\n\n\n\n<p>Fonte R7 <\/p>\n","protected":false},"excerpt":{"rendered":"<p>Um dos homens morreu ap\u00f3s a a\u00e7\u00e3o policial; o outro foi detido e hospitalizado em estado cr\u00edtico Autoridades australianas seguem investigando o&nbsp;ataque a tiros&nbsp;que deixou ao menos 12 mortos, incluindo um atirador, e dezenas de feridos neste domingo (14), na praia de Bondi, em Sydney,&nbsp;na Austr\u00e1lia. Um dos atiradores morreu ap\u00f3s a a\u00e7\u00e3o policial, e [&hellip;]<\/p>\n","protected":false},"author":8,"featured_media":30021,"comment_status":"closed","ping_status":"open","sticky":false,"template":"","format":"standard","meta":{"rop_custom_images_group":[],"rop_custom_messages_group":[],"rop_publish_now":"initial","rop_publish_now_accounts":[],"rop_publish_now_history":[],"rop_publish_now_status":"pending","footnotes":""},"categories":[212],"tags":[73],"class_list":["post-30020","post","type-post","status-publish","format-standard","has-post-thumbnail","hentry","category-internacional","tag-featured"],"amp_enabled":true,"_links":{"self":[{"href":"https:\/\/imais.online\/portal\/wp-json\/wp\/v2\/posts\/30020","targetHints":{"allow":["GET"]}}],"collection":[{"href":"https:\/\/imais.online\/portal\/wp-json\/wp\/v2\/posts"}],"about":[{"href":"https:\/\/imais.online\/portal\/wp-json\/wp\/v2\/types\/post"}],"author":[{"embeddable":true,"href":"https:\/\/imais.online\/portal\/wp-json\/wp\/v2\/users\/8"}],"replies":[{"embeddable":true,"href":"https:\/\/imais.online\/portal\/wp-json\/wp\/v2\/comments?post=30020"}],"version-history":[{"count":1,"href":"https:\/\/imais.online\/portal\/wp-json\/wp\/v2\/posts\/30020\/revisions"}],"predecessor-version":[{"id":30022,"href":"https:\/\/imais.online\/portal\/wp-json\/wp\/v2\/posts\/30020\/revisions\/30022"}],"wp:featuredmedia":[{"embeddable":true,"href":"https:\/\/imais.online\/portal\/wp-json\/wp\/v2\/media\/30021"}],"wp:attachment":[{"href":"https:\/\/imais.online\/portal\/wp-json\/wp\/v2\/media?parent=30020"}],"wp:term":[{"taxonomy":"category","embeddable":true,"href":"https:\/\/imais.online\/portal\/wp-json\/wp\/v2\/categories?post=30020"},{"taxonomy":"post_tag","embeddable":true,"href":"https:\/\/imais.online\/portal\/wp-json\/wp\/v2\/tags?post=30020"}],"curies":[{"name":"wp","href":"https:\/\/api.w.org\/{rel}","templated":true}]}}