{"id":3016,"date":"2021-11-17T07:48:49","date_gmt":"2021-11-17T10:48:49","guid":{"rendered":"https:\/\/imais.online\/portal\/?p=3016"},"modified":"2021-11-17T08:42:37","modified_gmt":"2021-11-17T11:42:37","slug":"fila-por-cirurgias-bariatricas-no-sus-em-sao-paulo-e-de-52-mil-pessoas","status":"publish","type":"post","link":"https:\/\/imais.online\/portal\/fila-por-cirurgias-bariatricas-no-sus-em-sao-paulo-e-de-52-mil-pessoas\/","title":{"rendered":"Fila por cirurgias bari\u00e1tricas no SUS em S\u00e3o Paulo \u00e9 de 5,2 mil pessoas"},"content":{"rendered":"<div class=\"imais-before-content-placement\" id=\"imais-1810614025\"><script async src=\"\/\/pagead2.googlesyndication.com\/pagead\/js\/adsbygoogle.js?client=ca-pub-8787528412751566\" crossorigin=\"anonymous\"><\/script><ins class=\"adsbygoogle\" style=\"display:block;\" data-ad-client=\"ca-pub-8787528412751566\" \ndata-ad-slot=\"\" \ndata-ad-format=\"auto\"><\/ins>\n<script> \n(adsbygoogle = window.adsbygoogle || []).push({}); \n<\/script>\n<\/div>\n<p>Cerca de 5,2 mil pessoas aguardam na fila, em S\u00e3o Paulo, para realizar a cirurgia bari\u00e1trica pelo Sistema \u00danico de Sa\u00fade (SUS). A informa\u00e7\u00e3o foi divulgada pelo Secret\u00e1rio de Sa\u00fade do Estado, Jeancarlo Gorinchteyn, durante a cerim\u00f4nia de abertura do XXI Congresso Brasileiro de Cirurgia Bari\u00e1trica e Metab\u00f3lica e que reuniu at\u00e9 o dia 13 de novembro, mais de 1.500 especialistas no tratamento da obesidade.<br><br>&#8220;Temos que implementar medidas para que o atendimento seja realizado e para que essa fila instalada tenha um fluxo mais r\u00e1pido no sistema p\u00fablico e privado&#8221;, declarou o secret\u00e1rio. Ele disse ainda, que conv\u00eanios poder\u00e3o ser feitos com hospitais para dar celeridade a fila. &#8220;No pr\u00f3ximo ano teremos as devidas diretrizes, seja por meio de conv\u00eanios ou de outras a\u00e7\u00f5es&#8221;, refor\u00e7ou.<br><br>Segundo Gorinchteyn, a previs\u00e3o da pasta \u00e9 acelerar, no primeiro momento, a realiza\u00e7\u00e3o de cirurgias mais simples que estiveram represadas durante a pandemia para ent\u00e3o investir em cirurgias que exigem maior necessidade de pr\u00e9 e p\u00f3s-operat\u00f3rio como \u00e9 o caso da cirurgia para a obesidade.<br><br>&#8220;Realizamos desde 2018, cerca de 4.200 cirurgias realizadas em 4 unidades voltadas ao atendimento bari\u00e1trica. Isso faz com que tenhamos hoje 5.250 pacientes aguardando a realiza\u00e7\u00e3o de cirurgias bari\u00e1tricas em S\u00e3o Paulo&#8221;, afirma.<br><br><strong>Cirurgia bari\u00e1trica no Brasil &#8211;<\/strong> O n\u00famero de cirurgias bari\u00e1tricas realizadas pelo SUS caiu em 69,9% em um ano, saindo de 12.568 em 2019, para 3.772 em 2020. Em 2021, at\u00e9 o m\u00eas de julho, foram realizadas 990 cirurgias pelo Sistema \u00danico de Sa\u00fade. A realiza\u00e7\u00e3o de cirurgias pelos planos de sa\u00fade tamb\u00e9m caiu 11,9%, saindo de 52.599 procedimentos realizado em 2019, para 46.419 cirurgias em 2020.<br><br><strong>Indica\u00e7\u00e3o &#8211;<\/strong> Entre os crit\u00e9rios previstos nas portarias 424 e 425 do Minist\u00e9rio da Sa\u00fade para realiza\u00e7\u00e3o da cirurgia bari\u00e1trica pelo SUS est\u00e3o o encaminhamento de pacientes com \u00cdndice de Massa Corporal (IMC) de 50 Kg\/m2 e pacientes com IMC \u00b340 Kg\/m\u00b2, com ou sem comorbidades, sem sucesso no tratamento cl\u00ednico por no m\u00ednimo dois anos e que tenham seguido protocolos cl\u00ednicos.<br><br>As portarias tamb\u00e9m permitem a indica\u00e7\u00e3o para cirurgia bari\u00e1trica de pacientes com IMC &lt; 35 kg\/m2 e comorbidades com alto risco cardiovascular, diabetes e\/ou hipertens\u00e3o arterial de dif\u00edcil controle, apneia do sono, doen\u00e7as articulares degenerativas ou outras que n\u00e3o tenham tido sucesso no tratamento cl\u00ednico longitudinal realizado por no m\u00ednimo dois anos e que tenham seguido protocolos cl\u00ednicos.<br><br>Para o presidente da Sociedade Brasileira de Cirurgia Bari\u00e1trica e Metab\u00f3lica (SBCBM), F\u00e1bio Viegas, \u00e9 fundamental que haja um sistema nacional de regula\u00e7\u00e3o e de transpar\u00eancia dos pacientes que aguardam na fila, tendo em vista que 52% dos brasileiros declararam ter engordado neste \u00faltimo ano.<br><br>&#8220;A obesidade e doen\u00e7as associada a ela aumentaram e, aliado a isso, houve uma redu\u00e7\u00e3o no n\u00famero de cirurgias bari\u00e1tricas em 2020. Este cen\u00e1rio ocasionou em um tempo de espera ainda maior para os pacientes que buscam o SUS para o tratamento cir\u00fargico da obesidade&#8221;, diz Viegas.<br><br>Viegas refor\u00e7ou que a fila do SUS para cirurgia bari\u00e1trica deveria seguir o mesmo processo da fila de transplantes no Brasil. &#8220;Cirurgia bari\u00e1trica n\u00e3o \u00e9 cirurgia est\u00e9tica. Precisamos pensar que os pacientes com obesidade grave reduzem a cada dia suas chances de vida e dar agilidade ao encaminhamento para tratamento&#8221;, afirmou o presidente da SBCBM.<br><br>Em 2017, uma an\u00e1lise Integrada entre Vigitel 2014, POF (Pesquisa de Or\u00e7amentos Familiares), IBGE e Tabnet da Ag\u00eancia Nacional de Sa\u00fade (ANS) &#8211; ferramenta que possibilita a tabula\u00e7\u00e3o de dados e pesquisas customizadas &#8211; apontou uma popula\u00e7\u00e3o eleg\u00edvel \u00e0 cirurgia bari\u00e1trica pelo SUS de 669 mil pessoas no estado de S\u00e3o Paulo e de 3 milh\u00f5es de pessoas no Brasil.<br><br><strong>Congresso debate Obesidade <\/strong>&#8211; O crescimento da obesidade no Brasil e os tratamentos est\u00e3o sendo at\u00e9 o dia 13 de novembro, no Expo Transam\u00e9rica, em S\u00e3o Paulo, no XXI Congresso Brasileiro de Cirurgia Bari\u00e1trica e Metab\u00f3lica.<br><br>A Sociedade Brasileira re\u00fane mais de 1.500 cirurgi\u00f5es e profissionais que atuam no combate \u00e0 obesidade, como nutr\u00f3logos, nutricionistas, fisioterapeutas, profissionais de educa\u00e7\u00e3o f\u00edsica, psic\u00f3logos e psiquiatras<br><br>Participaram da solenidade de abertura do Congresso, al\u00e9m do secret\u00e1rio da Sa\u00fade e do presidente da SBCBM, representante do Conselho Federal de Medicina (CFM), Leonardo Em\u00edlio da Silva e Angelo Vattimo, diretor do CREME-SP, m\u00e9dicos e cirurgi\u00f5es de todo o Brasil.<\/p>\n","protected":false},"excerpt":{"rendered":"<p>Cerca de 5,2 mil pessoas aguardam na fila, em S\u00e3o Paulo, para realizar a cirurgia bari\u00e1trica pelo Sistema \u00danico de Sa\u00fade (SUS). A informa\u00e7\u00e3o foi divulgada pelo Secret\u00e1rio de Sa\u00fade do Estado, Jeancarlo Gorinchteyn, durante a cerim\u00f4nia de abertura do XXI Congresso Brasileiro de Cirurgia Bari\u00e1trica e Metab\u00f3lica e que reuniu at\u00e9 o dia 13 [&hellip;]<\/p>\n","protected":false},"author":7,"featured_media":3017,"comment_status":"closed","ping_status":"open","sticky":false,"template":"","format":"standard","meta":{"rop_custom_images_group":[],"rop_custom_messages_group":[],"rop_publish_now":"initial","rop_publish_now_accounts":[],"rop_publish_now_history":[],"rop_publish_now_status":"pending","footnotes":""},"categories":[195],"tags":[73],"class_list":["post-3016","post","type-post","status-publish","format-standard","has-post-thumbnail","hentry","category-sao-paulo","tag-featured"],"amp_enabled":true,"_links":{"self":[{"href":"https:\/\/imais.online\/portal\/wp-json\/wp\/v2\/posts\/3016","targetHints":{"allow":["GET"]}}],"collection":[{"href":"https:\/\/imais.online\/portal\/wp-json\/wp\/v2\/posts"}],"about":[{"href":"https:\/\/imais.online\/portal\/wp-json\/wp\/v2\/types\/post"}],"author":[{"embeddable":true,"href":"https:\/\/imais.online\/portal\/wp-json\/wp\/v2\/users\/7"}],"replies":[{"embeddable":true,"href":"https:\/\/imais.online\/portal\/wp-json\/wp\/v2\/comments?post=3016"}],"version-history":[{"count":2,"href":"https:\/\/imais.online\/portal\/wp-json\/wp\/v2\/posts\/3016\/revisions"}],"predecessor-version":[{"id":3031,"href":"https:\/\/imais.online\/portal\/wp-json\/wp\/v2\/posts\/3016\/revisions\/3031"}],"wp:featuredmedia":[{"embeddable":true,"href":"https:\/\/imais.online\/portal\/wp-json\/wp\/v2\/media\/3017"}],"wp:attachment":[{"href":"https:\/\/imais.online\/portal\/wp-json\/wp\/v2\/media?parent=3016"}],"wp:term":[{"taxonomy":"category","embeddable":true,"href":"https:\/\/imais.online\/portal\/wp-json\/wp\/v2\/categories?post=3016"},{"taxonomy":"post_tag","embeddable":true,"href":"https:\/\/imais.online\/portal\/wp-json\/wp\/v2\/tags?post=3016"}],"curies":[{"name":"wp","href":"https:\/\/api.w.org\/{rel}","templated":true}]}}