{"id":30164,"date":"2025-12-29T12:01:30","date_gmt":"2025-12-29T15:01:30","guid":{"rendered":"https:\/\/imais.online\/portal\/?p=30164"},"modified":"2025-12-29T12:01:31","modified_gmt":"2025-12-29T15:01:31","slug":"stranger-things-ator-de-vecna-fala-sobre-jornadas-exaustivas","status":"publish","type":"post","link":"https:\/\/imais.online\/portal\/stranger-things-ator-de-vecna-fala-sobre-jornadas-exaustivas\/","title":{"rendered":"&#8220;Stranger Things&#8221;: ator de Vecna fala sobre jornadas exaustivas"},"content":{"rendered":"<div class=\"imais-before-content-placement\" id=\"imais-2055356737\"><script async src=\"\/\/pagead2.googlesyndication.com\/pagead\/js\/adsbygoogle.js?client=ca-pub-8787528412751566\" crossorigin=\"anonymous\"><\/script><ins class=\"adsbygoogle\" style=\"display:block;\" data-ad-client=\"ca-pub-8787528412751566\" \ndata-ad-slot=\"\" \ndata-ad-format=\"auto\"><\/ins>\n<script> \n(adsbygoogle = window.adsbygoogle || []).push({}); \n<\/script>\n<\/div>\n<h2 class=\"wp-block-heading\">A maquiagem que dava a vida o personagem demandava mais de seis horas para a montagem<\/h2>\n\n\n\n<p><\/p>\n\n\n\n<p>O ator&nbsp;<strong>Jamie Campbell Bower<\/strong>, 37, enfrentou uma rotina exaustiva de prepara\u00e7\u00e3o para interpretar o vil\u00e3o&nbsp;<strong>Vecna<\/strong>&nbsp;na s\u00e9rie &#8220;<strong>Stranger Things<\/strong>&#8220;.<\/p>\n\n\n\n<p>O coordenador de efeitos e maquiagem do sucesso da Netflix, Barrie Gower, abriu o jogo sobre o processo extenuante ao qual o astro brit\u00e2nico anos era submetido para encarnar\u00a0<a href=\"https:\/\/www.cnnbrasil.com.br\/entretenimento\/stranger-things-ator-que-faz-papel-de-vecna-fala-sobre-parte-final\/\" target=\"_blank\" rel=\"noreferrer noopener\">o personagem sombrio do Mundo Invertido<\/a>.<\/p>\n\n\n\n<p>Em entrevista \u00e0 revista People, o profissional detalhou o cronograma: &#8220;<strong>A gente tinha que come\u00e7ar \u00e0 1h ou 2h da manh\u00e3<\/strong>&nbsp;para deix\u00e1-lo pronto para as 8h ou 9h. Era um dia inteiro de filmagens de, talvez, 10 a 12 horas.<strong>&nbsp;Depois, pass\u00e1vamos duas horas durante a noite retirando tudo dele&#8221;<\/strong>.<\/p>\n\n\n\n<p>Apesar da carga hor\u00e1ria que beirava&nbsp;<a href=\"https:\/\/www.cnnbrasil.com.br\/entretenimento\/stranger-things-ator-de-vecna-passou-70-horas-na-cadeira-de-maquiagem\/\" target=\"_blank\" rel=\"noreferrer noopener\">um dia inteiro de trabalho<\/a>,&nbsp;<strong>a equipe de produ\u00e7\u00e3o montou uma estrat\u00e9gia para evitar o esgotamento total do ator.<\/strong><\/p>\n\n\n\n<p>&#8220;Tudor Jones, um dos produtores da quinta temporada, que foi o primeiro assistente de dire\u00e7\u00e3o na quarta, organizou as filmagens de forma t\u00e3o inteligente e cuidadosa que nunca filmamos com Jamie dois dias seguidos&#8221;, explicou o maquiador.<\/p>\n\n\n\n<p>Barrie relembrou que todos terminavam o dia &#8220;exaustos&#8221;, mas&nbsp;<strong>o planejamento proporcionava um descanso adicional.<\/strong><\/p>\n\n\n\n<p>&#8220;A gente normalmente passava por um dia super longo em uma segunda-feira, por exemplo, mas ent\u00e3o poder\u00edamos n\u00e3o filmar novamente at\u00e9 quarta ou quinta-feira. Assim, havia um per\u00edodo extenso de recupera\u00e7\u00e3o&#8221;.<\/p>\n\n\n\n<p>Para a quinta e \u00faltima temporada, a rotina de Jamie ficou um pouco mais leve.<a href=\"https:\/\/www.cnnbrasil.com.br\/entretenimento\/criadores-de-stranger-things-dao-dica-sobre-vecna-e-will-em-novo-trailer\/\" target=\"_blank\" rel=\"noreferrer noopener\">&nbsp;O visual de Vecna<\/a>&nbsp;e contou com mais com efeitos de computa\u00e7\u00e3o gr\u00e1fica (CGI), o que reduziu drasticamente o tempo do ator na cadeira de maquiagem.<\/p>\n\n\n\n<p>&#8220;A forma como fabricamos a maquiagem foi bem diferente da quarta temporada. Usamos materiais e procedimentos de moldagem distintos. Pass\u00e1vamos cerca de tr\u00eas horas com ele na cadeira, no m\u00e1ximo&#8221;, revelou Barrie. Ele ainda brincou sobre uma melhoria pr\u00e1tica nos novos epis\u00f3dios: &#8220;Foi muito mais f\u00e1cil para ele ir ao banheiro nesta temporada tamb\u00e9m&#8221;.<\/p>\n\n\n\n<p>O processo de remo\u00e7\u00e3o tamb\u00e9m agilizou. Enquanto na quarta temporada levava-se at\u00e9 duas horas para limpar o ator, no novo ano a tarefa \u00e9 feita em menos de uma hora. &#8220;Temos tr\u00eas de n\u00f3s tirando a maquiagem no final do dia. Levamos cerca de 45 minutos a uma hora para desmontar tudo, limp\u00e1-lo, colocar algumas toalhas quentes e mand\u00e1-lo para casa&#8221;, concluiu o profissional.<\/p>\n\n\n\n<p>Fonte CNN Brasil <\/p>\n","protected":false},"excerpt":{"rendered":"<p>A maquiagem que dava a vida o personagem demandava mais de seis horas para a montagem O ator&nbsp;Jamie Campbell Bower, 37, enfrentou uma rotina exaustiva de prepara\u00e7\u00e3o para interpretar o vil\u00e3o&nbsp;Vecna&nbsp;na s\u00e9rie &#8220;Stranger Things&#8220;. O coordenador de efeitos e maquiagem do sucesso da Netflix, Barrie Gower, abriu o jogo sobre o processo extenuante ao qual [&hellip;]<\/p>\n","protected":false},"author":8,"featured_media":30165,"comment_status":"closed","ping_status":"open","sticky":false,"template":"","format":"standard","meta":{"rop_custom_images_group":[],"rop_custom_messages_group":[],"rop_publish_now":"initial","rop_publish_now_accounts":[],"rop_publish_now_history":[],"rop_publish_now_status":"pending","footnotes":""},"categories":[16],"tags":[],"class_list":["post-30164","post","type-post","status-publish","format-standard","has-post-thumbnail","hentry","category-entertainment"],"amp_enabled":true,"_links":{"self":[{"href":"https:\/\/imais.online\/portal\/wp-json\/wp\/v2\/posts\/30164","targetHints":{"allow":["GET"]}}],"collection":[{"href":"https:\/\/imais.online\/portal\/wp-json\/wp\/v2\/posts"}],"about":[{"href":"https:\/\/imais.online\/portal\/wp-json\/wp\/v2\/types\/post"}],"author":[{"embeddable":true,"href":"https:\/\/imais.online\/portal\/wp-json\/wp\/v2\/users\/8"}],"replies":[{"embeddable":true,"href":"https:\/\/imais.online\/portal\/wp-json\/wp\/v2\/comments?post=30164"}],"version-history":[{"count":1,"href":"https:\/\/imais.online\/portal\/wp-json\/wp\/v2\/posts\/30164\/revisions"}],"predecessor-version":[{"id":30166,"href":"https:\/\/imais.online\/portal\/wp-json\/wp\/v2\/posts\/30164\/revisions\/30166"}],"wp:featuredmedia":[{"embeddable":true,"href":"https:\/\/imais.online\/portal\/wp-json\/wp\/v2\/media\/30165"}],"wp:attachment":[{"href":"https:\/\/imais.online\/portal\/wp-json\/wp\/v2\/media?parent=30164"}],"wp:term":[{"taxonomy":"category","embeddable":true,"href":"https:\/\/imais.online\/portal\/wp-json\/wp\/v2\/categories?post=30164"},{"taxonomy":"post_tag","embeddable":true,"href":"https:\/\/imais.online\/portal\/wp-json\/wp\/v2\/tags?post=30164"}],"curies":[{"name":"wp","href":"https:\/\/api.w.org\/{rel}","templated":true}]}}