{"id":30167,"date":"2025-12-29T12:30:32","date_gmt":"2025-12-29T15:30:32","guid":{"rendered":"https:\/\/imais.online\/portal\/?p=30167"},"modified":"2025-12-29T12:30:33","modified_gmt":"2025-12-29T15:30:33","slug":"coluna-romana-de-1840-anos-recebe-restauracao-a-laser-de-us-23-milhoes","status":"publish","type":"post","link":"https:\/\/imais.online\/portal\/coluna-romana-de-1840-anos-recebe-restauracao-a-laser-de-us-23-milhoes\/","title":{"rendered":"Coluna romana de 1840 anos recebe restaura\u00e7\u00e3o a laser de US$ 2,3 milh\u00f5es"},"content":{"rendered":"<div class=\"imais-before-content-placement\" id=\"imais-3300781636\"><script async src=\"\/\/pagead2.googlesyndication.com\/pagead\/js\/adsbygoogle.js?client=ca-pub-8787528412751566\" crossorigin=\"anonymous\"><\/script><ins class=\"adsbygoogle\" style=\"display:block;\" data-ad-client=\"ca-pub-8787528412751566\" \ndata-ad-slot=\"\" \ndata-ad-format=\"auto\"><\/ins>\n<script> \n(adsbygoogle = window.adsbygoogle || []).push({}); \n<\/script>\n<\/div>\n<h2 class=\"wp-block-heading\">Esse \u00e9 um dos poucos monumentos de guerra da era romana que permanece em seu local original<\/h2>\n\n\n\n<p><\/p>\n\n\n\n<p><strong>Cenas v\u00edvidas de decapita\u00e7\u00f5es em campos de batalha e de prisioneiras arrastadas pelos cabelos, esculpidas na Coluna de Marco Aur\u00e9lio, de m\u00e1rmore com 1.840 anos<\/strong>, que se eleva sobre o\u00a0<strong>centro de Roma<\/strong>, est\u00e3o sendo trazidas de volta ao foco por meio de uma restaura\u00e7\u00e3o a laser de US$ 2,3 milh\u00f5es (cerca de R$ 12,7 milh\u00f5es).<\/p>\n\n\n\n<p>Uma equipe de 18\u00a0<a href=\"https:\/\/www.cnnbrasil.com.br\/tecnologia\/homem-dragao-maior-misterio-da-evolucao-humana-comeca-a-ser-desvendado\/\" target=\"_blank\" rel=\"noreferrer noopener\">restauradores<\/a>\u00a0especializados trabalha desde a primavera de 2025,\u00a0<a href=\"https:\/\/www.cnnbrasil.com.br\/tecnologia\/misterios-historicos-resolvidos-pela-ciencia-em-2025-confira\/\" target=\"_blank\" rel=\"noreferrer noopener\">utilizando<\/a>\u00a0lasers port\u00e1teis de pulso curto e envolt\u00f3rios qu\u00edmicos para remover s\u00e9culos de sujeira do monumento de cerca de 30 metros de altura. A coluna foi constru\u00edda entre 180 d.C., ano da morte do imperador-fil\u00f3sofo romano Marco Aur\u00e9lio, e 193 d.C.<\/p>\n\n\n\n<p>O projeto marca o uso mais extenso de tecnologia a laser j\u00e1 realizado em um monumento antigo, segundo a restauradora-chefe Marta Baumgartner, que afirmou que a decis\u00e3o foi tomada apesar do custo.<\/p>\n\n\n\n<p>\u201cO laser \u00e9 uma ferramenta que est\u00e1 produzindo excelentes resultados nos trabalhos de restaura\u00e7\u00e3o, e a escolha que fizemos foi utiliz\u00e1-lo em todo o friso externo, a faixa decorativa, da coluna\u201d, disse Baumgartner a rep\u00f3rteres que tiveram acesso raro aos 16 n\u00edveis de andaimes que cercam o monumento.<\/p>\n\n\n\n<p>\u201cCusta mais do que os m\u00e9todos tradicionais\u201d, mas \u201coferece melhores resultados de restaura\u00e7\u00e3o, inclusive em termos de tempo\u201d.<\/p>\n\n\n\n<p>Ela tamb\u00e9m afirmou que a tecnologia ajuda a preservar a integridade do monumento. \u201cMas, acima de tudo, garante o respeito pelo material, o pr\u00f3prio m\u00e1rmore. Ela assegura plenamente o respeito pelo material e pelas p\u00e1tinas, que s\u00e3o evid\u00eancias do envelhecimento natural da pedra.\u201d<\/p>\n\n\n\n<h2 class=\"wp-block-heading\">Cenas de interven\u00e7\u00e3o divina<\/h2>\n\n\n\n<p>Os restauradores est\u00e3o removendo extensos dep\u00f3sitos pretos e acinzentados, preenchendo rachaduras, reparando quebras e tratando a eros\u00e3o do m\u00e1rmore causada por d\u00e9cadas de exposi\u00e7\u00e3o \u00e0 polui\u00e7\u00e3o, \u00e0 chuva e ao vento. Eles tamb\u00e9m descobriram que materiais inadequados usados em restaura\u00e7\u00f5es do s\u00e9culo 19 comprometeram o fr\u00e1gil m\u00e1rmore de Carrara. Esses materiais agora est\u00e3o sendo removidos.<\/p>\n\n\n\n<p>A coluna \u00e9 um dos poucos monumentos de guerra da era romana que ainda permanecem em seu local original. Ela fica em frente ao Palazzo Chigi, resid\u00eancia oficial do primeiro-ministro da It\u00e1lia, constru\u00eddo em 1562, ligando a Roma antiga ao Estado moderno.<\/p>\n\n\n\n<p>Frisos em espiral que retratam as guerras do Imp\u00e9rio Romano sob Marco Aur\u00e9lio envolvem o monumento 23 vezes, formando uma narrativa cont\u00ednua da base ao topo. Moldes de gesso feitos em 1955 est\u00e3o expostos no Museu da Civiliza\u00e7\u00e3o Romana, na capital italiana, e continuam sendo um recurso importante para estudiosos.<\/p>\n\n\n\n<p>A torre \u00e9 composta por 18 tambores de m\u00e1rmore esculpidos com mais de 2.000 figuras, incluindo soldados, prisioneiros, deuses e animais. H\u00e1 at\u00e9 uma cena de interven\u00e7\u00e3o divina na forma de um dil\u00favio de chuva. Marco Aur\u00e9lio aparece repetidamente. Embora as cenas sejam dif\u00edceis de distinguir a partir do solo, elas s\u00e3o impressionantes de perto.<\/p>\n\n\n\n<p>Em 1589, a est\u00e1tua original de Marco Aur\u00e9lio no topo da coluna foi substitu\u00edda por uma est\u00e1tua de bronze de S\u00e3o Paulo. Uma restaura\u00e7\u00e3o posterior, nos anos 1980, utilizou materiais inadequados, que agora foram removidos.<\/p>\n\n\n\n<p>A pra\u00e7a ao redor da coluna foi fechada ap\u00f3s uma tentativa de assassinato em 2013 contra guardas do Palazzo Chigi e s\u00f3 foi reaberta em 2023.<\/p>\n\n\n\n<p>A restaura\u00e7\u00e3o a laser est\u00e1 programada para ser conclu\u00edda no in\u00edcio de 2026.<\/p>\n\n\n\n<figure class=\"wp-block-image is-resized\"><img decoding=\"async\" src=\"https:\/\/admin.cnnbrasil.com.br\/wp-content\/uploads\/sites\/12\/2025\/12\/coluna-marco-aurelio-roma.jpg?w=419&amp;h=283&amp;crop=0\" alt=\"Detalhes da Coluna de Marco Aur\u00e9lio, de m\u00e1rmore com 1.840 anos, que se eleva sobre o centro de Roma\" style=\"width:740px;height:auto\"\/><\/figure>\n\n\n\n<p class=\"has-small-font-size\">Detalhes da Coluna de Marco Aur\u00e9lio, de m\u00e1rmore com 1.840 anos, que se eleva sobre o centro de Roma\u00a0 \u2022\u00a0Edwin Remsberg\/VWPics\/Universal Images Group <\/p>\n\n\n\n<p>Fonte CNN Brasil <\/p>\n","protected":false},"excerpt":{"rendered":"<p>Esse \u00e9 um dos poucos monumentos de guerra da era romana que permanece em seu local original Cenas v\u00edvidas de decapita\u00e7\u00f5es em campos de batalha e de prisioneiras arrastadas pelos cabelos, esculpidas na Coluna de Marco Aur\u00e9lio, de m\u00e1rmore com 1.840 anos, que se eleva sobre o\u00a0centro de Roma, est\u00e3o sendo trazidas de volta ao [&hellip;]<\/p>\n","protected":false},"author":8,"featured_media":30168,"comment_status":"closed","ping_status":"open","sticky":false,"template":"","format":"standard","meta":{"rop_custom_images_group":[],"rop_custom_messages_group":[],"rop_publish_now":"initial","rop_publish_now_accounts":[],"rop_publish_now_history":[],"rop_publish_now_status":"pending","footnotes":""},"categories":[212],"tags":[],"class_list":["post-30167","post","type-post","status-publish","format-standard","has-post-thumbnail","hentry","category-internacional"],"amp_enabled":true,"_links":{"self":[{"href":"https:\/\/imais.online\/portal\/wp-json\/wp\/v2\/posts\/30167","targetHints":{"allow":["GET"]}}],"collection":[{"href":"https:\/\/imais.online\/portal\/wp-json\/wp\/v2\/posts"}],"about":[{"href":"https:\/\/imais.online\/portal\/wp-json\/wp\/v2\/types\/post"}],"author":[{"embeddable":true,"href":"https:\/\/imais.online\/portal\/wp-json\/wp\/v2\/users\/8"}],"replies":[{"embeddable":true,"href":"https:\/\/imais.online\/portal\/wp-json\/wp\/v2\/comments?post=30167"}],"version-history":[{"count":1,"href":"https:\/\/imais.online\/portal\/wp-json\/wp\/v2\/posts\/30167\/revisions"}],"predecessor-version":[{"id":30169,"href":"https:\/\/imais.online\/portal\/wp-json\/wp\/v2\/posts\/30167\/revisions\/30169"}],"wp:featuredmedia":[{"embeddable":true,"href":"https:\/\/imais.online\/portal\/wp-json\/wp\/v2\/media\/30168"}],"wp:attachment":[{"href":"https:\/\/imais.online\/portal\/wp-json\/wp\/v2\/media?parent=30167"}],"wp:term":[{"taxonomy":"category","embeddable":true,"href":"https:\/\/imais.online\/portal\/wp-json\/wp\/v2\/categories?post=30167"},{"taxonomy":"post_tag","embeddable":true,"href":"https:\/\/imais.online\/portal\/wp-json\/wp\/v2\/tags?post=30167"}],"curies":[{"name":"wp","href":"https:\/\/api.w.org\/{rel}","templated":true}]}}