{"id":30186,"date":"2025-12-30T15:04:35","date_gmt":"2025-12-30T18:04:35","guid":{"rendered":"https:\/\/imais.online\/portal\/?p=30186"},"modified":"2025-12-30T15:04:35","modified_gmt":"2025-12-30T18:04:35","slug":"gc-de-indaiatuba-recupera-motocicleta-furtada-e-prende-3","status":"publish","type":"post","link":"https:\/\/imais.online\/portal\/gc-de-indaiatuba-recupera-motocicleta-furtada-e-prende-3\/","title":{"rendered":"GC de Indaiatuba recupera motocicleta furtada e prende 3"},"content":{"rendered":"<div class=\"imais-before-content-placement\" id=\"imais-2333914425\"><script async src=\"\/\/pagead2.googlesyndication.com\/pagead\/js\/adsbygoogle.js?client=ca-pub-8787528412751566\" crossorigin=\"anonymous\"><\/script><ins class=\"adsbygoogle\" style=\"display:block;\" data-ad-client=\"ca-pub-8787528412751566\" \ndata-ad-slot=\"\" \ndata-ad-format=\"auto\"><\/ins>\n<script> \n(adsbygoogle = window.adsbygoogle || []).push({}); \n<\/script>\n<\/div>\n<p>A Guarda Civil de Indaiatuba deteve tr\u00eas indiv\u00edduos na madrugada desta segunda-feira (29) envolvidos em furtos de motocicletas no munic\u00edpio.<\/p>\n\n\n\n<p>O <a><\/a>COI, Centro de Opera\u00e7\u00f5es e Intelig\u00eancia da Guarda Civil, recebeu informa\u00e7\u00f5es sobre indiv\u00edduos tentando realizar furtos de motos na regi\u00e3o central da cidade. Por meio do sistema de monitoramento, foi identificado o ve\u00edculo utilizado pelos suspeitos, um Ford Ka, e as equipes em patrulhamento foram imediatamente informadas.<\/p>\n\n\n\n<p>As viaturas lograram \u00eaxito em localizar os suspeitos no Jardim Adriana. No local, dois indiv\u00edduos foram flagrados empurrando uma motocicleta Yamaha MT-07, que tentavam furtar, enquanto o terceiro permanecia no interior do ve\u00edculo, dando cobertura \u00e0 a\u00e7\u00e3o criminosa. Durante a vistoria no carro, os agentes localizaram diversos retrovisores de motocicletas furtados, al\u00e9m de uma chave micha, utilizada para a pr\u00e1tica dos crimes.<\/p>\n\n\n\n<p>Diante dos fatos, os tr\u00eas indiv\u00edduos, dois maiores e um menor, foram detidos e apresentados na delegacia de pol\u00edcia, onde os maiores permaneceram presos em flagrante e o menor foi recolhido a funda\u00e7\u00e3o Casa.<\/p>\n","protected":false},"excerpt":{"rendered":"<p>A Guarda Civil de Indaiatuba deteve tr\u00eas indiv\u00edduos na madrugada desta segunda-feira (29) envolvidos em furtos de motocicletas no munic\u00edpio. O COI, Centro de Opera\u00e7\u00f5es e Intelig\u00eancia da Guarda Civil, recebeu informa\u00e7\u00f5es sobre indiv\u00edduos tentando realizar furtos de motos na regi\u00e3o central da cidade. Por meio do sistema de monitoramento, foi identificado o ve\u00edculo utilizado [&hellip;]<\/p>\n","protected":false},"author":7,"featured_media":30187,"comment_status":"closed","ping_status":"open","sticky":false,"template":"","format":"standard","meta":{"rop_custom_images_group":[],"rop_custom_messages_group":[],"rop_publish_now":"initial","rop_publish_now_accounts":[],"rop_publish_now_history":[],"rop_publish_now_status":"pending","footnotes":""},"categories":[188],"tags":[],"class_list":["post-30186","post","type-post","status-publish","format-standard","has-post-thumbnail","hentry","category-indaiatuba"],"amp_enabled":true,"_links":{"self":[{"href":"https:\/\/imais.online\/portal\/wp-json\/wp\/v2\/posts\/30186","targetHints":{"allow":["GET"]}}],"collection":[{"href":"https:\/\/imais.online\/portal\/wp-json\/wp\/v2\/posts"}],"about":[{"href":"https:\/\/imais.online\/portal\/wp-json\/wp\/v2\/types\/post"}],"author":[{"embeddable":true,"href":"https:\/\/imais.online\/portal\/wp-json\/wp\/v2\/users\/7"}],"replies":[{"embeddable":true,"href":"https:\/\/imais.online\/portal\/wp-json\/wp\/v2\/comments?post=30186"}],"version-history":[{"count":1,"href":"https:\/\/imais.online\/portal\/wp-json\/wp\/v2\/posts\/30186\/revisions"}],"predecessor-version":[{"id":30188,"href":"https:\/\/imais.online\/portal\/wp-json\/wp\/v2\/posts\/30186\/revisions\/30188"}],"wp:featuredmedia":[{"embeddable":true,"href":"https:\/\/imais.online\/portal\/wp-json\/wp\/v2\/media\/30187"}],"wp:attachment":[{"href":"https:\/\/imais.online\/portal\/wp-json\/wp\/v2\/media?parent=30186"}],"wp:term":[{"taxonomy":"category","embeddable":true,"href":"https:\/\/imais.online\/portal\/wp-json\/wp\/v2\/categories?post=30186"},{"taxonomy":"post_tag","embeddable":true,"href":"https:\/\/imais.online\/portal\/wp-json\/wp\/v2\/tags?post=30186"}],"curies":[{"name":"wp","href":"https:\/\/api.w.org\/{rel}","templated":true}]}}