{"id":30193,"date":"2026-01-02T10:06:51","date_gmt":"2026-01-02T13:06:51","guid":{"rendered":"https:\/\/imais.online\/portal\/?p=30193"},"modified":"2026-01-02T10:06:52","modified_gmt":"2026-01-02T13:06:52","slug":"jovem-italiano-de-17-anos-e-a-primeira-vitima-identificada-em-tragedia-nos-alpes-suicos-numero-de-mortos-sobe-para-47","status":"publish","type":"post","link":"https:\/\/imais.online\/portal\/jovem-italiano-de-17-anos-e-a-primeira-vitima-identificada-em-tragedia-nos-alpes-suicos-numero-de-mortos-sobe-para-47\/","title":{"rendered":"Jovem italiano de 17 anos \u00e9 a primeira v\u00edtima identificada em trag\u00e9dia nos Alpes su\u00ed\u00e7os; n\u00famero de mortos sobe para 47"},"content":{"rendered":"<div class=\"imais-before-content-placement\" id=\"imais-1505106441\"><script async src=\"\/\/pagead2.googlesyndication.com\/pagead\/js\/adsbygoogle.js?client=ca-pub-8787528412751566\" crossorigin=\"anonymous\"><\/script><ins class=\"adsbygoogle\" style=\"display:block;\" data-ad-client=\"ca-pub-8787528412751566\" \ndata-ad-slot=\"\" \ndata-ad-format=\"auto\"><\/ins>\n<script> \n(adsbygoogle = window.adsbygoogle || []).push({}); \n<\/script>\n<\/div>\n<h2 class=\"wp-block-heading\">Federa\u00e7\u00e3o Italiana de Golfe confirma a morte de Emanuele Galeppini, jovem atleta italiano<\/h2>\n\n\n\n<p><\/p>\n\n\n\n<p>Um turista italiano de 17 anos foi a primeira v\u00edtima identificada no\u00a0<a href=\"https:\/\/oglobo.globo.com\/mundo\/noticia\/2026\/01\/01\/incendio-durante-festa-de-ano-novo-em-estacao-de-esqui-de-luxo-na-suica-deixa-varios-mortos.ghtml\" class=\"\">inc\u00eandio que atingiu o bar de uma esta\u00e7\u00e3o de esqui<\/a>\u00a0durante uma festa de r\u00e9veillon em Crans-Montana, nos Alpes su\u00ed\u00e7os. A morte do jovem Emanuele Galeppini foi anunciada ainda na quinta-feira pela Federa\u00e7\u00e3o Italiana de Golfe, \u00e0 qual ele era filiado como atleta, enquanto autoridades su\u00ed\u00e7as realizam a remo\u00e7\u00e3o dos corpos e iniciam um processo de identifica\u00e7\u00e3o oficial, bem como avan\u00e7am com a apura\u00e7\u00e3o sobre as causas do inc\u00eandio \u2014 com uma hip\u00f3tese envolvendo o uso de sinalizadores surgindo como principal linha de investiga\u00e7\u00e3o. O n\u00famero de mortos subiu para 47, segundo autoridades europeias.<\/p>\n\n\n\n<p>&#8220;Neste momento de grande consterna\u00e7\u00e3o, os nossos pensamentos est\u00e3o com a sua fam\u00edlia e todos os que gostavam dele [Galeppini]&#8221;, escreveu a federa\u00e7\u00e3o italiana, lamentando a perda do jovem e manifestando solidariedade \u00e0 fam\u00edlia e aos amigos do jovem, descrito como um &#8220;atleta apaixonado e com valores aut\u00eanticos&#8221;.<\/p>\n\n\n\n<p>A ag\u00eancia de not\u00edcias francesa AFP noticiou que os corpos das v\u00edtimas do inc\u00eandio come\u00e7aram a ser transportados para um centro funer\u00e1rio na cidade de Sion, por volta das 11h (07h em Bras\u00edlia). Mais cedo, o ministro dos Neg\u00f3cios Estrangeiros da It\u00e1lia, Antonio Tajani, afirmou que um novo balan\u00e7o indicou que h\u00e1 47 mortos \u2014 valor que ainda pode aumentar, considerando que h\u00e1 relatos de feridos com gravidade, entre os cerca de 115 socorridos.<\/p>\n\n\n\n<p>Em declara\u00e7\u00f5es citadas pela ag\u00eancia ANSA, Tajani indicou que o governo italiano acompanha de perto as opera\u00e7\u00f5es no local, j\u00e1 que muitas das pessoas que estavam no bar La Constellation, atingido pelo inc\u00eandio, eram de nacionalidade italiana.<\/p>\n\n\n\n<p>Equipes de emerg\u00eancia seguem atuando na \u00e1rea da esta\u00e7\u00e3o de esqui, e governos de diferentes pa\u00edses mant\u00eam coopera\u00e7\u00e3o direta para prestar apoio \u00e0s fam\u00edlias. Feridos foram levados para v\u00e1rios hospitais em Lausanne, Genebra e Zurique, ou transferidos para Fran\u00e7a e It\u00e1lia. Uma c\u00e9lula de crise foi instalada no centro de conven\u00e7\u00f5es de Crans-Montana para receber e orientar as fam\u00edlias.<\/p>\n\n\n\n<p>Embora as identidades ainda n\u00e3o tenham sido confirmadas de forma oficial por Zurique, pa\u00edses da Europa come\u00e7am a confirmar o perfil das v\u00edtimas \u2014 muitos deles, turistas. O Minist\u00e9rio das Rela\u00e7\u00f5es Exteriores da Fran\u00e7a falam em nove de seus nacionais entre os feridos, e oito sem localiza\u00e7\u00e3o sabida. A It\u00e1lia fala em 15 feridos e um n\u00famero similar de desaparecidos.<\/p>\n\n\n\n<p>Enquanto o processo de identifica\u00e7\u00e3o avan\u00e7a \u2014 trabalho que tende a se prolongar, uma vez que as v\u00edtimas est\u00e3o com os corpos em condi\u00e7\u00f5es que dificultam o reconhecimento imediato \u2014, uma linha de investiga\u00e7\u00e3o principal come\u00e7a a se definir.<\/p>\n\n\n\n<p>Imagens filmadas no interior do bar \u2014 uma estrutura de dois andares, incluindo um andar subterr\u00e2neo \u2014 indicam que sinalizadores colocados em garrafas de champanhe podem ter dado in\u00edcio \u00e0 trag\u00e9dia, no momento em que as chamas atingiram o teto, criando as chamas que se alastraram. Segundo v\u00e1rias pessoas, o uso de pirotecnia era algo habitual no estabelecimento.<\/p>\n\n\n\n<p>As paredes dos edif\u00edcios adjacentes ao bar n\u00e3o apresentavam marcas nesta sexta-feira, e mesmo a placa do bar parecia intacta, assim como a estrutura de madeira da varanda \u2014 o que leva a crer que o inc\u00eandio se concentrou sobretudo no subsolo. Testemunhas descreveram cenas de horror, com pessoas tentando quebrar as janelas para escapar, enquanto outras, cobertas de queimaduras, corriam para a rua.<\/p>\n\n\n\n<p>Fonte O Globo <\/p>\n","protected":false},"excerpt":{"rendered":"<p>Federa\u00e7\u00e3o Italiana de Golfe confirma a morte de Emanuele Galeppini, jovem atleta italiano Um turista italiano de 17 anos foi a primeira v\u00edtima identificada no\u00a0inc\u00eandio que atingiu o bar de uma esta\u00e7\u00e3o de esqui\u00a0durante uma festa de r\u00e9veillon em Crans-Montana, nos Alpes su\u00ed\u00e7os. A morte do jovem Emanuele Galeppini foi anunciada ainda na quinta-feira pela [&hellip;]<\/p>\n","protected":false},"author":8,"featured_media":30194,"comment_status":"closed","ping_status":"open","sticky":false,"template":"","format":"standard","meta":{"rop_custom_images_group":[],"rop_custom_messages_group":[],"rop_publish_now":"initial","rop_publish_now_accounts":[],"rop_publish_now_history":[],"rop_publish_now_status":"pending","footnotes":""},"categories":[212],"tags":[],"class_list":["post-30193","post","type-post","status-publish","format-standard","has-post-thumbnail","hentry","category-internacional"],"amp_enabled":true,"_links":{"self":[{"href":"https:\/\/imais.online\/portal\/wp-json\/wp\/v2\/posts\/30193","targetHints":{"allow":["GET"]}}],"collection":[{"href":"https:\/\/imais.online\/portal\/wp-json\/wp\/v2\/posts"}],"about":[{"href":"https:\/\/imais.online\/portal\/wp-json\/wp\/v2\/types\/post"}],"author":[{"embeddable":true,"href":"https:\/\/imais.online\/portal\/wp-json\/wp\/v2\/users\/8"}],"replies":[{"embeddable":true,"href":"https:\/\/imais.online\/portal\/wp-json\/wp\/v2\/comments?post=30193"}],"version-history":[{"count":1,"href":"https:\/\/imais.online\/portal\/wp-json\/wp\/v2\/posts\/30193\/revisions"}],"predecessor-version":[{"id":30195,"href":"https:\/\/imais.online\/portal\/wp-json\/wp\/v2\/posts\/30193\/revisions\/30195"}],"wp:featuredmedia":[{"embeddable":true,"href":"https:\/\/imais.online\/portal\/wp-json\/wp\/v2\/media\/30194"}],"wp:attachment":[{"href":"https:\/\/imais.online\/portal\/wp-json\/wp\/v2\/media?parent=30193"}],"wp:term":[{"taxonomy":"category","embeddable":true,"href":"https:\/\/imais.online\/portal\/wp-json\/wp\/v2\/categories?post=30193"},{"taxonomy":"post_tag","embeddable":true,"href":"https:\/\/imais.online\/portal\/wp-json\/wp\/v2\/tags?post=30193"}],"curies":[{"name":"wp","href":"https:\/\/api.w.org\/{rel}","templated":true}]}}