{"id":30213,"date":"2026-01-04T20:45:46","date_gmt":"2026-01-04T23:45:46","guid":{"rendered":"https:\/\/imais.online\/portal\/?p=30213"},"modified":"2026-01-04T20:45:46","modified_gmt":"2026-01-04T23:45:46","slug":"governo-interino-da-venezuela-afirma-que-esta-unido-em-apoio-a-maduro-apos-acao-dos-eua","status":"publish","type":"post","link":"https:\/\/imais.online\/portal\/governo-interino-da-venezuela-afirma-que-esta-unido-em-apoio-a-maduro-apos-acao-dos-eua\/","title":{"rendered":"Governo interino da Venezuela afirma que est\u00e1 unido em apoio a Maduro ap\u00f3s a\u00e7\u00e3o dos EUA"},"content":{"rendered":"<div class=\"imais-before-content-placement\" id=\"imais-2075688403\"><script async src=\"\/\/pagead2.googlesyndication.com\/pagead\/js\/adsbygoogle.js?client=ca-pub-8787528412751566\" crossorigin=\"anonymous\"><\/script><ins class=\"adsbygoogle\" style=\"display:block;\" data-ad-client=\"ca-pub-8787528412751566\" \ndata-ad-slot=\"\" \ndata-ad-format=\"auto\"><\/ins>\n<script> \n(adsbygoogle = window.adsbygoogle || []).push({}); \n<\/script>\n<\/div>\n<h2 class=\"wp-block-heading\">Autoridades venezuelanas classificam como sequestro a captura de Maduro; \u2018Que ningu\u00e9m caia nas provoca\u00e7\u00f5es do inimigo\u2019, diz ministro<\/h2>\n\n\n\n<p><\/p>\n\n\n\n<p>Uma importante autoridade venezuelana declarou neste domingo (4) que o governo do pa\u00eds permaneceria unido em apoio ao presidente Nicol\u00e1s Maduro, cuja captura pelos Estados Unidos gerou&nbsp;<a href=\"https:\/\/noticias.r7.com\/internacional\/casas-foram-destruidas-em-ataque-dos-eua-a-venezuela-nao-ha-dados-oficiais-sobre-mortes-04012026\/\" target=\"_blank\" rel=\"noreferrer noopener\">profunda incerteza<\/a>&nbsp;sobre o futuro da na\u00e7\u00e3o, rica em petr\u00f3leo.<\/p>\n\n\n\n<p>Maduro est\u00e1 em um centro de deten\u00e7\u00e3o em Nova York, aguardando para comparecer a um tribunal nesta segunda-feira (5), sob acusa\u00e7\u00e3o de tr\u00e1fico de drogas.<\/p>\n\n\n\n<p>O presidente dos Estados Unidos, Donald Trump, que foi jogar golfe nesta tarde, ordenou sua retirada da Venezuela no s\u00e1bado e declarou que os EUA assumiriam o controle do pa\u00eds.<\/p>\n\n\n\n<p>Enquanto isso, em Caracas, as principais autoridades do governo de Maduro classificaram a a\u00e7\u00e3o como sequestro e seguiam no comando da Venezuela.<\/p>\n\n\n\n<p>\u201cAqui, a unidade da for\u00e7a revolucion\u00e1ria est\u00e1 mais do que garantida, e aqui h\u00e1 apenas um presidente, cujo nome \u00e9 Nicol\u00e1s Maduro Moros. Que ningu\u00e9m caia nas provoca\u00e7\u00f5es do inimigo\u201d, discursou o ministro do Interior, Diosdado Cabello, em uma grava\u00e7\u00e3o de \u00e1udio divulgada pelo partido socialista governista PSUV.<\/p>\n\n\n\n<h3 class=\"wp-block-heading\">Formas Armadas acionadas<\/h3>\n\n\n\n<p>As imagens de Maduro, de 63 anos, com os olhos vendados e algemado no s\u00e1bado deixaram os venezuelanos at\u00f4nitos. A opera\u00e7\u00e3o foi a interven\u00e7\u00e3o mais pol\u00eamica de Washington na Am\u00e9rica Latina desde a invas\u00e3o do Panam\u00e1, h\u00e1 37 anos.<\/p>\n\n\n\n<p>Sem fornecer detalhes, o ministro da Defesa, general Vladimir Padrino, disse na televis\u00e3o estatal que o ataque dos EUA matou soldados, civis e uma \u201cgrande parte\u201d da equipe de seguran\u00e7a de Maduro \u201c<a href=\"https:\/\/noticias.r7.com\/internacional\/equipe-de-seguranca-de-maduro-foi-morta-a-sangue-frio-diz-ministro-04012026\/\" target=\"_blank\" rel=\"noreferrer noopener\">a sangue frio<\/a>\u201d. As For\u00e7as Armadas da Venezuela foram ativadas para garantir a soberania, segundo ele.<\/p>\n\n\n\n<p>A vice-presidente&nbsp;<a href=\"https:\/\/noticias.r7.com\/internacional\/forcas-armadas-da-venezuela-reconhecem-vice-como-presidente-interina-04012026\/\" target=\"_blank\" rel=\"noreferrer noopener\">Delcy Rodr\u00edguez<\/a>&nbsp;\u2014 que tamb\u00e9m atua como ministra do Petr\u00f3leo \u2014 assumiu o cargo de l\u00edder interina com a b\u00ean\u00e7\u00e3o da Suprema Corte da Venezuela, embora ela tenha dito que Maduro continua sendo presidente.<\/p>\n\n\n\n<p>Por causa de suas conex\u00f5es com o setor privado e seu profundo sobre petr\u00f3leo, a principal fonte de receita do pa\u00eds, Rodr\u00edguez tem sido considerada a integrante mais pragm\u00e1tica do c\u00edrculo interno de Maduro. Mas ela contradisse publicamente a afirma\u00e7\u00e3o de Trump de que estaria disposta a trabalhar com os EUA.<\/p>\n\n\n\n<p>Trump declarou que Rodr\u00edguez pode pagar um pre\u00e7o maior do que o de Maduro \u201c<a href=\"https:\/\/noticias.r7.com\/internacional\/se-ela-nao-fizer-o-que-e-certo-pagara-um-preco-muito-alto-diz-trump-sobre-vice-da-venezuela-04012026\/\" target=\"_blank\" rel=\"noreferrer noopener\">se ela n\u00e3o fizer o que deve<\/a>\u201d, de acordo com uma entrevista \u00e0 revista The Atlantic ocorrida neste domingo.<\/p>\n\n\n\n<p>O Minist\u00e9rio das Comunica\u00e7\u00f5es da Venezuela n\u00e3o respondeu imediatamente a um pedido de coment\u00e1rio sobre essa observa\u00e7\u00e3o.<\/p>\n\n\n\n<h3 class=\"wp-block-heading\">Alinhado com os EUA<\/h3>\n\n\n\n<p>O secret\u00e1rio de Estado dos EUA, Marco Rubio, disse que o pr\u00f3ximo l\u00edder da Venezuela deve estar alinhado com os interesses dos EUA \u2014 que incluem, segundo as autoridades norte-americanas, manter o setor petrol\u00edfero da Venezuela fora das m\u00e3os dos advers\u00e1rios e acabar com o tr\u00e1fico de drogas. Rubio citou um bloqueio dos EUA aos navios-tanque sob san\u00e7\u00f5es como alavanca.<\/p>\n\n\n\n<p>\u201cTemos uma quarentena em seu petr\u00f3leo\u201d, afirmou Rubio no programa \u201cThis Week\u201d, da ABC. \u201cIsso significa que sua economia n\u00e3o poder\u00e1 avan\u00e7ar at\u00e9 que as condi\u00e7\u00f5es que s\u00e3o do interesse nacional dos EUA e do interesse do povo venezuelano sejam atendidas\u201d, amea\u00e7ou.<\/p>\n\n\n\n<p>O governo venezuelano tem dito h\u00e1 meses que Trump estava tentando se apoderar dos vastos recursos naturais do pa\u00eds, especialmente o petr\u00f3leo, e as autoridades deram destaque ao seu coment\u00e1rio no s\u00e1bado de que as principais empresas petrol\u00edferas dos EUA se mudariam para l\u00e1.<\/p>\n\n\n\n<h3 class=\"wp-block-heading\">\u2018S\u00f3 querem nosso petr\u00f3leo\u2019<\/h3>\n\n\n\n<p>\u201cEstamos indignados porque, no final, tudo foi revelado \u2014 foi revelado que eles s\u00f3 querem nosso petr\u00f3leo\u201d, ressaltou o ministro Diosdado Cabello.<\/p>\n\n\n\n<p>A economia da Venezuela, que j\u00e1 foi uma das na\u00e7\u00f5es mais pr\u00f3speras da Am\u00e9rica Latina, afundou na d\u00e9cada de 2000 sob o comando do presidente Hugo Ch\u00e1vez e despencou ainda mais na gest\u00e3o de Maduro. As medidas provocaram um dos maiores \u00eaxodos do mundo: um em cada cinco venezuelanos j\u00e1 foi para o exterior.<\/p>\n\n\n\n<p>Fonte R7 <\/p>\n","protected":false},"excerpt":{"rendered":"<p>Autoridades venezuelanas classificam como sequestro a captura de Maduro; \u2018Que ningu\u00e9m caia nas provoca\u00e7\u00f5es do inimigo\u2019, diz ministro Uma importante autoridade venezuelana declarou neste domingo (4) que o governo do pa\u00eds permaneceria unido em apoio ao presidente Nicol\u00e1s Maduro, cuja captura pelos Estados Unidos gerou&nbsp;profunda incerteza&nbsp;sobre o futuro da na\u00e7\u00e3o, rica em petr\u00f3leo. Maduro est\u00e1 [&hellip;]<\/p>\n","protected":false},"author":8,"featured_media":30216,"comment_status":"closed","ping_status":"open","sticky":false,"template":"","format":"standard","meta":{"rop_custom_images_group":[],"rop_custom_messages_group":[],"rop_publish_now":"initial","rop_publish_now_accounts":[],"rop_publish_now_history":[],"rop_publish_now_status":"pending","footnotes":""},"categories":[212],"tags":[],"class_list":["post-30213","post","type-post","status-publish","format-standard","has-post-thumbnail","hentry","category-internacional"],"amp_enabled":true,"_links":{"self":[{"href":"https:\/\/imais.online\/portal\/wp-json\/wp\/v2\/posts\/30213","targetHints":{"allow":["GET"]}}],"collection":[{"href":"https:\/\/imais.online\/portal\/wp-json\/wp\/v2\/posts"}],"about":[{"href":"https:\/\/imais.online\/portal\/wp-json\/wp\/v2\/types\/post"}],"author":[{"embeddable":true,"href":"https:\/\/imais.online\/portal\/wp-json\/wp\/v2\/users\/8"}],"replies":[{"embeddable":true,"href":"https:\/\/imais.online\/portal\/wp-json\/wp\/v2\/comments?post=30213"}],"version-history":[{"count":1,"href":"https:\/\/imais.online\/portal\/wp-json\/wp\/v2\/posts\/30213\/revisions"}],"predecessor-version":[{"id":30217,"href":"https:\/\/imais.online\/portal\/wp-json\/wp\/v2\/posts\/30213\/revisions\/30217"}],"wp:featuredmedia":[{"embeddable":true,"href":"https:\/\/imais.online\/portal\/wp-json\/wp\/v2\/media\/30216"}],"wp:attachment":[{"href":"https:\/\/imais.online\/portal\/wp-json\/wp\/v2\/media?parent=30213"}],"wp:term":[{"taxonomy":"category","embeddable":true,"href":"https:\/\/imais.online\/portal\/wp-json\/wp\/v2\/categories?post=30213"},{"taxonomy":"post_tag","embeddable":true,"href":"https:\/\/imais.online\/portal\/wp-json\/wp\/v2\/tags?post=30213"}],"curies":[{"name":"wp","href":"https:\/\/api.w.org\/{rel}","templated":true}]}}