{"id":30218,"date":"2026-01-04T20:51:31","date_gmt":"2026-01-04T23:51:31","guid":{"rendered":"https:\/\/imais.online\/portal\/?p=30218"},"modified":"2026-01-04T20:51:32","modified_gmt":"2026-01-04T23:51:32","slug":"se-ela-nao-fizer-o-que-e-certo-pagara-um-preco-muito-alto-diz-trump-sobre-vice-da-venezuela","status":"publish","type":"post","link":"https:\/\/imais.online\/portal\/se-ela-nao-fizer-o-que-e-certo-pagara-um-preco-muito-alto-diz-trump-sobre-vice-da-venezuela\/","title":{"rendered":"\u2018Se ela n\u00e3o fizer o que \u00e9 certo, pagar\u00e1 um pre\u00e7o muito alto\u2019, diz Trump sobre vice da Venezuela"},"content":{"rendered":"<div class=\"imais-before-content-placement\" id=\"imais-2464344943\"><script async src=\"\/\/pagead2.googlesyndication.com\/pagead\/js\/adsbygoogle.js?client=ca-pub-8787528412751566\" crossorigin=\"anonymous\"><\/script><ins class=\"adsbygoogle\" style=\"display:block;\" data-ad-client=\"ca-pub-8787528412751566\" \ndata-ad-slot=\"\" \ndata-ad-format=\"auto\"><\/ins>\n<script> \n(adsbygoogle = window.adsbygoogle || []).push({}); \n<\/script>\n<\/div>\n<h2 class=\"wp-block-heading\">Presidente dos EUA amea\u00e7a Delcy Rodr\u00edguez, afirmando que consequ\u00eancias para ela podem ser piores do que as de Maduro<\/h2>\n\n\n\n<p><\/p>\n\n\n\n<p>O presidente dos EUA,&nbsp;<a href=\"https:\/\/noticias.r7.com\/internacional\/plano-de-trump-de-revitalizar-industria-petrolifera-da-venezuela-deve-enfrentar-dificuldades-04012026\/\" target=\"_blank\" rel=\"noreferrer noopener\">Donald Trump<\/a>, afirmou neste domingo (4) que a vice-presidente venezuelana,&nbsp;<a href=\"https:\/\/noticias.r7.com\/internacional\/quem-e-delcy-rodriguez-lider-da-venezuela-apos-a-captura-de-maduro-04012026\/\" target=\"_blank\" rel=\"noreferrer noopener\">Delcy Rodr\u00edguez<\/a>, pode pagar um pre\u00e7o maior do que o l\u00edder capturado Nicol\u00e1s Maduro \u201cse ela n\u00e3o fizer o que \u00e9 certo\u201d. A declara\u00e7\u00e3o foi dada em entrevista \u00e0 revista The Atlantic.<\/p>\n\n\n\n<p>Inicialmente, Trump elogiou Rodr\u00edguez no s\u00e1bado (3), ap\u00f3s as for\u00e7as norte-americanas prenderem o l\u00edder venezuelano, Nicol\u00e1s Maduro, e sua esposa em Caracas. Rodr\u00edguez afirmou, no entanto, que seu pa\u00eds defenderia seus recursos naturais.<\/p>\n\n\n\n<p>\u201cSe ela n\u00e3o fizer o que \u00e9 certo, pagar\u00e1 um pre\u00e7o muito alto, provavelmente maior do que Maduro\u201d, amea\u00e7ou Trump, em entrevista por telefone concedida pelo presidente norte-americano ao chegar a seu campo de golfe em West Palm Beach, na Fl\u00f3rida.<\/p>\n\n\n\n<p>O presidente dos EUA defendeu sua decis\u00e3o de prender Maduro \u00e0 for\u00e7a. \u201cSabe, reconstruir o pa\u00eds e promover uma mudan\u00e7a de regime, como queiram chamar, \u00e9 melhor do que a situa\u00e7\u00e3o atual. N\u00e3o pode piorar\u201d, disse.<\/p>\n\n\n\n<p>Trump acrescentou que outros pa\u00edses podem estar sujeitos \u00e0 interven\u00e7\u00e3o norte-americana. \u201cPrecisamos da Groenl\u00e2ndia, com certeza\u201d, declarou, referindo-se \u00e0 ilha que faz parte da Dinamarca, pa\u00eds membro da Otan.<\/p>\n\n\n\n<p>Fonte R7 <\/p>\n","protected":false},"excerpt":{"rendered":"<p>Presidente dos EUA amea\u00e7a Delcy Rodr\u00edguez, afirmando que consequ\u00eancias para ela podem ser piores do que as de Maduro O presidente dos EUA,&nbsp;Donald Trump, afirmou neste domingo (4) que a vice-presidente venezuelana,&nbsp;Delcy Rodr\u00edguez, pode pagar um pre\u00e7o maior do que o l\u00edder capturado Nicol\u00e1s Maduro \u201cse ela n\u00e3o fizer o que \u00e9 certo\u201d. A declara\u00e7\u00e3o [&hellip;]<\/p>\n","protected":false},"author":8,"featured_media":30219,"comment_status":"closed","ping_status":"open","sticky":false,"template":"","format":"standard","meta":{"rop_custom_images_group":[],"rop_custom_messages_group":[],"rop_publish_now":"initial","rop_publish_now_accounts":[],"rop_publish_now_history":[],"rop_publish_now_status":"pending","footnotes":""},"categories":[212],"tags":[73],"class_list":["post-30218","post","type-post","status-publish","format-standard","has-post-thumbnail","hentry","category-internacional","tag-featured"],"amp_enabled":true,"_links":{"self":[{"href":"https:\/\/imais.online\/portal\/wp-json\/wp\/v2\/posts\/30218","targetHints":{"allow":["GET"]}}],"collection":[{"href":"https:\/\/imais.online\/portal\/wp-json\/wp\/v2\/posts"}],"about":[{"href":"https:\/\/imais.online\/portal\/wp-json\/wp\/v2\/types\/post"}],"author":[{"embeddable":true,"href":"https:\/\/imais.online\/portal\/wp-json\/wp\/v2\/users\/8"}],"replies":[{"embeddable":true,"href":"https:\/\/imais.online\/portal\/wp-json\/wp\/v2\/comments?post=30218"}],"version-history":[{"count":1,"href":"https:\/\/imais.online\/portal\/wp-json\/wp\/v2\/posts\/30218\/revisions"}],"predecessor-version":[{"id":30220,"href":"https:\/\/imais.online\/portal\/wp-json\/wp\/v2\/posts\/30218\/revisions\/30220"}],"wp:featuredmedia":[{"embeddable":true,"href":"https:\/\/imais.online\/portal\/wp-json\/wp\/v2\/media\/30219"}],"wp:attachment":[{"href":"https:\/\/imais.online\/portal\/wp-json\/wp\/v2\/media?parent=30218"}],"wp:term":[{"taxonomy":"category","embeddable":true,"href":"https:\/\/imais.online\/portal\/wp-json\/wp\/v2\/categories?post=30218"},{"taxonomy":"post_tag","embeddable":true,"href":"https:\/\/imais.online\/portal\/wp-json\/wp\/v2\/tags?post=30218"}],"curies":[{"name":"wp","href":"https:\/\/api.w.org\/{rel}","templated":true}]}}