{"id":30224,"date":"2026-01-04T21:17:40","date_gmt":"2026-01-05T00:17:40","guid":{"rendered":"https:\/\/imais.online\/portal\/?p=30224"},"modified":"2026-01-04T21:17:40","modified_gmt":"2026-01-05T00:17:40","slug":"na-onu-brasil-vai-reforcar-repudio-aos-ataques-dos-eua-a-venezuela","status":"publish","type":"post","link":"https:\/\/imais.online\/portal\/na-onu-brasil-vai-reforcar-repudio-aos-ataques-dos-eua-a-venezuela\/","title":{"rendered":"Na ONU, Brasil vai refor\u00e7ar rep\u00fadio aos ataques dos EUA \u00e0 Venezuela"},"content":{"rendered":"<div class=\"imais-before-content-placement\" id=\"imais-3842045517\"><script async src=\"\/\/pagead2.googlesyndication.com\/pagead\/js\/adsbygoogle.js?client=ca-pub-8787528412751566\" crossorigin=\"anonymous\"><\/script><ins class=\"adsbygoogle\" style=\"display:block;\" data-ad-client=\"ca-pub-8787528412751566\" \ndata-ad-slot=\"\" \ndata-ad-format=\"auto\"><\/ins>\n<script> \n(adsbygoogle = window.adsbygoogle || []).push({}); \n<\/script>\n<\/div>\n<h2 class=\"wp-block-heading\">A fala ocorreu em declara\u00e7\u00e3o \u00e0 imprensa logo ap\u00f3s uma reuni\u00e3o do governo federal para avaliar os ataques dos Estados Unidos \u00e0 Venezuela<\/h2>\n\n\n\n<p><\/p>\n\n\n\n<p>O Brasil vai refor\u00e7ar, em reuni\u00e3o do Conselho de Seguran\u00e7a da ONU, prevista para a pr\u00f3xima segunda-feira (5), o rep\u00fadio aos ataques dos Estados Unidos \u00e0 Venezuela e \u00e0 captura do ditador Nicol\u00e1s Maduro.<\/p>\n\n\n\n<p>A informa\u00e7\u00e3o foi confirmada pela ministra interina das Rela\u00e7\u00f5es Exteriores, Maria Laura da Rocha, neste s\u00e1bado (3).<\/p>\n\n\n\n<p>\u201cO que est\u00e1 na declara\u00e7\u00e3o do presidente continua sendo a posi\u00e7\u00e3o do Brasil, que ser\u00e1 apresentado tamb\u00e9m na reuni\u00e3o do Conselho de Seguran\u00e7a\u201d, afirmou.<\/p>\n\n\n\n<p>O presidente da Rep\u00fablica, Luiz In\u00e1cio Lula da Silva, repudiou neste s\u00e1bado (03), o ataque dos Estados Unidos \u00e0 Venezuela. Pelas redes sociais, Lula disse que o pa\u00eds norte-americano cometeu &#8220;afronta grav\u00edssima&#8221; e ultrapassou uma &#8220;linha inaceit\u00e1vel&#8221;.<\/p>\n\n\n\n<p>&#8220;Os bombardeios em territ\u00f3rio venezuelano e a captura do seu presidente ultrapassam uma linha inaceit\u00e1vel. Esses atos representam uma afronta grav\u00edssima \u00e0 soberania da Venezuela e mais um precedente extremamente perigoso para toda a comunidade internacional&#8221;, escreveu.<\/p>\n\n\n\n<p>Os Estados Unidos atacaram a Venezuela e capturaram o ditador Nicol\u00e1s Maduro, que estava no poder h\u00e1 d\u00e9cadas, em uma opera\u00e7\u00e3o realizada na madrugada deste s\u00e1bado, anunciou o presidente americano Donald Trump.<\/p>\n\n\n\n<p>Ele informou que&nbsp;<a href=\"https:\/\/www.cnnbrasil.com.br\/internacional\/trump-diz-que-eua-vao-administrar-a-venezuela-apos-captura-de-maduro\/\"><strong>o pa\u00eds ser\u00e1 governado pelos EUA<\/strong><\/a>&nbsp;por enquanto, inclusive com o envio de tropas, se necess\u00e1rio.<\/p>\n\n\n\n<p>N\u00e3o est\u00e1 claro como Trump pretende supervisionar a Venezuela. Apesar da opera\u00e7\u00e3o noturna que deixou parte de Caracas sem energia el\u00e9trica e capturou Maduro em um de seus esconderijos, as for\u00e7as americanas n\u00e3o t\u00eam controle sobre o pa\u00eds em si, e o governo de Maduro parece ainda estar no poder.<\/p>\n\n\n\n<p><a href=\"https:\/\/www.cnnbrasil.com.br\/internacional\/maduro-e-esposa-foram-retirados-de-dentro-do-quarto-durante-captura-dos-eua\/\"><strong>Maduro e sua esposa, Cilia Flores<\/strong><\/a>, foram retirados do territ\u00f3rio venezuelano e est\u00e3o a bordo do navio USS Iwo Jima, com destino a Nova York, onde o ex-presidente ser\u00e1 processado pelo Distrito Sul.<\/p>\n\n\n\n<p>As acusa\u00e7\u00f5es contra ele incluem conspira\u00e7\u00e3o de narcoterrorismo, importa\u00e7\u00e3o de coca\u00edna e posse de armas destrutivas.<\/p>\n\n\n\n<p>Fonte CNN Brasil <\/p>\n\n\n\n<p><\/p>\n","protected":false},"excerpt":{"rendered":"<p>A fala ocorreu em declara\u00e7\u00e3o \u00e0 imprensa logo ap\u00f3s uma reuni\u00e3o do governo federal para avaliar os ataques dos Estados Unidos \u00e0 Venezuela O Brasil vai refor\u00e7ar, em reuni\u00e3o do Conselho de Seguran\u00e7a da ONU, prevista para a pr\u00f3xima segunda-feira (5), o rep\u00fadio aos ataques dos Estados Unidos \u00e0 Venezuela e \u00e0 captura do ditador [&hellip;]<\/p>\n","protected":false},"author":8,"featured_media":30225,"comment_status":"closed","ping_status":"open","sticky":false,"template":"","format":"standard","meta":{"rop_custom_images_group":[],"rop_custom_messages_group":[],"rop_publish_now":"initial","rop_publish_now_accounts":[],"rop_publish_now_history":[],"rop_publish_now_status":"pending","footnotes":""},"categories":[189],"tags":[73],"class_list":["post-30224","post","type-post","status-publish","format-standard","has-post-thumbnail","hentry","category-brasil","tag-featured"],"amp_enabled":true,"_links":{"self":[{"href":"https:\/\/imais.online\/portal\/wp-json\/wp\/v2\/posts\/30224","targetHints":{"allow":["GET"]}}],"collection":[{"href":"https:\/\/imais.online\/portal\/wp-json\/wp\/v2\/posts"}],"about":[{"href":"https:\/\/imais.online\/portal\/wp-json\/wp\/v2\/types\/post"}],"author":[{"embeddable":true,"href":"https:\/\/imais.online\/portal\/wp-json\/wp\/v2\/users\/8"}],"replies":[{"embeddable":true,"href":"https:\/\/imais.online\/portal\/wp-json\/wp\/v2\/comments?post=30224"}],"version-history":[{"count":1,"href":"https:\/\/imais.online\/portal\/wp-json\/wp\/v2\/posts\/30224\/revisions"}],"predecessor-version":[{"id":30226,"href":"https:\/\/imais.online\/portal\/wp-json\/wp\/v2\/posts\/30224\/revisions\/30226"}],"wp:featuredmedia":[{"embeddable":true,"href":"https:\/\/imais.online\/portal\/wp-json\/wp\/v2\/media\/30225"}],"wp:attachment":[{"href":"https:\/\/imais.online\/portal\/wp-json\/wp\/v2\/media?parent=30224"}],"wp:term":[{"taxonomy":"category","embeddable":true,"href":"https:\/\/imais.online\/portal\/wp-json\/wp\/v2\/categories?post=30224"},{"taxonomy":"post_tag","embeddable":true,"href":"https:\/\/imais.online\/portal\/wp-json\/wp\/v2\/tags?post=30224"}],"curies":[{"name":"wp","href":"https:\/\/api.w.org\/{rel}","templated":true}]}}