{"id":30227,"date":"2026-01-04T21:23:14","date_gmt":"2026-01-05T00:23:14","guid":{"rendered":"https:\/\/imais.online\/portal\/?p=30227"},"modified":"2026-01-04T21:23:15","modified_gmt":"2026-01-05T00:23:15","slug":"maduro-deve-se-apresentar-a-tribunal-de-nova-york-nesta-segunda-feira-as-14h","status":"publish","type":"post","link":"https:\/\/imais.online\/portal\/maduro-deve-se-apresentar-a-tribunal-de-nova-york-nesta-segunda-feira-as-14h\/","title":{"rendered":"Maduro deve se apresentar a tribunal de Nova York nesta segunda-feira, \u00e0s 14h"},"content":{"rendered":"<div class=\"imais-before-content-placement\" id=\"imais-1123475215\"><script async src=\"\/\/pagead2.googlesyndication.com\/pagead\/js\/adsbygoogle.js?client=ca-pub-8787528412751566\" crossorigin=\"anonymous\"><\/script><ins class=\"adsbygoogle\" style=\"display:block;\" data-ad-client=\"ca-pub-8787528412751566\" \ndata-ad-slot=\"\" \ndata-ad-format=\"auto\"><\/ins>\n<script> \n(adsbygoogle = window.adsbygoogle || []).push({}); \n<\/script>\n<\/div>\n<h2 class=\"wp-block-heading\">Maduro responde a quatro acusa\u00e7\u00f5es federais, incluindo narcoterrorismo e conspira\u00e7\u00e3o para importa\u00e7\u00e3o de coca\u00edna<\/h2>\n\n\n\n<p><\/p>\n\n\n\n<p>Ditador da&nbsp;<a href=\"https:\/\/www.r7.com\/tudo-sobre\/venezuela\/\">Venezuela<\/a>,&nbsp;<a href=\"https:\/\/www.r7.com\/tudo-sobre\/nicolas-maduro\/\">Nicol\u00e1s Maduro<\/a>&nbsp;deve se apresentar \u00e0s 14h desta segunda-feira (5) ao tribunal federal no centro de Manhattan, em Nova York, onde est\u00e1 detido.<\/p>\n\n\n\n<p>Tanto ele quanto a mulher est\u00e3o no Centro de Deten\u00e7\u00e3o Metropolitano do Brooklyn.<\/p>\n\n\n\n<p>Esta \u00e9 a \u00fanica instala\u00e7\u00e3o que o governo federal usa para abrigar detentos, j\u00e1 que a que havia do outro lado do rio, em Manhattan, foi fechada ap\u00f3s o suic\u00eddio de&nbsp;<a href=\"https:\/\/noticias.r7.com\/prisma\/blog-do-zamataro\/epstein-5-milhoes-de-paginas-ineditas-do-caso-preocupam-trump-e-famosos-31122025\/\">Jeffrey Epstein<\/a>.<\/p>\n\n\n\n<p>O local \u00e9 famoso por ter abrigado presos not\u00f3rios, como&nbsp;<a href=\"https:\/\/entretenimento.r7.com\/famosos-e-tv\/peixe-assado-e-carne-grelhada-como-sera-o-reveillon-de-sean-diddy-na-prisao-29122025\/\">Sean \u201cDiddy\u201d Combs<\/a>, El Chapo Guzm\u00e1n e, atualmente, Luigi Mangione, acusado de atirar no CEO da United Healthcare.<\/p>\n\n\n\n<p>Maduro responde a quatro acusa\u00e7\u00f5es federais, incluindo narcoterrorismo e conspira\u00e7\u00e3o para importa\u00e7\u00e3o de coca\u00edna.<\/p>\n\n\n\n<p>Fonte R7 <\/p>\n","protected":false},"excerpt":{"rendered":"<p>Maduro responde a quatro acusa\u00e7\u00f5es federais, incluindo narcoterrorismo e conspira\u00e7\u00e3o para importa\u00e7\u00e3o de coca\u00edna Ditador da&nbsp;Venezuela,&nbsp;Nicol\u00e1s Maduro&nbsp;deve se apresentar \u00e0s 14h desta segunda-feira (5) ao tribunal federal no centro de Manhattan, em Nova York, onde est\u00e1 detido. Tanto ele quanto a mulher est\u00e3o no Centro de Deten\u00e7\u00e3o Metropolitano do Brooklyn. Esta \u00e9 a \u00fanica instala\u00e7\u00e3o [&hellip;]<\/p>\n","protected":false},"author":8,"featured_media":30228,"comment_status":"closed","ping_status":"open","sticky":false,"template":"","format":"standard","meta":{"rop_custom_images_group":[],"rop_custom_messages_group":[],"rop_publish_now":"initial","rop_publish_now_accounts":[],"rop_publish_now_history":[],"rop_publish_now_status":"pending","footnotes":""},"categories":[212],"tags":[],"class_list":["post-30227","post","type-post","status-publish","format-standard","has-post-thumbnail","hentry","category-internacional"],"amp_enabled":true,"_links":{"self":[{"href":"https:\/\/imais.online\/portal\/wp-json\/wp\/v2\/posts\/30227","targetHints":{"allow":["GET"]}}],"collection":[{"href":"https:\/\/imais.online\/portal\/wp-json\/wp\/v2\/posts"}],"about":[{"href":"https:\/\/imais.online\/portal\/wp-json\/wp\/v2\/types\/post"}],"author":[{"embeddable":true,"href":"https:\/\/imais.online\/portal\/wp-json\/wp\/v2\/users\/8"}],"replies":[{"embeddable":true,"href":"https:\/\/imais.online\/portal\/wp-json\/wp\/v2\/comments?post=30227"}],"version-history":[{"count":1,"href":"https:\/\/imais.online\/portal\/wp-json\/wp\/v2\/posts\/30227\/revisions"}],"predecessor-version":[{"id":30229,"href":"https:\/\/imais.online\/portal\/wp-json\/wp\/v2\/posts\/30227\/revisions\/30229"}],"wp:featuredmedia":[{"embeddable":true,"href":"https:\/\/imais.online\/portal\/wp-json\/wp\/v2\/media\/30228"}],"wp:attachment":[{"href":"https:\/\/imais.online\/portal\/wp-json\/wp\/v2\/media?parent=30227"}],"wp:term":[{"taxonomy":"category","embeddable":true,"href":"https:\/\/imais.online\/portal\/wp-json\/wp\/v2\/categories?post=30227"},{"taxonomy":"post_tag","embeddable":true,"href":"https:\/\/imais.online\/portal\/wp-json\/wp\/v2\/tags?post=30227"}],"curies":[{"name":"wp","href":"https:\/\/api.w.org\/{rel}","templated":true}]}}