{"id":30230,"date":"2026-01-05T12:01:15","date_gmt":"2026-01-05T15:01:15","guid":{"rendered":"https:\/\/imais.online\/portal\/?p=30230"},"modified":"2026-01-05T12:01:15","modified_gmt":"2026-01-05T15:01:15","slug":"jovem-que-sumiu-no-pico-parana-e-encontrado-vivo-apos-cinco-dias-desaparecido","status":"publish","type":"post","link":"https:\/\/imais.online\/portal\/jovem-que-sumiu-no-pico-parana-e-encontrado-vivo-apos-cinco-dias-desaparecido\/","title":{"rendered":"Jovem que sumiu no Pico Paran\u00e1 \u00e9 encontrado vivo ap\u00f3s cinco dias desaparecido"},"content":{"rendered":"<div class=\"imais-before-content-placement\" id=\"imais-1635232596\"><script async src=\"\/\/pagead2.googlesyndication.com\/pagead\/js\/adsbygoogle.js?client=ca-pub-8787528412751566\" crossorigin=\"anonymous\"><\/script><ins class=\"adsbygoogle\" style=\"display:block;\" data-ad-client=\"ca-pub-8787528412751566\" \ndata-ad-slot=\"\" \ndata-ad-format=\"auto\"><\/ins>\n<script> \n(adsbygoogle = window.adsbygoogle || []).push({}); \n<\/script>\n<\/div>\n<h2 class=\"wp-block-heading\">Roberto Farias Tomaz, de 19 anos, foi encontrado nesta segunda-feira (5), segundo o Corpo de Bombeiros.<\/h2>\n\n\n\n<p><\/p>\n\n\n\n<p>Roberto Farias Tomaz, de 19 anos,&nbsp;foi encontrado vivo nesta segunda-feira (5)&nbsp;ap\u00f3s&nbsp;<a class=\"\" href=\"https:\/\/g1.globo.com\/pr\/parana\/noticia\/2026\/01\/02\/bombeiros-fazem-busca-por-jovem-que-desapareceu-em-trilha-pico-parana-ano-novo.ghtml\">cinco dias desaparecido no Pico Paran\u00e1<\/a>, segundo o Corpo de Bombeiros.<\/p>\n\n\n\n<p>Em um v\u00eddeo divulgado pela fam\u00edlia nas redes sociais, o jovem conta que est\u00e1 em uma fazenda na regi\u00e3o.<\/p>\n\n\n\n<blockquote class=\"wp-block-quote is-layout-flow wp-block-quote-is-layout-flow\">\n<p>&#8220;Estou cheio de roxo no corpo, v\u00e1rias escoria\u00e7\u00f5es, n\u00e3o consigo enxergar porque perdi meu \u00f3culos, mas estou bem&#8221;, diz Roberto.<\/p>\n<\/blockquote>\n\n\n\n<p>O jovem desapareceu no dia 1\u00ba de janeiro, quando descia a trilha que leva at\u00e9 o Pico Paran\u00e1, ponto mais alto do Sul do Brasil. Bombeiros e volunt\u00e1rios trabalharam nas buscas desde o dia do desaparecimento.<\/p>\n\n\n\n<p>De acordo com os bombeiros, Roberto caminhou mais de 20 quil\u00f4metros e chegou sozinho na localidade de Cacatu, em&nbsp;<a class=\"\" href=\"https:\/\/g1.globo.com\/pr\/parana\/cidade\/antonina\/\">Antonina<\/a>&nbsp;, na descida do Pico Paran\u00e1.<\/p>\n\n\n\n<p>Segundo o Tenente \u00cdcaro Gabriel, os bombeiros est\u00e3o se deslocando na manh\u00e3 desta segunda (5) para a fazenda onde o jovem est\u00e1. Depois, ele ser\u00e1 levado para o hospital de Antonina para exames m\u00e9dicos.<\/p>\n\n\n\n<h2 class=\"wp-block-heading\">Roberto passou mal durante a subida<\/h2>\n\n\n\n<p>Segundo a Pol\u00edcia Civil (PC-PR), Roberto iniciou a trilha no dia 31 de dezembro, acompanhado de uma amiga. Segundo relatos, ele se sentiu mal durante a subida.<\/p>\n\n\n\n<p>Ap\u00f3s descansarem e encontrarem outros dois grupos no cume, a dupla iniciou a descida com um dos grupos por volta das 6h30. Em um ponto anterior ao acampamento, o rapaz se separou do grupo. Momentos depois, conforme os bombeiros, o segundo grupo iniciou a descida, passou pelo ponto onde a v\u00edtima tinha ficado, mas n\u00e3o encontrou com ele.<\/p>\n\n\n\n<figure class=\"wp-block-image\"><img decoding=\"async\" src=\"https:\/\/s2-g1.glbimg.com\/60PBvPH01l-0OYXrz9iMNUjAst4=\/0x0:1920x1080\/984x0\/smart\/filters:strip_icc()\/i.s3.glbimg.com\/v1\/AUTH_59edd422c0c84a879bd37670ae4f538a\/internal_photos\/bs\/2026\/H\/f\/NMzc7WT92AlTPOX6PtMQ\/hhhhhhhhhhhhhhhhhhhhhh.png\" alt=\"Jovem de 19 anos desapareceu enquanto fazia uma trilha no Pico Paran\u00e1 \u2014 Foto: Reprodu\u00e7\u00e3o\"\/><\/figure>\n\n\n\n<p>Jovem de 19 anos desapareceu enquanto fazia uma trilha no Pico Paran\u00e1 \u2014 Foto: Reprodu\u00e7\u00e3o<\/p>\n\n\n\n<p>O analista jur\u00eddico Fabio Sieg Martins estava em um dos grupos de montanhistas que encontrou Roberto e a amiga na trilha. Ele conta que acionou os bombeiros ao chegar ao acampamento que fica na base do morro e perceber que o rapaz n\u00e3o tinha mais sido visto.<\/p>\n\n\n\n<p>&#8220;Quando a gente chegou no acampamento A1, venceu o &#8216;grampos&#8217; e tudo mais, tava a menina na barraca. A\u00ed eu pergunto para ela: &#8216;Cad\u00ea o Roberto?&#8217; e ela n\u00e3o sabia do Roberto. A\u00ed bateu o desespero, eu falei &#8216;o guri deve ter se desorientado l\u00e1 no [acampamento] A2, t\u00e1 perdido l\u00e1 em cima. [&#8230;] A\u00ed n\u00f3s voltamos. No primeiro ponto que d\u00e1 sinal de celular, eu fa\u00e7o uma liga\u00e7\u00e3o para o Corpo de Bombeiros e situo o bombeiro da posi\u00e7\u00e3o e das refer\u00eancias que n\u00f3s t\u00ednhamos ali&#8221;, conta Martins.<\/p>\n\n\n\n<figure class=\"wp-block-image\"><img decoding=\"async\" src=\"https:\/\/s2-g1.glbimg.com\/DraBQZa9ESKmbYyRcC2oayGMcgU=\/0x0:1920x1080\/984x0\/smart\/filters:strip_icc()\/i.s3.glbimg.com\/v1\/AUTH_59edd422c0c84a879bd37670ae4f538a\/internal_photos\/bs\/2026\/J\/c\/AP4734QSy9FUtiXKBCAQ\/snapshot-1041.png\" alt=\"Imagem de drone feita por equipe de buscas no Pico Paran\u00e1 \u2014 Foto: Corpo de Bombeiros\"\/><\/figure>\n\n\n\n<p>Imagem de drone feita por equipe de buscas no Pico Paran\u00e1 \u2014 Foto: Corpo de Bombeiros<\/p>\n\n\n\n<p>No s\u00e1bado (3), a&nbsp;<a class=\"\" href=\"https:\/\/g1.globo.com\/pr\/parana\/noticia\/2026\/01\/03\/policia-investiga-desaparecimento-de-jovem-pico-parana.ghtml\">Pol\u00edcia Civil passou a investigar o desaparecimento<\/a>&nbsp;ap\u00f3s a abertura de um Boletim de Ocorr\u00eancia pela fam\u00edlia do rapaz, que mora em&nbsp;<a class=\"\" href=\"https:\/\/g1.globo.com\/pr\/parana\/cidade\/pinhais\/\">Pinhais<\/a>, na Regi\u00e3o Metropolitana de&nbsp;<a class=\"\" href=\"https:\/\/g1.globo.com\/pr\/parana\/cidade\/curitiba\/\">Curitiba<\/a>.<\/p>\n\n\n\n<p>O delegado Glaison Lima Rodrigues colheu depoimento da jovem que acompanhava Roberto na trilha, al\u00e9m de outros montanhistas que o encontraram no caminho e familiares dele. Na ocasi\u00e3o, a pol\u00edcia afirmava que n\u00e3o havia ind\u00edcio de crime e o caso era tratado como desaparecimento.<\/p>\n\n\n\n<p>&#8220;N\u00e3o h\u00e1 elementos iniciais de uma infra\u00e7\u00e3o penal, mas caso fique caracterizado o m\u00ednimo ind\u00edcio dessa ocorr\u00eancia de infra\u00e7\u00e3o penal, haver\u00e1 uma convers\u00e3o desse boletim de ocorr\u00eancia e an\u00e1lise em um inqu\u00e9rito policial ou um termo circunstanciado para que seja encaminhado ao poder judici\u00e1rio&#8221;, afirmou o delegado.<\/p>\n\n\n\n<p>Fonte G1 <\/p>\n","protected":false},"excerpt":{"rendered":"<p>Roberto Farias Tomaz, de 19 anos, foi encontrado nesta segunda-feira (5), segundo o Corpo de Bombeiros. Roberto Farias Tomaz, de 19 anos,&nbsp;foi encontrado vivo nesta segunda-feira (5)&nbsp;ap\u00f3s&nbsp;cinco dias desaparecido no Pico Paran\u00e1, segundo o Corpo de Bombeiros. Em um v\u00eddeo divulgado pela fam\u00edlia nas redes sociais, o jovem conta que est\u00e1 em uma fazenda na [&hellip;]<\/p>\n","protected":false},"author":8,"featured_media":30231,"comment_status":"closed","ping_status":"open","sticky":false,"template":"","format":"standard","meta":{"rop_custom_images_group":[],"rop_custom_messages_group":[],"rop_publish_now":"initial","rop_publish_now_accounts":[],"rop_publish_now_history":[],"rop_publish_now_status":"pending","footnotes":""},"categories":[189],"tags":[],"class_list":["post-30230","post","type-post","status-publish","format-standard","has-post-thumbnail","hentry","category-brasil"],"amp_enabled":true,"_links":{"self":[{"href":"https:\/\/imais.online\/portal\/wp-json\/wp\/v2\/posts\/30230","targetHints":{"allow":["GET"]}}],"collection":[{"href":"https:\/\/imais.online\/portal\/wp-json\/wp\/v2\/posts"}],"about":[{"href":"https:\/\/imais.online\/portal\/wp-json\/wp\/v2\/types\/post"}],"author":[{"embeddable":true,"href":"https:\/\/imais.online\/portal\/wp-json\/wp\/v2\/users\/8"}],"replies":[{"embeddable":true,"href":"https:\/\/imais.online\/portal\/wp-json\/wp\/v2\/comments?post=30230"}],"version-history":[{"count":1,"href":"https:\/\/imais.online\/portal\/wp-json\/wp\/v2\/posts\/30230\/revisions"}],"predecessor-version":[{"id":30232,"href":"https:\/\/imais.online\/portal\/wp-json\/wp\/v2\/posts\/30230\/revisions\/30232"}],"wp:featuredmedia":[{"embeddable":true,"href":"https:\/\/imais.online\/portal\/wp-json\/wp\/v2\/media\/30231"}],"wp:attachment":[{"href":"https:\/\/imais.online\/portal\/wp-json\/wp\/v2\/media?parent=30230"}],"wp:term":[{"taxonomy":"category","embeddable":true,"href":"https:\/\/imais.online\/portal\/wp-json\/wp\/v2\/categories?post=30230"},{"taxonomy":"post_tag","embeddable":true,"href":"https:\/\/imais.online\/portal\/wp-json\/wp\/v2\/tags?post=30230"}],"curies":[{"name":"wp","href":"https:\/\/api.w.org\/{rel}","templated":true}]}}