{"id":30233,"date":"2026-01-05T12:22:58","date_gmt":"2026-01-05T15:22:58","guid":{"rendered":"https:\/\/imais.online\/portal\/?p=30233"},"modified":"2026-01-05T12:22:59","modified_gmt":"2026-01-05T15:22:59","slug":"olho-lilas-cranio-em-gota-medico-afirma-ter-visto-ser-estranho-em-hospital-30-anos-apos-repercussao-do-caso-do-et-de-varginha","status":"publish","type":"post","link":"https:\/\/imais.online\/portal\/olho-lilas-cranio-em-gota-medico-afirma-ter-visto-ser-estranho-em-hospital-30-anos-apos-repercussao-do-caso-do-et-de-varginha\/","title":{"rendered":"&#8216;Olho lil\u00e1s, cr\u00e2nio em gota&#8217;: m\u00e9dico afirma ter visto &#8216;ser estranho&#8217; em hospital 30 anos ap\u00f3s repercuss\u00e3o do caso do ET de Varginha"},"content":{"rendered":"<div class=\"imais-before-content-placement\" id=\"imais-2178442089\"><script async src=\"\/\/pagead2.googlesyndication.com\/pagead\/js\/adsbygoogle.js?client=ca-pub-8787528412751566\" crossorigin=\"anonymous\"><\/script><ins class=\"adsbygoogle\" style=\"display:block;\" data-ad-client=\"ca-pub-8787528412751566\" \ndata-ad-slot=\"\" \ndata-ad-format=\"auto\"><\/ins>\n<script> \n(adsbygoogle = window.adsbygoogle || []).push({}); \n<\/script>\n<\/div>\n<h2 class=\"wp-block-heading\">Document\u00e1rio traz revela\u00e7\u00e3o in\u00e9dita do neurologista \u00cdtalo Venturelli, que relata ter visto um ser com caracter\u00edsticas incomuns.<\/h2>\n\n\n\n<p><\/p>\n\n\n\n<p>O<a class=\"\" href=\"https:\/\/g1.globo.com\/fantastico\/noticia\/2026\/01\/04\/apos-30-anos-caso-do-et-de-varginha-ganha-documentario-inedito-e-segue-sem-conclusao-oficial.ghtml\">&nbsp;document\u00e1rio &#8220;O Mist\u00e9rio de Varginha&#8221; traz uma revela\u00e7\u00e3o in\u00e9dita<\/a>: o depoimento do neurologista \u00cdtalo Venturelli, que afirma ter guardado um segredo por 30 anos. O m\u00e9dico diz ter sido chamado ao principal hospital da cidade em Minas Gerais para ver algo fora do comum.<\/p>\n\n\n\n<blockquote class=\"wp-block-quote is-layout-flow wp-block-quote-is-layout-flow\">\n<p>\u201cCheguei l\u00e1 e o colega disse: \u2018\u00d3, chegou aqui um neg\u00f3cio diferente, voc\u00ea podia dar uma olhadinha?\u2019\u201d, contou Venturelli. Segundo ele, o ser tinha caracter\u00edsticas incomuns: \u201cO cr\u00e2nio tinha forma de gota, branquinho, boca pequena, olho lil\u00e1s tamb\u00e9m em forma de gota\u201d.<\/p>\n<\/blockquote>\n\n\n\n<p>Para Paulo Gon\u00e7alves, diretor e criador do document\u00e1rio, o testemunho \u00e9 um dos pontos mais fortes da produ\u00e7\u00e3o. \u201c\u00c9 um relato muito contundente. \u00c9 uma pessoa reconhecida na cidade. Por que ele iria mentir?\u201d<\/p>\n\n\n\n<p>Tr\u00eas d\u00e9cadas depois, o mist\u00e9rio permanece. \u201cO cerne da quest\u00e3o nunca foi esclarecido\u201d, avalia o arquivista Rodrigo Visoni, um dos participantes do grupo convidado pelo&nbsp;<strong>Fant\u00e1stico&nbsp;<\/strong>para reviver o impacto da hist\u00f3ria em 1996, quando veio \u00e0 tona.<\/p>\n\n\n\n<p>Calil faz uma reflex\u00e3o final:&nbsp;\u201c\u00c9 um ET brasileiro porque transformou a vida de brasileiros. \u00c9 uma hist\u00f3ria de pessoas transformadas pela passagem dessa criatura por Varginha.\u201d<\/p>\n\n\n\n<p>E Paulo Gon\u00e7alves conclui: \u201cUma hora voc\u00ea acredita, outra hora n\u00e3o. Mas \u00e9 uma hist\u00f3ria poderosa. \u00c9 nisso que eu acredito: numa hist\u00f3ria que vai abduzir todo mundo\u201d.<\/p>\n\n\n\n<figure class=\"wp-block-image\"><img decoding=\"async\" src=\"https:\/\/s2-g1.glbimg.com\/JJdsDWPI_GTVmrGjAPB9KHgqo1w=\/0x0:1512x843\/984x0\/smart\/filters:strip_icc()\/i.s3.glbimg.com\/v1\/AUTH_59edd422c0c84a879bd37670ae4f538a\/internal_photos\/bs\/2026\/A\/N\/YG6ItiTKWnS7sEXFOS4Q\/captura-de-tela-2026-01-04-221656.png\" alt=\"Retrato do ET de Varginha \u2014 Foto: g1\"\/><\/figure>\n\n\n\n<p>Retrato do ET de Varginha \u2014 Foto: g1<\/p>\n\n\n\n<h2 class=\"wp-block-heading\">O caso do ET de Varginha<\/h2>\n\n\n\n<p>O caso ganhou notoriedade quando tr\u00eas jovens disseram ter visto uma criatura estranha em um terreno baldio no bairro Jardim Andere. Na \u00e9poca, relatos de luzes no c\u00e9u e movimenta\u00e7\u00e3o militar alimentaram teorias sobre uma visita extraterrestre. \u201c\u00c9 considerado talvez o segundo caso mais importante da ufologia mundial\u201d, diz um dos diretores.<\/p>\n\n\n\n<p>Apesar das especula\u00e7\u00f5es, nenhuma prova cient\u00edfica confirmou a origem do ser. \u201cCada um diz uma coisa: macaco, capivara, algu\u00e9m drogado. At\u00e9 hoje, ningu\u00e9m sabe\u201d, afirma Calil.<\/p>\n\n\n\n<p>O document\u00e1rio estreia com imagens in\u00e9ditas, incluindo o primeiro depoimento das tr\u00eas meninas gravado pelo uf\u00f3logo Ubirajara Rodrigues, e promete reacender o debate sobre um dos maiores mist\u00e9rios brasileiros.<\/p>\n\n\n\n<p><em>\ud83c\udfa5 A TV Globo vai exibir a s\u00e9rie &#8220;O Mist\u00e9rio de Varginha&#8221; em tr\u00eas epis\u00f3dios, a partir desta ter\u00e7a-feira (6), depois de &#8220;O Auto da Compadecida 2&#8221;.<\/em><\/p>\n\n\n\n<p>Veja a reportagem completa no v\u00eddeo abaixo:<br><\/p>\n\n\n<p><iframe loading=\"lazy\" title=\"Fant\u00e1stico: \u2018ET de Varginha\u2019: ap\u00f3s 30 anos, doc relembra como cidade entrou na rota da ufologia\" width=\"740\" height=\"416\" src=\"https:\/\/www.youtube.com\/embed\/BoEJFX2iNRA?feature=oembed\" frameborder=\"0\" allow=\"accelerometer; autoplay; clipboard-write; encrypted-media; gyroscope; picture-in-picture; web-share\" referrerpolicy=\"strict-origin-when-cross-origin\" allowfullscreen><\/iframe><\/p>\n\n\n<p>Fonte G1 <\/p>\n","protected":false},"excerpt":{"rendered":"<p>Document\u00e1rio traz revela\u00e7\u00e3o in\u00e9dita do neurologista \u00cdtalo Venturelli, que relata ter visto um ser com caracter\u00edsticas incomuns. O&nbsp;document\u00e1rio &#8220;O Mist\u00e9rio de Varginha&#8221; traz uma revela\u00e7\u00e3o in\u00e9dita: o depoimento do neurologista \u00cdtalo Venturelli, que afirma ter guardado um segredo por 30 anos. O m\u00e9dico diz ter sido chamado ao principal hospital da cidade em Minas Gerais [&hellip;]<\/p>\n","protected":false},"author":8,"featured_media":30234,"comment_status":"closed","ping_status":"open","sticky":false,"template":"","format":"standard","meta":{"rop_custom_images_group":[],"rop_custom_messages_group":[],"rop_publish_now":"initial","rop_publish_now_accounts":[],"rop_publish_now_history":[],"rop_publish_now_status":"pending","footnotes":""},"categories":[16],"tags":[],"class_list":["post-30233","post","type-post","status-publish","format-standard","has-post-thumbnail","hentry","category-entertainment"],"amp_enabled":true,"_links":{"self":[{"href":"https:\/\/imais.online\/portal\/wp-json\/wp\/v2\/posts\/30233","targetHints":{"allow":["GET"]}}],"collection":[{"href":"https:\/\/imais.online\/portal\/wp-json\/wp\/v2\/posts"}],"about":[{"href":"https:\/\/imais.online\/portal\/wp-json\/wp\/v2\/types\/post"}],"author":[{"embeddable":true,"href":"https:\/\/imais.online\/portal\/wp-json\/wp\/v2\/users\/8"}],"replies":[{"embeddable":true,"href":"https:\/\/imais.online\/portal\/wp-json\/wp\/v2\/comments?post=30233"}],"version-history":[{"count":1,"href":"https:\/\/imais.online\/portal\/wp-json\/wp\/v2\/posts\/30233\/revisions"}],"predecessor-version":[{"id":30235,"href":"https:\/\/imais.online\/portal\/wp-json\/wp\/v2\/posts\/30233\/revisions\/30235"}],"wp:featuredmedia":[{"embeddable":true,"href":"https:\/\/imais.online\/portal\/wp-json\/wp\/v2\/media\/30234"}],"wp:attachment":[{"href":"https:\/\/imais.online\/portal\/wp-json\/wp\/v2\/media?parent=30233"}],"wp:term":[{"taxonomy":"category","embeddable":true,"href":"https:\/\/imais.online\/portal\/wp-json\/wp\/v2\/categories?post=30233"},{"taxonomy":"post_tag","embeddable":true,"href":"https:\/\/imais.online\/portal\/wp-json\/wp\/v2\/tags?post=30233"}],"curies":[{"name":"wp","href":"https:\/\/api.w.org\/{rel}","templated":true}]}}