{"id":30236,"date":"2026-01-05T12:29:05","date_gmt":"2026-01-05T15:29:05","guid":{"rendered":"https:\/\/imais.online\/portal\/?p=30236"},"modified":"2026-01-05T12:29:05","modified_gmt":"2026-01-05T15:29:05","slug":"nicolas-maduro-vai-a-justica-dos-eua-de-algemas-com-roupa-de-presidiario-e-rodeado-de-policiais","status":"publish","type":"post","link":"https:\/\/imais.online\/portal\/nicolas-maduro-vai-a-justica-dos-eua-de-algemas-com-roupa-de-presidiario-e-rodeado-de-policiais\/","title":{"rendered":"Nicol\u00e1s Maduro vai \u00e0 Justi\u00e7a dos EUA de algemas, com roupa de presidi\u00e1rio e rodeado de policiais"},"content":{"rendered":"<div class=\"imais-before-content-placement\" id=\"imais-2867002796\"><script async src=\"\/\/pagead2.googlesyndication.com\/pagead\/js\/adsbygoogle.js?client=ca-pub-8787528412751566\" crossorigin=\"anonymous\"><\/script><ins class=\"adsbygoogle\" style=\"display:block;\" data-ad-client=\"ca-pub-8787528412751566\" \ndata-ad-slot=\"\" \ndata-ad-format=\"auto\"><\/ins>\n<script> \n(adsbygoogle = window.adsbygoogle || []).push({}); \n<\/script>\n<\/div>\n<h2 class=\"wp-block-heading\">Ditador da Venezuela vai responder por crimes como tr\u00e1fico de drogas, narcoterrorismo, lavagem de dinheiro e conspira\u00e7\u00e3o<\/h2>\n\n\n\n<p><\/p>\n\n\n\n<figure class=\"wp-block-image\"><img decoding=\"async\" src=\"https:\/\/newr7-r7-prod.web.arc-cdn.net\/resizer\/v2\/AL25NYKEUFCXRLHBPH5PA2R3BA.JPG?auth=603927da74d734f60f859c0dd975a9476d045eeb34f9845f9bcf1c9736c6543b&amp;width=1673&amp;height=930\" alt=\"\"\/><\/figure>\n\n\n\n<ul class=\"wp-block-list\">\n<li class=\"has-small-font-size\"><a href=\"https:\/\/news.google.com\/publications\/CAAqBwgKMKqrkQswvPqlAw?ceid=BR:pt-419&amp;oc=3&amp;hl=pt-BR&amp;gl=BR\" target=\"_blank\" rel=\"noreferrer noopener\"><\/a><\/li>\n<\/ul>\n\n\n\n<p class=\"has-medium-font-size\">Maduro atr\u00e1s das grades &#8211; O ditador da Venezuela, Nicol\u00e1s Maduro, foi transferido, nesta segunda-feira (5), de helic\u00f3ptero de uma cadeia para a Corte de Nova York, nos Estados Unidos<\/p>\n\n\n\n<p><\/p>\n\n\n\n<figure class=\"wp-block-image\"><img decoding=\"async\" src=\"https:\/\/newr7-r7-prod.web.arc-cdn.net\/resizer\/v2\/RXAFA2GGRFEX7GO3QB57VAF2AE.JPG?auth=f929dc6e5ef1b56bf905715cbeb46a85ddb57e3473fe183787e9563bfe437f3c&amp;width=1752&amp;height=974\" alt=\"\"\/><\/figure>\n\n\n\n<ul class=\"wp-block-list\">\n<li class=\"has-medium-font-size\"><a href=\"https:\/\/news.google.com\/publications\/CAAqBwgKMKqrkQswvPqlAw?ceid=BR:pt-419&amp;oc=3&amp;hl=pt-BR&amp;gl=BR\" target=\"_blank\" rel=\"noreferrer noopener\"><\/a>Maduro no tribunal &#8211; Maduro estava com algemas e roupas de presidi\u00e1rio, usadas nos Estados Unidos. O ditador responder\u00e1 por crimes como narcoterrorismo, conspira\u00e7\u00e3o, tr\u00e1fico de drogas e lavagem de dinheiro.<\/li>\n\n\n\n<li><\/li>\n<\/ul>\n\n\n\n<figure class=\"wp-block-image\"><img decoding=\"async\" src=\"https:\/\/newr7-r7-prod.web.arc-cdn.net\/resizer\/v2\/NCDM37LN2VH43DUCJTRGKVKBWY.JPG?auth=73e0695f766fa64bb814a068b334059b82e6ea39b80c22f2445082aa45ed8ddb&amp;width=2110&amp;height=1180\" alt=\"\"\/><\/figure>\n\n\n\n<ul class=\"wp-block-list\">\n<li class=\"has-medium-font-size\"><a href=\"https:\/\/news.google.com\/publications\/CAAqBwgKMKqrkQswvPqlAw?ceid=BR:pt-419&amp;oc=3&amp;hl=pt-BR&amp;gl=BR\" target=\"_blank\" rel=\"noreferrer noopener\"><\/a>Ditador no caveir\u00e3o &#8211; Um caveir\u00e3o fez a transfer\u00eancia de Maduro at\u00e9 o helic\u00f3ptero que o levou \u00e0 Justi\u00e7a<\/li>\n\n\n\n<li><\/li>\n<\/ul>\n\n\n\n<figure class=\"wp-block-image\"><img decoding=\"async\" src=\"https:\/\/newr7-r7-prod.web.arc-cdn.net\/resizer\/v2\/7S77SFOSINCFDATLC7HAAI7C5Q.JPG?auth=41a07f2f9c5f6d07a012a4c18fc214082f982f0d88104153c2061354ca8ce52d&amp;width=2123&amp;height=1128\" alt=\"\"\/><\/figure>\n\n\n\n<ul class=\"wp-block-list\">\n<li class=\"has-medium-font-size\"><a href=\"https:\/\/news.google.com\/publications\/CAAqBwgKMKqrkQswvPqlAw?ceid=BR:pt-419&amp;oc=3&amp;hl=pt-BR&amp;gl=BR\" target=\"_blank\" rel=\"noreferrer noopener\"><\/a>Audi\u00eancia de cust\u00f3dia &#8211; Nesta segunda-feira, o ditador passar\u00e1 pela avalia\u00e7\u00e3o da Justi\u00e7a para a confer\u00eancia sobre a legalidade da pris\u00e3o dele em Caracas, na Venezuela<\/li>\n\n\n\n<li><\/li>\n<\/ul>\n\n\n\n<figure class=\"wp-block-image\"><img decoding=\"async\" src=\"https:\/\/newr7-r7-prod.web.arc-cdn.net\/resizer\/v2\/WBPVRPMIA5CV5GJG2K3VNIUC6Q.JPG?auth=7ccd3001b867af15a6a7988022ad6a0dac42bcfa7100e512f403ba311968ab49&amp;width=2112&amp;height=1458\" alt=\"\"\/><\/figure>\n\n\n\n<ul class=\"wp-block-list\">\n<li class=\"has-medium-font-size\"><a href=\"https:\/\/news.google.com\/publications\/CAAqBwgKMKqrkQswvPqlAw?ceid=BR:pt-419&amp;oc=3&amp;hl=pt-BR&amp;gl=BR\" target=\"_blank\" rel=\"noreferrer noopener\"><\/a>Esquema de seguran\u00e7a &#8211; Transfer\u00eancia de Maduro da cadeia at\u00e9 a Corte foi marcada pela quantidade de agentes de seguran\u00e7a, fortemente armados<\/li>\n\n\n\n<li><\/li>\n<\/ul>\n\n\n\n<figure class=\"wp-block-image\"><img decoding=\"async\" src=\"https:\/\/newr7-r7-prod.web.arc-cdn.net\/resizer\/v2\/5CC35AR6GRFFBNILTIO2M6UZCI.JPG?auth=aef0c09c99578c34ed12715830127604051c791c11350d1992d156e5c6bd77e8&amp;width=1115&amp;height=743\" alt=\"\"\/><\/figure>\n\n\n\n<ul class=\"wp-block-list\">\n<li class=\"has-medium-font-size\"><a href=\"https:\/\/news.google.com\/publications\/CAAqBwgKMKqrkQswvPqlAw?ceid=BR:pt-419&amp;oc=3&amp;hl=pt-BR&amp;gl=BR\" target=\"_blank\" rel=\"noreferrer noopener\"><\/a>Maduro preso &#8211; Capturado pelas For\u00e7as Armadas dos Estados Unidos em territ\u00f3rio venezuelano, o ditador vai responder por diversos crimes na Justi\u00e7a americana<\/li>\n\n\n\n<li><\/li>\n<\/ul>\n\n\n\n<figure class=\"wp-block-image\"><img decoding=\"async\" src=\"https:\/\/newr7-r7-prod.web.arc-cdn.net\/resizer\/v2\/IA6PL2MYCZCAHOGXNNMNTDXBJU.JPG?auth=1a9b0672cd259cee36304af67abf712de071b2f9ea4cc2481dd72bd90dd1fe98&amp;width=2772&amp;height=1848\" alt=\"\"\/><\/figure>\n\n\n\n<ul class=\"wp-block-list\">\n<li class=\"has-medium-font-size\"><a href=\"https:\/\/news.google.com\/publications\/CAAqBwgKMKqrkQswvPqlAw?ceid=BR:pt-419&amp;oc=3&amp;hl=pt-BR&amp;gl=BR\" target=\"_blank\" rel=\"noreferrer noopener\"><\/a>Maduro transferido &#8211; Ditador da Venezuela estava com roupas usadas por detentos do sistema prisional de Nova York<\/li>\n\n\n\n<li><\/li>\n<\/ul>\n\n\n\n<figure class=\"wp-block-image\"><img decoding=\"async\" src=\"https:\/\/newr7-r7-prod.web.arc-cdn.net\/resizer\/v2\/ILROX5V7NBEATBQ6TGIMSXOF6M.JPG?auth=a9fc57465d2deb0dfbd852b02b49cdabdb512b2ad7995ec0575a6c84dd9c595e&amp;width=1925&amp;height=1283\" alt=\"\"\/><\/figure>\n\n\n\n<ul class=\"wp-block-list\">\n<li class=\"has-medium-font-size\"><a href=\"https:\/\/news.google.com\/publications\/CAAqBwgKMKqrkQswvPqlAw?ceid=BR:pt-419&amp;oc=3&amp;hl=pt-BR&amp;gl=BR\" target=\"_blank\" rel=\"noreferrer noopener\"><\/a>Ditador da Venezuela &#8211; O ex-presidente da Venezuela estava no Centro de Deten\u00e7\u00e3o Metropolitano do Brooklyn, em Nova York, nos Estados Unidos, rumo ao tribunal federal de Manhattan<\/li>\n<\/ul>\n\n\n\n<p><\/p>\n\n\n\n<figure class=\"wp-block-image\"><img decoding=\"async\" src=\"https:\/\/newr7-r7-prod.web.arc-cdn.net\/resizer\/v2\/PGAWLQGLP5HJDDNB3ALV46NDTQ.JPG?auth=bde53180e1c57d05eb125802689a7dedaec262fd3a5fe497d26ecdc2aa66be80&amp;width=4206&amp;height=2804\" alt=\"\"\/><\/figure>\n\n\n\n<ul class=\"wp-block-list\">\n<li class=\"has-medium-font-size\"><a href=\"https:\/\/news.google.com\/publications\/CAAqBwgKMKqrkQswvPqlAw?ceid=BR:pt-419&amp;oc=3&amp;hl=pt-BR&amp;gl=BR\" target=\"_blank\" rel=\"noreferrer noopener\"><\/a>Acusa\u00e7\u00f5es contra Maduro &#8211; Maduro \u00e9 acusado de liderar, desde 1999, uma rede criminosa que teria utilizado o Estado venezuelano para facilitar o tr\u00e1fico internacional de drogas e apoiar organiza\u00e7\u00f5es classificadas como terroristas<\/li>\n<\/ul>\n\n\n\n<p>Fonte R7<\/p>\n","protected":false},"excerpt":{"rendered":"<p>Ditador da Venezuela vai responder por crimes como tr\u00e1fico de drogas, narcoterrorismo, lavagem de dinheiro e conspira\u00e7\u00e3o Maduro atr\u00e1s das grades &#8211; O ditador da Venezuela, Nicol\u00e1s Maduro, foi transferido, nesta segunda-feira (5), de helic\u00f3ptero de uma cadeia para a Corte de Nova York, nos Estados Unidos Fonte R7<\/p>\n","protected":false},"author":8,"featured_media":30237,"comment_status":"closed","ping_status":"open","sticky":false,"template":"","format":"standard","meta":{"rop_custom_images_group":[],"rop_custom_messages_group":[],"rop_publish_now":"initial","rop_publish_now_accounts":[],"rop_publish_now_history":[],"rop_publish_now_status":"pending","footnotes":""},"categories":[212],"tags":[73],"class_list":["post-30236","post","type-post","status-publish","format-standard","has-post-thumbnail","hentry","category-internacional","tag-featured"],"amp_enabled":true,"_links":{"self":[{"href":"https:\/\/imais.online\/portal\/wp-json\/wp\/v2\/posts\/30236","targetHints":{"allow":["GET"]}}],"collection":[{"href":"https:\/\/imais.online\/portal\/wp-json\/wp\/v2\/posts"}],"about":[{"href":"https:\/\/imais.online\/portal\/wp-json\/wp\/v2\/types\/post"}],"author":[{"embeddable":true,"href":"https:\/\/imais.online\/portal\/wp-json\/wp\/v2\/users\/8"}],"replies":[{"embeddable":true,"href":"https:\/\/imais.online\/portal\/wp-json\/wp\/v2\/comments?post=30236"}],"version-history":[{"count":1,"href":"https:\/\/imais.online\/portal\/wp-json\/wp\/v2\/posts\/30236\/revisions"}],"predecessor-version":[{"id":30238,"href":"https:\/\/imais.online\/portal\/wp-json\/wp\/v2\/posts\/30236\/revisions\/30238"}],"wp:featuredmedia":[{"embeddable":true,"href":"https:\/\/imais.online\/portal\/wp-json\/wp\/v2\/media\/30237"}],"wp:attachment":[{"href":"https:\/\/imais.online\/portal\/wp-json\/wp\/v2\/media?parent=30236"}],"wp:term":[{"taxonomy":"category","embeddable":true,"href":"https:\/\/imais.online\/portal\/wp-json\/wp\/v2\/categories?post=30236"},{"taxonomy":"post_tag","embeddable":true,"href":"https:\/\/imais.online\/portal\/wp-json\/wp\/v2\/tags?post=30236"}],"curies":[{"name":"wp","href":"https:\/\/api.w.org\/{rel}","templated":true}]}}