{"id":30239,"date":"2026-01-05T12:31:41","date_gmt":"2026-01-05T15:31:41","guid":{"rendered":"https:\/\/imais.online\/portal\/?p=30239"},"modified":"2026-01-05T12:31:42","modified_gmt":"2026-01-05T15:31:42","slug":"trump-chama-a-colombia-de-vizinho-doente-que-gosta-de-vender-cocaina-para-os-eua","status":"publish","type":"post","link":"https:\/\/imais.online\/portal\/trump-chama-a-colombia-de-vizinho-doente-que-gosta-de-vender-cocaina-para-os-eua\/","title":{"rendered":"Trump chama a Col\u00f4mbia de \u2018vizinho doente que gosta de vender coca\u00edna para os EUA\u2019"},"content":{"rendered":"<div class=\"imais-before-content-placement\" id=\"imais-1104539277\"><script async src=\"\/\/pagead2.googlesyndication.com\/pagead\/js\/adsbygoogle.js?client=ca-pub-8787528412751566\" crossorigin=\"anonymous\"><\/script><ins class=\"adsbygoogle\" style=\"display:block;\" data-ad-client=\"ca-pub-8787528412751566\" \ndata-ad-slot=\"\" \ndata-ad-format=\"auto\"><\/ins>\n<script> \n(adsbygoogle = window.adsbygoogle || []).push({}); \n<\/script>\n<\/div>\n<h2 class=\"wp-block-heading\">Presidente americano tamb\u00e9m disse que Washington pode realizar opera\u00e7\u00f5es contra f\u00e1bricas de coca\u00edna no territ\u00f3rio colombiano<\/h2>\n\n\n\n<p><\/p>\n\n\n\n<p>O presidente dos<strong>&nbsp;Estados Unidos<\/strong>,&nbsp;<strong>Donald Trump<\/strong>, afirmou neste domingo (4), em entrevista a bordo do Air Force One, que a Col\u00f4mbia \u00e9 um \u201cvizinho doente que gosta de vender coca\u00edna para os Estados Unidos\u201d e que o presidente colombiano,&nbsp;<strong>Gustavo Petro<\/strong>, \u201cn\u00e3o ficar\u00e1 l\u00e1 por muito tempo\u201d.<\/p>\n\n\n\n<p>Trump tamb\u00e9m disse que Washington pode realizar opera\u00e7\u00f5es contra f\u00e1bricas de coca\u00edna no territ\u00f3rio colombiano.<\/p>\n\n\n\n<p>O presidente n\u00e3o detalhou quando ou como tais a\u00e7\u00f5es poderiam ocorrer, mas indicou que os Estados Unidos n\u00e3o tolerar\u00e3o pa\u00edses que, segundo ele, alimentam o tr\u00e1fico de drogas direcionado aos americanos.<\/p>\n\n\n\n<h3 class=\"wp-block-heading\">Proximidade com os EUA<\/h3>\n\n\n\n<p>Trump voltou a justificar uma postura mais ativa dos EUA no hemisf\u00e9rio ocidental, ao afirmar que a Venezuela \u201cn\u00e3o est\u00e1 do outro lado do mundo\u201d, mas \u201cao lado dos Estados Unidos\u201d.<\/p>\n\n\n\n<p>Segundo ele, o pa\u00eds se insere na chamada doutrina \u201cDon-Roe\u201d, uma atualiza\u00e7\u00e3o da Doutrina Monroe, de diretrizes de atua\u00e7\u00e3o sobre a Am\u00e9rica Latina.<\/p>\n\n\n\n<p>Trump tamb\u00e9m classificou a Venezuela como um \u201cvizinho doente\u201d e disse que Washington tem interesse direto em garantir a estabilidade na regi\u00e3o.<\/p>\n\n\n\n<p>\u201cEstamos no neg\u00f3cio de ter pa\u00edses ao nosso redor que sejam vi\u00e1veis e bem-sucedidos.\u201d<\/p>\n\n\n\n<p>Fonte R7 <\/p>\n","protected":false},"excerpt":{"rendered":"<p>Presidente americano tamb\u00e9m disse que Washington pode realizar opera\u00e7\u00f5es contra f\u00e1bricas de coca\u00edna no territ\u00f3rio colombiano O presidente dos&nbsp;Estados Unidos,&nbsp;Donald Trump, afirmou neste domingo (4), em entrevista a bordo do Air Force One, que a Col\u00f4mbia \u00e9 um \u201cvizinho doente que gosta de vender coca\u00edna para os Estados Unidos\u201d e que o presidente colombiano,&nbsp;Gustavo Petro, [&hellip;]<\/p>\n","protected":false},"author":8,"featured_media":30240,"comment_status":"closed","ping_status":"open","sticky":false,"template":"","format":"standard","meta":{"rop_custom_images_group":[],"rop_custom_messages_group":[],"rop_publish_now":"initial","rop_publish_now_accounts":[],"rop_publish_now_history":[],"rop_publish_now_status":"pending","footnotes":""},"categories":[212],"tags":[],"class_list":["post-30239","post","type-post","status-publish","format-standard","has-post-thumbnail","hentry","category-internacional"],"amp_enabled":true,"_links":{"self":[{"href":"https:\/\/imais.online\/portal\/wp-json\/wp\/v2\/posts\/30239","targetHints":{"allow":["GET"]}}],"collection":[{"href":"https:\/\/imais.online\/portal\/wp-json\/wp\/v2\/posts"}],"about":[{"href":"https:\/\/imais.online\/portal\/wp-json\/wp\/v2\/types\/post"}],"author":[{"embeddable":true,"href":"https:\/\/imais.online\/portal\/wp-json\/wp\/v2\/users\/8"}],"replies":[{"embeddable":true,"href":"https:\/\/imais.online\/portal\/wp-json\/wp\/v2\/comments?post=30239"}],"version-history":[{"count":1,"href":"https:\/\/imais.online\/portal\/wp-json\/wp\/v2\/posts\/30239\/revisions"}],"predecessor-version":[{"id":30241,"href":"https:\/\/imais.online\/portal\/wp-json\/wp\/v2\/posts\/30239\/revisions\/30241"}],"wp:featuredmedia":[{"embeddable":true,"href":"https:\/\/imais.online\/portal\/wp-json\/wp\/v2\/media\/30240"}],"wp:attachment":[{"href":"https:\/\/imais.online\/portal\/wp-json\/wp\/v2\/media?parent=30239"}],"wp:term":[{"taxonomy":"category","embeddable":true,"href":"https:\/\/imais.online\/portal\/wp-json\/wp\/v2\/categories?post=30239"},{"taxonomy":"post_tag","embeddable":true,"href":"https:\/\/imais.online\/portal\/wp-json\/wp\/v2\/tags?post=30239"}],"curies":[{"name":"wp","href":"https:\/\/api.w.org\/{rel}","templated":true}]}}