{"id":30245,"date":"2026-01-06T12:24:08","date_gmt":"2026-01-06T15:24:08","guid":{"rendered":"https:\/\/imais.online\/portal\/?p=30245"},"modified":"2026-01-06T12:24:09","modified_gmt":"2026-01-06T15:24:09","slug":"fiec-divulga-cronograma-de-chamadas-para-matricula-do-vestibulinho-e-vestibular-2026","status":"publish","type":"post","link":"https:\/\/imais.online\/portal\/fiec-divulga-cronograma-de-chamadas-para-matricula-do-vestibulinho-e-vestibular-2026\/","title":{"rendered":"Fiec divulga cronograma de chamadas para matr\u00edcula do Vestibulinho e Vestibular 2026"},"content":{"rendered":"<div class=\"imais-before-content-placement\" id=\"imais-2009616567\"><script async src=\"\/\/pagead2.googlesyndication.com\/pagead\/js\/adsbygoogle.js?client=ca-pub-8787528412751566\" crossorigin=\"anonymous\"><\/script><ins class=\"adsbygoogle\" style=\"display:block;\" data-ad-client=\"ca-pub-8787528412751566\" \ndata-ad-slot=\"\" \ndata-ad-format=\"auto\"><\/ins>\n<script> \n(adsbygoogle = window.adsbygoogle || []).push({}); \n<\/script>\n<\/div>\n<p><small>Pr\u00e9-matr\u00edcula ser\u00e1 realizada de forma online, conforme classifica\u00e7\u00e3o e disponibilidade de vagas<\/small><\/p>\n\n\n\n<p>A Prefeitura Municipal de Indaiatuba, por meio da Funda\u00e7\u00e3o Indaiatubana de Educa\u00e7\u00e3o e Cultura \u2013 FIEC &#8211;&nbsp;divulga o cronograma oficial das chamadas para matr\u00edcula dos candidatos aprovados no Vestibulinho e Vestibular 2026.<\/p>\n\n\n\n<p>A Primeira Chamada ocorrer\u00e1 no per\u00edodo de 05 a 07 de janeiro de 2026, com a realiza\u00e7\u00e3o da pr\u00e9-matr\u00edcula online para os 40 primeiros classificados de cada curso. A documenta\u00e7\u00e3o exigida em edital dever\u00e1 ser enviada por meio do link encaminhado ao e-mail informado no ato da inscri\u00e7\u00e3o. Ap\u00f3s a an\u00e1lise dos documentos, o candidato ser\u00e1 convocado por e-mail para a coleta de assinatura.<\/p>\n\n\n\n<p>As vagas n\u00e3o preenchidas na primeira chamada ser\u00e3o divulgadas no site oficial da FIEC no dia 15 de janeiro de 2026, ap\u00f3s as 14h.<\/p>\n\n\n\n<p>A Segunda Chamada ser\u00e1 realizada de 15 a 19 de janeiro de 2026, caso ainda haja vagas dispon\u00edveis. O procedimento de envio de documenta\u00e7\u00e3o e convoca\u00e7\u00e3o para assinatura seguir\u00e1 o mesmo formato da primeira chamada, conforme orienta\u00e7\u00f5es encaminhadas por e-mail aos candidatos convocados.<\/p>\n\n\n\n<p>J\u00e1 a Terceira Chamada poder\u00e1 ocorrer ap\u00f3s a primeira semana de aulas, exclusivamente em caso de desist\u00eancias.<\/p>\n\n\n\n<p>A FIEC refor\u00e7a que \u00e9 de responsabilidade do candidato acompanhar regularmente sua caixa de e-mail, incluindo as pastas de spam e lixo eletr\u00f4nico, para garantir a correta execu\u00e7\u00e3o do processo de matr\u00edcula.<\/p>\n\n\n\n<p>O candidato que n\u00e3o enviar a documenta\u00e7\u00e3o dentro do prazo estabelecido perder\u00e1 o direito \u00e0 vaga e n\u00e3o ser\u00e1 inclu\u00eddo nas chamadas seguintes, conforme previsto em edital.<\/p>\n\n\n\n<p>Mais informa\u00e7\u00f5es e atualiza\u00e7\u00f5es podem ser acompanhadas pelo site oficial da FIEC.<\/p>\n\n\n\n<p><strong>Servi\u00e7o:<\/strong><\/p>\n\n\n\n<p><strong>Matr\u00edculas Vestibulinho e Vestibular FIEC 2026<\/strong><\/p>\n\n\n\n<p><strong>1\u00aa chamada (pr\u00e9-matr\u00edcula online):<\/strong>&nbsp;05 a 07\/01\/2026<br><strong>Vagas remanescentes:<\/strong>&nbsp;15\/01\/2026, ap\u00f3s as 14h (site da FIEC)<br><strong>2\u00aa chamada:<\/strong>&nbsp;15 a 19\/01\/2026, se houver vagas<br><strong>3\u00aa chamada:<\/strong>&nbsp;ap\u00f3s a primeira semana de aulas, em caso de desist\u00eancias<\/p>\n","protected":false},"excerpt":{"rendered":"<p>Pr\u00e9-matr\u00edcula ser\u00e1 realizada de forma online, conforme classifica\u00e7\u00e3o e disponibilidade de vagas A Prefeitura Municipal de Indaiatuba, por meio da Funda\u00e7\u00e3o Indaiatubana de Educa\u00e7\u00e3o e Cultura \u2013 FIEC &#8211;&nbsp;divulga o cronograma oficial das chamadas para matr\u00edcula dos candidatos aprovados no Vestibulinho e Vestibular 2026. A Primeira Chamada ocorrer\u00e1 no per\u00edodo de 05 a 07 de [&hellip;]<\/p>\n","protected":false},"author":8,"featured_media":30246,"comment_status":"closed","ping_status":"open","sticky":false,"template":"","format":"standard","meta":{"rop_custom_images_group":[],"rop_custom_messages_group":[],"rop_publish_now":"initial","rop_publish_now_accounts":[],"rop_publish_now_history":[],"rop_publish_now_status":"pending","footnotes":""},"categories":[188],"tags":[],"class_list":["post-30245","post","type-post","status-publish","format-standard","has-post-thumbnail","hentry","category-indaiatuba"],"amp_enabled":true,"_links":{"self":[{"href":"https:\/\/imais.online\/portal\/wp-json\/wp\/v2\/posts\/30245","targetHints":{"allow":["GET"]}}],"collection":[{"href":"https:\/\/imais.online\/portal\/wp-json\/wp\/v2\/posts"}],"about":[{"href":"https:\/\/imais.online\/portal\/wp-json\/wp\/v2\/types\/post"}],"author":[{"embeddable":true,"href":"https:\/\/imais.online\/portal\/wp-json\/wp\/v2\/users\/8"}],"replies":[{"embeddable":true,"href":"https:\/\/imais.online\/portal\/wp-json\/wp\/v2\/comments?post=30245"}],"version-history":[{"count":1,"href":"https:\/\/imais.online\/portal\/wp-json\/wp\/v2\/posts\/30245\/revisions"}],"predecessor-version":[{"id":30247,"href":"https:\/\/imais.online\/portal\/wp-json\/wp\/v2\/posts\/30245\/revisions\/30247"}],"wp:featuredmedia":[{"embeddable":true,"href":"https:\/\/imais.online\/portal\/wp-json\/wp\/v2\/media\/30246"}],"wp:attachment":[{"href":"https:\/\/imais.online\/portal\/wp-json\/wp\/v2\/media?parent=30245"}],"wp:term":[{"taxonomy":"category","embeddable":true,"href":"https:\/\/imais.online\/portal\/wp-json\/wp\/v2\/categories?post=30245"},{"taxonomy":"post_tag","embeddable":true,"href":"https:\/\/imais.online\/portal\/wp-json\/wp\/v2\/tags?post=30245"}],"curies":[{"name":"wp","href":"https:\/\/api.w.org\/{rel}","templated":true}]}}