{"id":30248,"date":"2026-01-06T12:26:01","date_gmt":"2026-01-06T15:26:01","guid":{"rendered":"https:\/\/imais.online\/portal\/?p=30248"},"modified":"2026-01-06T12:26:02","modified_gmt":"2026-01-06T15:26:02","slug":"prefeito-mantem-suspensao-de-aprovacoes-de-novos-loteamentos-residenciais-e-condominios-verticais","status":"publish","type":"post","link":"https:\/\/imais.online\/portal\/prefeito-mantem-suspensao-de-aprovacoes-de-novos-loteamentos-residenciais-e-condominios-verticais\/","title":{"rendered":"Prefeito mant\u00e9m suspens\u00e3o de aprova\u00e7\u00f5es de novos loteamentos residenciais e condom\u00ednios verticais"},"content":{"rendered":"<div class=\"imais-before-content-placement\" id=\"imais-1875417127\"><script async src=\"\/\/pagead2.googlesyndication.com\/pagead\/js\/adsbygoogle.js?client=ca-pub-8787528412751566\" crossorigin=\"anonymous\"><\/script><ins class=\"adsbygoogle\" style=\"display:block;\" data-ad-client=\"ca-pub-8787528412751566\" \ndata-ad-slot=\"\" \ndata-ad-format=\"auto\"><\/ins>\n<script> \n(adsbygoogle = window.adsbygoogle || []).push({}); \n<\/script>\n<\/div>\n<p><small>Empreendimentos de interesse social, industrial e comercial continuam liberados<\/small><\/p>\n\n\n\n<p>O prefeito Dr. Cust\u00f3dio Tavares (MDB) prorrogou por mais um ano o prazo de suspens\u00e3o da emiss\u00e3o de novas certid\u00f5es de viabilidade para aprova\u00e7\u00e3o de loteamentos residenciais e condom\u00ednios residenciais multifamiliares verticais. A decis\u00e3o consta no Decreto n\u00ba 15.610, de 5 de janeiro de 2026, publicado na segunda edi\u00e7\u00e3o da Imprensa Oficial do Munic\u00edpio desta segunda-feira (5\/1). A medida tem o objetivo de promover o&nbsp;desenvolvimento sustent\u00e1vel do munic\u00edpio.<\/p>\n\n\n\n<p>A emiss\u00e3o de novas certid\u00f5es de viabilidade para fins de aprova\u00e7\u00e3o dos loteamentos e condom\u00ednios verticais est\u00e1 suspensa desde 2 de janeiro de 2025, quando fui publicada a Lei Municipal n\u00ba 8.274.<\/p>\n\n\n\n<p>As restri\u00e7\u00f5es de que tratam a Lei n\u00e3o se aplicam a empreendimentos ou programas habitacionais de interesse social reconhecidos por ato do Poder Executivo, realizados pelo munic\u00edpio ou em conv\u00eanio ou acordos com os \u00f3rg\u00e3os estaduais e federais. Os empreendimentos industriais e comerciais nas zonas de uso permitidas pela legisla\u00e7\u00e3o em vigor, tamb\u00e9m continuam liberados.<\/p>\n\n\n\n<p><\/p>\n","protected":false},"excerpt":{"rendered":"<p>Empreendimentos de interesse social, industrial e comercial continuam liberados O prefeito Dr. Cust\u00f3dio Tavares (MDB) prorrogou por mais um ano o prazo de suspens\u00e3o da emiss\u00e3o de novas certid\u00f5es de viabilidade para aprova\u00e7\u00e3o de loteamentos residenciais e condom\u00ednios residenciais multifamiliares verticais. A decis\u00e3o consta no Decreto n\u00ba 15.610, de 5 de janeiro de 2026, publicado [&hellip;]<\/p>\n","protected":false},"author":8,"featured_media":30249,"comment_status":"closed","ping_status":"open","sticky":false,"template":"","format":"standard","meta":{"rop_custom_images_group":[],"rop_custom_messages_group":[],"rop_publish_now":"initial","rop_publish_now_accounts":[],"rop_publish_now_history":[],"rop_publish_now_status":"pending","footnotes":""},"categories":[188],"tags":[],"class_list":["post-30248","post","type-post","status-publish","format-standard","has-post-thumbnail","hentry","category-indaiatuba"],"amp_enabled":true,"_links":{"self":[{"href":"https:\/\/imais.online\/portal\/wp-json\/wp\/v2\/posts\/30248","targetHints":{"allow":["GET"]}}],"collection":[{"href":"https:\/\/imais.online\/portal\/wp-json\/wp\/v2\/posts"}],"about":[{"href":"https:\/\/imais.online\/portal\/wp-json\/wp\/v2\/types\/post"}],"author":[{"embeddable":true,"href":"https:\/\/imais.online\/portal\/wp-json\/wp\/v2\/users\/8"}],"replies":[{"embeddable":true,"href":"https:\/\/imais.online\/portal\/wp-json\/wp\/v2\/comments?post=30248"}],"version-history":[{"count":1,"href":"https:\/\/imais.online\/portal\/wp-json\/wp\/v2\/posts\/30248\/revisions"}],"predecessor-version":[{"id":30250,"href":"https:\/\/imais.online\/portal\/wp-json\/wp\/v2\/posts\/30248\/revisions\/30250"}],"wp:featuredmedia":[{"embeddable":true,"href":"https:\/\/imais.online\/portal\/wp-json\/wp\/v2\/media\/30249"}],"wp:attachment":[{"href":"https:\/\/imais.online\/portal\/wp-json\/wp\/v2\/media?parent=30248"}],"wp:term":[{"taxonomy":"category","embeddable":true,"href":"https:\/\/imais.online\/portal\/wp-json\/wp\/v2\/categories?post=30248"},{"taxonomy":"post_tag","embeddable":true,"href":"https:\/\/imais.online\/portal\/wp-json\/wp\/v2\/tags?post=30248"}],"curies":[{"name":"wp","href":"https:\/\/api.w.org\/{rel}","templated":true}]}}