{"id":3025,"date":"2021-11-17T08:16:49","date_gmt":"2021-11-17T11:16:49","guid":{"rendered":"https:\/\/imais.online\/portal\/?p=3025"},"modified":"2021-11-17T08:16:50","modified_gmt":"2021-11-17T11:16:50","slug":"supermercados-pague-menos-inaugura-frigorifico-com-a-maior-capacidade-produtiva-do-estado","status":"publish","type":"post","link":"https:\/\/imais.online\/portal\/supermercados-pague-menos-inaugura-frigorifico-com-a-maior-capacidade-produtiva-do-estado\/","title":{"rendered":"Supermercados Pague Menos inaugura frigor\u00edfico com a maior capacidade produtiva do estado"},"content":{"rendered":"<div class=\"imais-before-content-placement\" id=\"imais-2305693551\"><script async src=\"\/\/pagead2.googlesyndication.com\/pagead\/js\/adsbygoogle.js?client=ca-pub-8787528412751566\" crossorigin=\"anonymous\"><\/script><ins class=\"adsbygoogle\" style=\"display:block;\" data-ad-client=\"ca-pub-8787528412751566\" \ndata-ad-slot=\"\" \ndata-ad-format=\"auto\"><\/ins>\n<script> \n(adsbygoogle = window.adsbygoogle || []).push({}); \n<\/script>\n<\/div>\n<p class=\"has-text-align-center\"><em>O Entreposto de Carnes tem disposi\u00e7\u00e3o para produzir diariamente 80 toneladas de produtos c\u00e1rneos com o nome da marca<\/em><\/p>\n\n\n\n<p>A Rede de Supermercados Pague Menos inaugurou recentemente o Entreposto de Carnes em evento no Complexo Administrativo e Log\u00edstico da Rede em Santa B\u00e1rbara d\u2019Oeste (SP). Na ocasi\u00e3o, o presidente da Rede, Jefferson George Nunes, ressaltou como o investimento beneficia a popula\u00e7\u00e3o do interior paulista e vai al\u00e9m do neg\u00f3cio. &#8220;\u00c9 uma preocupa\u00e7\u00e3o com o consumidor em entregar um produto com qualidade, frescor e pre\u00e7o acess\u00edvel. Um cuidado com a comunidade que atuamos&#8221;, pontuou.<br><br>O t\u00edtulo de registro Servi\u00e7o de Inspe\u00e7\u00e3o de Produtos de Origem Animal (SISP) \u2014 exigido para manipula\u00e7\u00e3o ou industrializa\u00e7\u00e3o desses alimentos \u2014, foi entregue pessoalmente pelo Secret\u00e1rio de Estado de Agricultura e Abastecimento, Itamar Borges, para o presidente da Rede. Sobre a import\u00e2ncia do Entreposto para o estado, o Coordenador da Defesa Agropecu\u00e1ria, Lu\u00eds Bianco, ressaltou n\u00e3o ser apenas mais um frigor\u00edfico para a regi\u00e3o: &#8220;\u00c9 um frigorifico com 80 toneladas por dia, \u00e9 o maior do estado de S\u00e3o Paulo registrado sob nosso SISP&#8221;.<br><br>Para o prefeito de Santa B\u00e1rbara d\u2019Oeste, Rafael Piovezan, \u00e9 um momento importante e hist\u00f3rico para a cidade: &#8220;Ficamos felizes e entendemos que esses investimentos s\u00e3o de pessoas de vis\u00e3o, que t\u00eam compromisso com desenvolvimento e empreendedorismo. Santa B\u00e1rbara d\u2019Oeste representa tudo isso junto com o Pague Menos, nesse caminho de consolidar mais a marca e o futuro da nossa cidade&#8221; destacou o prefeito.<br><br>Visando otimizar os processos e entregar um produto de qualidade, os s\u00f3cios-propriet\u00e1rios Laerte Santichio e Antonio Santichio afirmam que: &#8220;Essa estrutura \u00e9 para que o cliente receba o produto com qualidade, frescor e rapidez em sua casa, pois ele n\u00e3o ficar\u00e1 estocado em armaz\u00e9ns&#8221;. Eles ressaltaram tamb\u00e9m o orgulho de poderem mostrar o DNA da Rede de Supermercados Pague Menos, com esse novo empreendimento.<br><br>A cerim\u00f4nia de inaugura\u00e7\u00e3o contou ainda com a presen\u00e7a do diretor do Cipoa, Bruno Bergamo; do diretor da regional EDA Piracicaba, Hugo Jos\u00e9 Tozzi; do gerente de frigor\u00edfico, Gustavo Menezes; do presidente da C\u00e2mara de Vereadores de Santa B\u00e1rbara d\u2019Oeste, Joel Cardoso (Joel do G\u00e1s); al\u00e9m de vereadores e colaboradores da Rede. O Entreposto, que inicia suas atividades no dia 16 de novembro, foi constru\u00eddo dentro dos 200 mil m\u00b2 do Complexo Administrativo e Log\u00edstico da Rede, contando com uma extensa \u00e1rea de armazenamento para produtos acabados e expedi\u00e7\u00e3o, onde a empresa enviar\u00e1 sua produ\u00e7\u00e3o para as 31 Lojas e deve operar sua Central Log\u00edstica de produtos Perec\u00edveis Industrializados.<br><\/p>\n","protected":false},"excerpt":{"rendered":"<p>O Entreposto de Carnes tem disposi\u00e7\u00e3o para produzir diariamente 80 toneladas de produtos c\u00e1rneos com o nome da marca A Rede de Supermercados Pague Menos inaugurou recentemente o Entreposto de Carnes em evento no Complexo Administrativo e Log\u00edstico da Rede em Santa B\u00e1rbara d\u2019Oeste (SP). Na ocasi\u00e3o, o presidente da Rede, Jefferson George Nunes, ressaltou [&hellip;]<\/p>\n","protected":false},"author":6,"featured_media":3026,"comment_status":"closed","ping_status":"open","sticky":false,"template":"","format":"standard","meta":{"rop_custom_images_group":[],"rop_custom_messages_group":[],"rop_publish_now":"initial","rop_publish_now_accounts":[],"rop_publish_now_history":[],"rop_publish_now_status":"pending","footnotes":""},"categories":[194],"tags":[],"class_list":["post-3025","post","type-post","status-publish","format-standard","has-post-thumbnail","hentry","category-regia"],"amp_enabled":true,"_links":{"self":[{"href":"https:\/\/imais.online\/portal\/wp-json\/wp\/v2\/posts\/3025","targetHints":{"allow":["GET"]}}],"collection":[{"href":"https:\/\/imais.online\/portal\/wp-json\/wp\/v2\/posts"}],"about":[{"href":"https:\/\/imais.online\/portal\/wp-json\/wp\/v2\/types\/post"}],"author":[{"embeddable":true,"href":"https:\/\/imais.online\/portal\/wp-json\/wp\/v2\/users\/6"}],"replies":[{"embeddable":true,"href":"https:\/\/imais.online\/portal\/wp-json\/wp\/v2\/comments?post=3025"}],"version-history":[{"count":1,"href":"https:\/\/imais.online\/portal\/wp-json\/wp\/v2\/posts\/3025\/revisions"}],"predecessor-version":[{"id":3027,"href":"https:\/\/imais.online\/portal\/wp-json\/wp\/v2\/posts\/3025\/revisions\/3027"}],"wp:featuredmedia":[{"embeddable":true,"href":"https:\/\/imais.online\/portal\/wp-json\/wp\/v2\/media\/3026"}],"wp:attachment":[{"href":"https:\/\/imais.online\/portal\/wp-json\/wp\/v2\/media?parent=3025"}],"wp:term":[{"taxonomy":"category","embeddable":true,"href":"https:\/\/imais.online\/portal\/wp-json\/wp\/v2\/categories?post=3025"},{"taxonomy":"post_tag","embeddable":true,"href":"https:\/\/imais.online\/portal\/wp-json\/wp\/v2\/tags?post=3025"}],"curies":[{"name":"wp","href":"https:\/\/api.w.org\/{rel}","templated":true}]}}