{"id":30254,"date":"2026-01-06T12:43:13","date_gmt":"2026-01-06T15:43:13","guid":{"rendered":"https:\/\/imais.online\/portal\/?p=30254"},"modified":"2026-01-06T12:43:14","modified_gmt":"2026-01-06T15:43:14","slug":"bolsonaro-caiu-da-cama-e-bateu-a-cabeca-diz-michelle-apos-visita","status":"publish","type":"post","link":"https:\/\/imais.online\/portal\/bolsonaro-caiu-da-cama-e-bateu-a-cabeca-diz-michelle-apos-visita\/","title":{"rendered":"Bolsonaro caiu da cama e bateu a cabe\u00e7a, diz Michelle ap\u00f3s visita"},"content":{"rendered":"<div class=\"imais-before-content-placement\" id=\"imais-1070866779\"><script async src=\"\/\/pagead2.googlesyndication.com\/pagead\/js\/adsbygoogle.js?client=ca-pub-8787528412751566\" crossorigin=\"anonymous\"><\/script><ins class=\"adsbygoogle\" style=\"display:block;\" data-ad-client=\"ca-pub-8787528412751566\" \ndata-ad-slot=\"\" \ndata-ad-format=\"auto\"><\/ins>\n<script> \n(adsbygoogle = window.adsbygoogle || []).push({}); \n<\/script>\n<\/div>\n<h2 class=\"wp-block-heading\">Ex-primeira-dama visitou Bolsonaro na pris\u00e3o nesta ter\u00e7a e disse que Bolsonaro sofreu uma queda na cela<\/h2>\n\n\n\n<p><\/p>\n\n\n\n<p>A ex-primeira-dama Michelle Bolsonaro disse, nesta ter\u00e7a-feira (6), que o ex-presidente&nbsp;<a href=\"https:\/\/noticias.r7.com\/brasilia\/moraes-nega-prisao-domiciliar-a-bolsonaro-apos-alta-medica-01012026\/\">Jair Bolsonaro<\/a>&nbsp;caiu da cama enquanto dormia e bateu a cabe\u00e7a durante uma crise, sem especificar do que. Michelle visitou Bolsonaro na Superintend\u00eancia da Pol\u00edcia Federal nesta ter\u00e7a.<\/p>\n\n\n\n<p>Segundo ela, Bolsonaro teria batido a cabe\u00e7a em um m\u00f3vel e s\u00f3 teria sido socorrido quando foi ser chamado para a visita dela. \u201cMeu amor n\u00e3o est\u00e1 bem\u201d, relatou pelo Instagram. O&nbsp;<strong>R7&nbsp;<\/strong>entrou em contato com a Pol\u00edcia Federal e aguarda retorno.<\/p>\n\n\n\n<p>\u201cDurante a madrugada, enquanto dormia, teve uma crise, caiu e bateu a cabe\u00e7a no m\u00f3vel. Como o quarto permanece fechado, ele s\u00f3 recebeu atendimento quando foram cham\u00e1-lo para a minha visita\u201d, afirmou. Michelle disse est\u00e1 com o m\u00e9dico aguardando mais not\u00edcias.<\/p>\n\n\n\n<p>Bolsonaro foi diagnosticado com\u00a0<a href=\"https:\/\/noticias.r7.com\/prisma\/r7-planalto\/apneia-mal-enfrentado-por-bolsonaro-afeta-3-em-cada-10-brasileiros-03012026\/\">apneia do sono<\/a>, condi\u00e7\u00e3o que causa roncos intensos, sensa\u00e7\u00e3o de sufocamento ao longo da noite, sonol\u00eancia excessiva de dia, fadiga, dificuldade de concentra\u00e7\u00e3o, dor de cabe\u00e7a ao acordar e irritabilidade.<\/p>\n\n\n\n<p>Segundo a equipe m\u00e9dica do ex-presidente, ele enfrenta um quadro severo da doen\u00e7a, com cerca de 50 epis\u00f3dios de apneia por hora.<\/p>\n\n\n\n<p>Na semana do Natal, o ex-presidente passou por uma cirurgia para corrigir uma h\u00e9rnia na virilha. Os m\u00e9dicos aproveitaram a interna\u00e7\u00e3o para fazer ainda dois procedimentos para melhorar as crises de solu\u00e7o que Bolsonaro enfrenta. O ex-presidente voltou a Superintend\u00eancia da Pol\u00edcia Federal na quinta-feira (1\u00b0).<\/p>\n\n\n\n<p>A defesa do ex-presidente chegou a fazer um novo pedido para a pris\u00e3o domiciliar ap\u00f3s a alta hospitalar, mas a solicita\u00e7\u00e3o foi negada pelo ministro Alexandre de Moraes, do STF (Supremo Tribunal Federal). De acordo com o ministro, n\u00e3o h\u00e1 requisitos legais para a concess\u00e3o da pris\u00e3o domiciliar humanit\u00e1ria. O ministro ressaltou que, diferentemente do que alegou a defesa, os documentos m\u00e9dicos indicam melhora no quadro cl\u00ednico de Bolsonaro ap\u00f3s a realiza\u00e7\u00e3o de cirurgias eletivas, sem agravamento do estado de sa\u00fade.<\/p>\n\n\n\n<p>Fonte R7 <\/p>\n","protected":false},"excerpt":{"rendered":"<p>Ex-primeira-dama visitou Bolsonaro na pris\u00e3o nesta ter\u00e7a e disse que Bolsonaro sofreu uma queda na cela A ex-primeira-dama Michelle Bolsonaro disse, nesta ter\u00e7a-feira (6), que o ex-presidente&nbsp;Jair Bolsonaro&nbsp;caiu da cama enquanto dormia e bateu a cabe\u00e7a durante uma crise, sem especificar do que. Michelle visitou Bolsonaro na Superintend\u00eancia da Pol\u00edcia Federal nesta ter\u00e7a. Segundo ela, [&hellip;]<\/p>\n","protected":false},"author":8,"featured_media":30255,"comment_status":"closed","ping_status":"open","sticky":false,"template":"","format":"standard","meta":{"rop_custom_images_group":[],"rop_custom_messages_group":[],"rop_publish_now":"initial","rop_publish_now_accounts":[],"rop_publish_now_history":[],"rop_publish_now_status":"pending","footnotes":""},"categories":[189],"tags":[],"class_list":["post-30254","post","type-post","status-publish","format-standard","has-post-thumbnail","hentry","category-brasil"],"amp_enabled":true,"_links":{"self":[{"href":"https:\/\/imais.online\/portal\/wp-json\/wp\/v2\/posts\/30254","targetHints":{"allow":["GET"]}}],"collection":[{"href":"https:\/\/imais.online\/portal\/wp-json\/wp\/v2\/posts"}],"about":[{"href":"https:\/\/imais.online\/portal\/wp-json\/wp\/v2\/types\/post"}],"author":[{"embeddable":true,"href":"https:\/\/imais.online\/portal\/wp-json\/wp\/v2\/users\/8"}],"replies":[{"embeddable":true,"href":"https:\/\/imais.online\/portal\/wp-json\/wp\/v2\/comments?post=30254"}],"version-history":[{"count":1,"href":"https:\/\/imais.online\/portal\/wp-json\/wp\/v2\/posts\/30254\/revisions"}],"predecessor-version":[{"id":30256,"href":"https:\/\/imais.online\/portal\/wp-json\/wp\/v2\/posts\/30254\/revisions\/30256"}],"wp:featuredmedia":[{"embeddable":true,"href":"https:\/\/imais.online\/portal\/wp-json\/wp\/v2\/media\/30255"}],"wp:attachment":[{"href":"https:\/\/imais.online\/portal\/wp-json\/wp\/v2\/media?parent=30254"}],"wp:term":[{"taxonomy":"category","embeddable":true,"href":"https:\/\/imais.online\/portal\/wp-json\/wp\/v2\/categories?post=30254"},{"taxonomy":"post_tag","embeddable":true,"href":"https:\/\/imais.online\/portal\/wp-json\/wp\/v2\/tags?post=30254"}],"curies":[{"name":"wp","href":"https:\/\/api.w.org\/{rel}","templated":true}]}}