{"id":30257,"date":"2026-01-06T13:05:29","date_gmt":"2026-01-06T16:05:29","guid":{"rendered":"https:\/\/imais.online\/portal\/?p=30257"},"modified":"2026-01-06T13:05:30","modified_gmt":"2026-01-06T16:05:30","slug":"alerta-amarelo-chuvas-retornam-para-sp-e-outros-estados-do-pais-veja-quando","status":"publish","type":"post","link":"https:\/\/imais.online\/portal\/alerta-amarelo-chuvas-retornam-para-sp-e-outros-estados-do-pais-veja-quando\/","title":{"rendered":"Alerta amarelo: chuvas retornam para SP e outros estados do pa\u00eds; veja quando"},"content":{"rendered":"<div class=\"imais-before-content-placement\" id=\"imais-3689030703\"><script async src=\"\/\/pagead2.googlesyndication.com\/pagead\/js\/adsbygoogle.js?client=ca-pub-8787528412751566\" crossorigin=\"anonymous\"><\/script><ins class=\"adsbygoogle\" style=\"display:block;\" data-ad-client=\"ca-pub-8787528412751566\" \ndata-ad-slot=\"\" \ndata-ad-format=\"auto\"><\/ins>\n<script> \n(adsbygoogle = window.adsbygoogle || []).push({}); \n<\/script>\n<\/div>\n<h2 class=\"wp-block-heading\">Defesa Civil orienta que a popula\u00e7\u00e3o permane\u00e7a atenta \u00e0s condi\u00e7\u00f5es meteorol\u00f3gicas<\/h2>\n\n\n\n<p><\/p>\n\n\n\n<p>O&nbsp;<a href=\"https:\/\/www.r7.com\/tudo-sobre\/inmet-\/\" target=\"_blank\" rel=\"noreferrer noopener\">Inmet<\/a>&nbsp;(Instituto Nacional de Meteorologia) emitiu alertas de chuva para \u00e1reas de&nbsp;<a href=\"https:\/\/www.r7.com\/tudo-sobre\/sao-paulo-estado\/\" target=\"_blank\" rel=\"noreferrer noopener\">S\u00e3o Paulo<\/a>&nbsp;e outros estados do pa\u00eds. A previs\u00e3o indica um padr\u00e3o rotineiro do ver\u00e3o que deve trazer&nbsp;<strong>calor e pancadas isoladas nos pr\u00f3ximos dias<\/strong>.<\/p>\n\n\n\n<p>As manh\u00e3s em S\u00e3o Paulo ao longo da semana devem apresentar temperaturas mais amenas, com possibilidade de forma\u00e7\u00e3o de n\u00e9voa em \u00e1reas mais elevadas do Estado, o que pode reduzir pontualmente a visibilidade.<\/p>\n\n\n\n<p>Durante as tardes, o aumento do calor favorece a forma\u00e7\u00e3o de pancadas de chuva isoladas, que podem ser acompanhadas por descargas el\u00e9tricas e rajadas de vento, segundo a\u00a0<a href=\"https:\/\/www.r7.com\/tudo-sobre\/defesa-civil\/\" target=\"_blank\" rel=\"noreferrer noopener\">Defesa Civil<\/a>\u00a0do Estado.<\/p>\n\n\n\n<p>O Vale do Para\u00edba,\u00a0<a href=\"https:\/\/www.r7.com\/tudo-sobre\/litoral\/\" target=\"_blank\" rel=\"noreferrer noopener\">Litoral Sul<\/a>\u00a0e a Regi\u00e3o Metropolitana est\u00e3o sob alerta amarelo, de perigo potencial, do Inmet e podem registrar chuvas entre 20 a 30 mm por hora ou at\u00e9 50 mm por dia.<\/p>\n\n\n\n<p>A Defesa Civil orienta que a popula\u00e7\u00e3o permane\u00e7a atenta \u00e0s condi\u00e7\u00f5es meteorol\u00f3gicas, especialmente no per\u00edodo da tarde e in\u00edcio da noite, quando h\u00e1 maior potencial para chuvas intensas em curto espa\u00e7o de tempo.<\/p>\n\n\n\n<p>Em situa\u00e7\u00f5es de ventos fortes, a recomenda\u00e7\u00e3o \u00e9 evitar \u00e1reas arborizadas, estruturas met\u00e1licas e locais sujeitos a alagamentos, acompanhando sempre os alertas emitidos pelos canais oficiais.<\/p>\n\n\n\n<h3 class=\"wp-block-heading\">Outros estados com alerta do Inmet<\/h3>\n\n\n\n<p>\u00c1reas em Goi\u00e1s, Minas Gerais, Bahia, Par\u00e1, Tocantins, Piau\u00ed, Mato Grosso, Acre, Esp\u00edrito Santo, Pernambuco, Rond\u00f4nia, Maranh\u00e3o, Amazonas, Rio de Janeiro e Distrito Federal tamb\u00e9m est\u00e3o na lista de alerta amarelo que \u00e9 v\u00e1lido at\u00e9 a noite de quinta-feira (8).<\/p>\n\n\n\n<p>Outros pontos em Goi\u00e1s, Mato Grosso, Distrito Federal, Minas Gerais, Tocantins, Acre, Amazonas, Rond\u00f4nia e Par\u00e1 est\u00e3o sob alerta vermelho do instituto, ou seja, quando h\u00e1 perigo de chuvas intensas. S\u00e3o esperadas precipita\u00e7\u00f5es 30 e 60 mm por hora ou 50 e 100 mm dia, al\u00e9m de ventos intensos que podem chegar a 100 km\/h.<\/p>\n\n\n\n<h3 class=\"wp-block-heading\">Veja a previs\u00e3o para os pr\u00f3ximos dias em S\u00e3o Paulo, segundo a Meteoblue:<\/h3>\n\n\n\n<ul class=\"wp-block-list\">\n<li>Ter\u00e7a-feira: entre 17\u00baC e 27\u00baC;<\/li>\n\n\n\n<li>Quarta-feira: entre 19\u00baC e 27\u00baC;<\/li>\n\n\n\n<li>Quinta-feira: entre 19\u00baC e 29\u00baC;<\/li>\n\n\n\n<li>Sexta-feira: entre 20\u00baC e 30\u00baC.<\/li>\n<\/ul>\n\n\n\n<p><\/p>\n\n\n\n<p>Fonte R7 <\/p>\n","protected":false},"excerpt":{"rendered":"<p>Defesa Civil orienta que a popula\u00e7\u00e3o permane\u00e7a atenta \u00e0s condi\u00e7\u00f5es meteorol\u00f3gicas O&nbsp;Inmet&nbsp;(Instituto Nacional de Meteorologia) emitiu alertas de chuva para \u00e1reas de&nbsp;S\u00e3o Paulo&nbsp;e outros estados do pa\u00eds. A previs\u00e3o indica um padr\u00e3o rotineiro do ver\u00e3o que deve trazer&nbsp;calor e pancadas isoladas nos pr\u00f3ximos dias. As manh\u00e3s em S\u00e3o Paulo ao longo da semana devem apresentar [&hellip;]<\/p>\n","protected":false},"author":8,"featured_media":30258,"comment_status":"closed","ping_status":"open","sticky":false,"template":"","format":"standard","meta":{"rop_custom_images_group":[],"rop_custom_messages_group":[],"rop_publish_now":"initial","rop_publish_now_accounts":[],"rop_publish_now_history":[],"rop_publish_now_status":"pending","footnotes":""},"categories":[195],"tags":[73],"class_list":["post-30257","post","type-post","status-publish","format-standard","has-post-thumbnail","hentry","category-sao-paulo","tag-featured"],"amp_enabled":true,"_links":{"self":[{"href":"https:\/\/imais.online\/portal\/wp-json\/wp\/v2\/posts\/30257","targetHints":{"allow":["GET"]}}],"collection":[{"href":"https:\/\/imais.online\/portal\/wp-json\/wp\/v2\/posts"}],"about":[{"href":"https:\/\/imais.online\/portal\/wp-json\/wp\/v2\/types\/post"}],"author":[{"embeddable":true,"href":"https:\/\/imais.online\/portal\/wp-json\/wp\/v2\/users\/8"}],"replies":[{"embeddable":true,"href":"https:\/\/imais.online\/portal\/wp-json\/wp\/v2\/comments?post=30257"}],"version-history":[{"count":1,"href":"https:\/\/imais.online\/portal\/wp-json\/wp\/v2\/posts\/30257\/revisions"}],"predecessor-version":[{"id":30259,"href":"https:\/\/imais.online\/portal\/wp-json\/wp\/v2\/posts\/30257\/revisions\/30259"}],"wp:featuredmedia":[{"embeddable":true,"href":"https:\/\/imais.online\/portal\/wp-json\/wp\/v2\/media\/30258"}],"wp:attachment":[{"href":"https:\/\/imais.online\/portal\/wp-json\/wp\/v2\/media?parent=30257"}],"wp:term":[{"taxonomy":"category","embeddable":true,"href":"https:\/\/imais.online\/portal\/wp-json\/wp\/v2\/categories?post=30257"},{"taxonomy":"post_tag","embeddable":true,"href":"https:\/\/imais.online\/portal\/wp-json\/wp\/v2\/tags?post=30257"}],"curies":[{"name":"wp","href":"https:\/\/api.w.org\/{rel}","templated":true}]}}