{"id":30265,"date":"2026-01-07T10:36:37","date_gmt":"2026-01-07T13:36:37","guid":{"rendered":"https:\/\/imais.online\/portal\/?p=30265"},"modified":"2026-01-07T10:36:37","modified_gmt":"2026-01-07T13:36:37","slug":"roubo-a-farmacia-termina-com-5-presos-e-recuperacao-de-medicamentos-de-alto-custo-em-sp","status":"publish","type":"post","link":"https:\/\/imais.online\/portal\/roubo-a-farmacia-termina-com-5-presos-e-recuperacao-de-medicamentos-de-alto-custo-em-sp\/","title":{"rendered":"Roubo a farm\u00e1cia termina com 5 presos e recupera\u00e7\u00e3o de medicamentos de alto custo em SP"},"content":{"rendered":"<div class=\"imais-before-content-placement\" id=\"imais-3403757390\"><script async src=\"\/\/pagead2.googlesyndication.com\/pagead\/js\/adsbygoogle.js?client=ca-pub-8787528412751566\" crossorigin=\"anonymous\"><\/script><ins class=\"adsbygoogle\" style=\"display:block;\" data-ad-client=\"ca-pub-8787528412751566\" \ndata-ad-slot=\"\" \ndata-ad-format=\"auto\"><\/ins>\n<script> \n(adsbygoogle = window.adsbygoogle || []).push({}); \n<\/script>\n<\/div>\n<p class=\"has-text-align-center\">Equipes do 4\u00ba Batalh\u00e3o de A\u00e7\u00f5es Especiais de Pol\u00edcia localizaram a quadrilha poucas horas ap\u00f3s a a\u00e7\u00e3o criminosa<br><\/p>\n\n\n\n<p>A Pol\u00edcia Militar prendeu cinco homens, com idades entre 20 e 24 anos, e apreendeu dois adolescentes, ambos de 16 anos, envolvidos em um roubo a farm\u00e1cia na regi\u00e3o da Cidade L\u00edder, zona leste da capital paulista, nesta ter\u00e7a-feira (6). Com a quadrilha, foram recuperadas 25 canetas emagrecedoras subtra\u00eddas na a\u00e7\u00e3o criminosa, al\u00e9m de mais de R$ 1 mil em esp\u00e9cie.<\/p>\n\n\n\n<p>Equipes do 4\u00ba Batalh\u00e3o de A\u00e7\u00f5es Especiais de Pol\u00edcia (Baep) realizavam patrulhamento quando foram informadas sobre o roubo em um estabelecimento comercial. Segundo as informa\u00e7\u00f5es, os criminosos haviam fugido em um ve\u00edculo. Com base na placa e nas caracter\u00edsticas, os policiais constataram que o carro era alugado. A locadora foi contatada e forneceu a localiza\u00e7\u00e3o.<\/p>\n\n\n\n<p>Os suspeitos foram encontrados em uma avenida do mesmo bairro onde o crime ocorreu. No carro, os policiais localizaram parte dos medicamentos roubados. O restante, segundo apurado, j\u00e1 havia sido vendido. Tamb\u00e9m foram apreendidos dinheiro, cinco aparelhos celulares, um cart\u00e3o banc\u00e1rio e outros itens.<\/p>\n\n\n\n<p>Os envolvidos foram encaminhados \u00e0 1\u00aa Divis\u00e3o de Investiga\u00e7\u00f5es sobre Furtos, Roubos e Recepta\u00e7\u00f5es de Ve\u00edculos e Cargas (Divecar), do Departamento Estadual de Investiga\u00e7\u00f5es Criminais (Deic). Os cinco homens permaneceram presos e foram autuados por roubo e corrup\u00e7\u00e3o de menores. Os adolescentes foram apreendidos e encaminhados \u00e0 Vara da Inf\u00e2ncia e Juventude.<\/p>\n","protected":false},"excerpt":{"rendered":"<p>Equipes do 4\u00ba Batalh\u00e3o de A\u00e7\u00f5es Especiais de Pol\u00edcia localizaram a quadrilha poucas horas ap\u00f3s a a\u00e7\u00e3o criminosa A Pol\u00edcia Militar prendeu cinco homens, com idades entre 20 e 24 anos, e apreendeu dois adolescentes, ambos de 16 anos, envolvidos em um roubo a farm\u00e1cia na regi\u00e3o da Cidade L\u00edder, zona leste da capital paulista, [&hellip;]<\/p>\n","protected":false},"author":7,"featured_media":30266,"comment_status":"closed","ping_status":"open","sticky":false,"template":"","format":"standard","meta":{"rop_custom_images_group":[],"rop_custom_messages_group":[],"rop_publish_now":"initial","rop_publish_now_accounts":[],"rop_publish_now_history":[],"rop_publish_now_status":"pending","footnotes":""},"categories":[195],"tags":[73],"class_list":["post-30265","post","type-post","status-publish","format-standard","has-post-thumbnail","hentry","category-sao-paulo","tag-featured"],"amp_enabled":true,"_links":{"self":[{"href":"https:\/\/imais.online\/portal\/wp-json\/wp\/v2\/posts\/30265","targetHints":{"allow":["GET"]}}],"collection":[{"href":"https:\/\/imais.online\/portal\/wp-json\/wp\/v2\/posts"}],"about":[{"href":"https:\/\/imais.online\/portal\/wp-json\/wp\/v2\/types\/post"}],"author":[{"embeddable":true,"href":"https:\/\/imais.online\/portal\/wp-json\/wp\/v2\/users\/7"}],"replies":[{"embeddable":true,"href":"https:\/\/imais.online\/portal\/wp-json\/wp\/v2\/comments?post=30265"}],"version-history":[{"count":1,"href":"https:\/\/imais.online\/portal\/wp-json\/wp\/v2\/posts\/30265\/revisions"}],"predecessor-version":[{"id":30267,"href":"https:\/\/imais.online\/portal\/wp-json\/wp\/v2\/posts\/30265\/revisions\/30267"}],"wp:featuredmedia":[{"embeddable":true,"href":"https:\/\/imais.online\/portal\/wp-json\/wp\/v2\/media\/30266"}],"wp:attachment":[{"href":"https:\/\/imais.online\/portal\/wp-json\/wp\/v2\/media?parent=30265"}],"wp:term":[{"taxonomy":"category","embeddable":true,"href":"https:\/\/imais.online\/portal\/wp-json\/wp\/v2\/categories?post=30265"},{"taxonomy":"post_tag","embeddable":true,"href":"https:\/\/imais.online\/portal\/wp-json\/wp\/v2\/tags?post=30265"}],"curies":[{"name":"wp","href":"https:\/\/api.w.org\/{rel}","templated":true}]}}