{"id":30274,"date":"2026-01-07T11:27:00","date_gmt":"2026-01-07T14:27:00","guid":{"rendered":"https:\/\/imais.online\/portal\/?p=30274"},"modified":"2026-01-07T11:27:37","modified_gmt":"2026-01-07T14:27:37","slug":"presidente-sanciona-campanha-julho-dourado-para-promover-saude-de-animais-domesticos-e-prevenir-zoonoses","status":"publish","type":"post","link":"https:\/\/imais.online\/portal\/presidente-sanciona-campanha-julho-dourado-para-promover-saude-de-animais-domesticos-e-prevenir-zoonoses\/","title":{"rendered":"Presidente sanciona campanha Julho Dourado para promover sa\u00fade de animais dom\u00e9sticos e prevenir zoonoses"},"content":{"rendered":"<div class=\"imais-before-content-placement\" id=\"imais-547813737\"><script async src=\"\/\/pagead2.googlesyndication.com\/pagead\/js\/adsbygoogle.js?client=ca-pub-8787528412751566\" crossorigin=\"anonymous\"><\/script><ins class=\"adsbygoogle\" style=\"display:block;\" data-ad-client=\"ca-pub-8787528412751566\" \ndata-ad-slot=\"\" \ndata-ad-format=\"auto\"><\/ins>\n<script> \n(adsbygoogle = window.adsbygoogle || []).push({}); \n<\/script>\n<\/div>\n<p class=\"has-text-align-center\">Medida busca ampliar a qualidade de vida, a divulga\u00e7\u00e3o de direitos e o incentivo \u00e0 ado\u00e7\u00e3o de animais<\/p>\n\n\n\n<p>O presidente Luiz In\u00e1cio Lula da Silva sancionou a <a href=\"https:\/\/www.in.gov.br\/en\/web\/dou\/-\/lei-n-15.322-de-6-de-janeiro-de-2026-679834865\"><strong>Lei n\u00ba 15.322\/2026<\/strong><\/a>, que institui a campanha Julho Dourado, destinada \u00e0 promo\u00e7\u00e3o da sa\u00fade dos animais dom\u00e9sticos e de rua e \u00e0 preven\u00e7\u00e3o de zoonoses. A medida foi publicada no Di\u00e1rio Oficial da Uni\u00e3o (DOU) desta quarta-feira, 7 de janeiro, e leva tamb\u00e9m a assinatura do ministro Alexandre Padilha (Sa\u00fade).<br>&nbsp;<\/p>\n\n\n\n<p>Entre os objetivos da campanha Julho Dourado est\u00e3o a promo\u00e7\u00e3o de a\u00e7\u00f5es que proporcionem qualidade de vida aos animais dom\u00e9sticos e de rua, al\u00e9m da viabiliza\u00e7\u00e3o de palestras, semin\u00e1rios, mobiliza\u00e7\u00f5es e outras atividades para sensibilizar a popula\u00e7\u00e3o sobre a import\u00e2ncia de medidas preventivas de zoonoses \u2013 e educ\u00e1-la quanto ao zelo para com os animais dom\u00e9sticos e de rua.<br>&nbsp;<\/p>\n\n\n\n<p>Promover a ado\u00e7\u00e3o de animais abandonados tamb\u00e9m \u00e9 intuito da lei sancionada. A Organiza\u00e7\u00e3o Mundial da Sa\u00fade estima que existam mais de 30 milh\u00f5es de animais abandonados, entre 10 milh\u00f5es de gatos e 20 milh\u00f5es de c\u00e3es, em todo o Brasil. A lei prev\u00ea ainda a divulga\u00e7\u00e3o dos preceitos contidos na Declara\u00e7\u00e3o Universal dos Direitos dos Animais da Organiza\u00e7\u00e3o das Na\u00e7\u00f5es Unidas para a Educa\u00e7\u00e3o, a Ci\u00eancia e a Cultura (Unesco).<br>&nbsp;<\/p>\n\n\n\n<p>O Julho Dourado busca enfrentar o cen\u00e1rio de abandono, maus-tratos e neglig\u00eancia contra animais expostos a condi\u00e7\u00f5es de sofrimento e risco em vias p\u00fablicas. Apesar dos avan\u00e7os legislativos e do agravamento das penalidades para crimes de maus-tratos, o aumento da quantidade de animais abandonados e o n\u00famero de den\u00fancias demonstram que as atuais medidas n\u00e3o s\u00e3o suficientes para assegurar a prote\u00e7\u00e3o efetiva dos direitos dos animais.<br>&nbsp;<\/p>\n\n\n\n<p><strong>INDICADORES E DIREITOS<\/strong> \u2014 Outros objetivos, como contribuir para a melhoria dos indicadores relativos \u00e0 sa\u00fade dos animais dom\u00e9sticos e de rua e ampliar o n\u00edvel de resolutividade das a\u00e7\u00f5es direcionadas \u00e0 sa\u00fade deles \u2013 por meio de integra\u00e7\u00e3o entre a popula\u00e7\u00e3o, os \u00f3rg\u00e3os p\u00fablicos e privados e as organiza\u00e7\u00f5es n\u00e3o governamentais que atuam na \u00e1rea de defesa animal \u2013, completam o escopo da medida.<br>&nbsp;<\/p>\n\n\n\n<p><strong>ILUMINA\u00c7\u00c3O EM PR\u00c9DIOS<\/strong> \u2014 A san\u00e7\u00e3o presidencial tamb\u00e9m incentiva a ilumina\u00e7\u00e3o ou a decora\u00e7\u00e3o volunt\u00e1ria da parte externa de pr\u00e9dios p\u00fablicos e privados com luzes ou faixas na cor dourada, anualmente, durante todo o m\u00eas de julho. Medidas educativas e preventivas, como campanhas, contribuem para a redu\u00e7\u00e3o de gastos p\u00fablicos com sa\u00fade, controle populacional animal e atendimento de ocorr\u00eancias decorrentes do abandono, al\u00e9m de mitigar efeitos adversos sobre a mobilidade urbana e o turismo.<\/p>\n\n\n\n<p><strong><em>Fonte:<\/em><\/strong><em> Secretaria de Comunica\u00e7\u00e3o Social da Presid\u00eancia da Rep\u00fablica<\/em>&nbsp;<\/p>\n","protected":false},"excerpt":{"rendered":"<p>Medida busca ampliar a qualidade de vida, a divulga\u00e7\u00e3o de direitos e o incentivo \u00e0 ado\u00e7\u00e3o de animais O presidente Luiz In\u00e1cio Lula da Silva sancionou a Lei n\u00ba 15.322\/2026, que institui a campanha Julho Dourado, destinada \u00e0 promo\u00e7\u00e3o da sa\u00fade dos animais dom\u00e9sticos e de rua e \u00e0 preven\u00e7\u00e3o de zoonoses. A medida foi [&hellip;]<\/p>\n","protected":false},"author":7,"featured_media":30275,"comment_status":"closed","ping_status":"open","sticky":false,"template":"","format":"standard","meta":{"rop_custom_images_group":[],"rop_custom_messages_group":[],"rop_publish_now":"initial","rop_publish_now_accounts":[],"rop_publish_now_history":[],"rop_publish_now_status":"pending","footnotes":""},"categories":[189],"tags":[],"class_list":["post-30274","post","type-post","status-publish","format-standard","has-post-thumbnail","hentry","category-brasil"],"amp_enabled":true,"_links":{"self":[{"href":"https:\/\/imais.online\/portal\/wp-json\/wp\/v2\/posts\/30274","targetHints":{"allow":["GET"]}}],"collection":[{"href":"https:\/\/imais.online\/portal\/wp-json\/wp\/v2\/posts"}],"about":[{"href":"https:\/\/imais.online\/portal\/wp-json\/wp\/v2\/types\/post"}],"author":[{"embeddable":true,"href":"https:\/\/imais.online\/portal\/wp-json\/wp\/v2\/users\/7"}],"replies":[{"embeddable":true,"href":"https:\/\/imais.online\/portal\/wp-json\/wp\/v2\/comments?post=30274"}],"version-history":[{"count":1,"href":"https:\/\/imais.online\/portal\/wp-json\/wp\/v2\/posts\/30274\/revisions"}],"predecessor-version":[{"id":30276,"href":"https:\/\/imais.online\/portal\/wp-json\/wp\/v2\/posts\/30274\/revisions\/30276"}],"wp:featuredmedia":[{"embeddable":true,"href":"https:\/\/imais.online\/portal\/wp-json\/wp\/v2\/media\/30275"}],"wp:attachment":[{"href":"https:\/\/imais.online\/portal\/wp-json\/wp\/v2\/media?parent=30274"}],"wp:term":[{"taxonomy":"category","embeddable":true,"href":"https:\/\/imais.online\/portal\/wp-json\/wp\/v2\/categories?post=30274"},{"taxonomy":"post_tag","embeddable":true,"href":"https:\/\/imais.online\/portal\/wp-json\/wp\/v2\/tags?post=30274"}],"curies":[{"name":"wp","href":"https:\/\/api.w.org\/{rel}","templated":true}]}}