{"id":30277,"date":"2026-01-07T14:45:25","date_gmt":"2026-01-07T17:45:25","guid":{"rendered":"https:\/\/imais.online\/portal\/?p=30277"},"modified":"2026-01-07T14:45:55","modified_gmt":"2026-01-07T17:45:55","slug":"incendio-atinge-escola-infantil-em-indaiatuba","status":"publish","type":"post","link":"https:\/\/imais.online\/portal\/incendio-atinge-escola-infantil-em-indaiatuba\/","title":{"rendered":"Inc\u00eandio atinge escola infantil em Indaiatuba"},"content":{"rendered":"<div class=\"imais-before-content-placement\" id=\"imais-645840091\"><script async src=\"\/\/pagead2.googlesyndication.com\/pagead\/js\/adsbygoogle.js?client=ca-pub-8787528412751566\" crossorigin=\"anonymous\"><\/script><ins class=\"adsbygoogle\" style=\"display:block;\" data-ad-client=\"ca-pub-8787528412751566\" \ndata-ad-slot=\"\" \ndata-ad-format=\"auto\"><\/ins>\n<script> \n(adsbygoogle = window.adsbygoogle || []).push({}); \n<\/script>\n<\/div>\n<p>Um inc\u00eandio de propor\u00e7\u00f5es consider\u00e1veis atingiu uma escola de educa\u00e7\u00e3o infantil na manh\u00e3 desta quarta-feira (7) na Rua Pedro Gon\u00e7alves, localizada no bairro Vila Todos os Santos, em Indaiatuba, interior de S\u00e3o Paulo. Apesar da intensidade das chamas, o Corpo de Bombeiros confirmou que n\u00e3o houve registro de feridos.<\/p>\n\n\n\n<p>O incidente mobilizou quatro viaturas do Corpo de Bombeiros, que foram acionadas \u00e0s 9h24. O foco do inc\u00eandio concentrou-se em um dep\u00f3sito da institui\u00e7\u00e3o, onde estavam armazenados objetos como carteiras, materiais de festa e decora\u00e7\u00f5es. A r\u00e1pida atua\u00e7\u00e3o das equipes foi crucial para conter a propaga\u00e7\u00e3o do fogo.<\/p>\n\n\n\n<p>Richard Curi, propriet\u00e1rio da escola, informou que o inc\u00eandio teve in\u00edcio na parte dos fundos do estabelecimento. Ele enfatizou que as demais \u00e1reas da escola n\u00e3o foram afetadas e que a institui\u00e7\u00e3o mant\u00e9m todas as licen\u00e7as e alvar\u00e1s em dia, incluindo o Auto de Vistoria do Corpo de Bombeiros (AVCB) e a licen\u00e7a sanit\u00e1ria. &#8220;N\u00e3o afetou as outras \u00e1reas da escola, isso que \u00e9 a minha preocupa\u00e7\u00e3o maior. Agora vai ser passado o laudo e tudo que tiver que ser feito n\u00f3s vamos fazer&#8221;, declarou Curi.<\/p>\n\n\n\n<p>Al\u00e9m do Corpo de Bombeiros, equipes da Defesa Civil, do Departamento de Tr\u00e2nsito e de uma empresa de saneamento b\u00e1sico trabalharam em conjunto no combate \u00e0s chamas. Foram utilizados aproximadamente 12 mil litros de \u00e1gua para debelar o inc\u00eandio. As causas do incidente ainda est\u00e3o sob investiga\u00e7\u00e3o e ser\u00e3o apuradas pelas autoridades competentes.<\/p>\n","protected":false},"excerpt":{"rendered":"<p>Um inc\u00eandio de propor\u00e7\u00f5es consider\u00e1veis atingiu uma escola de educa\u00e7\u00e3o infantil na manh\u00e3 desta quarta-feira (7) na Rua Pedro Gon\u00e7alves, localizada no bairro Vila Todos os Santos, em Indaiatuba, interior de S\u00e3o Paulo. Apesar da intensidade das chamas, o Corpo de Bombeiros confirmou que n\u00e3o houve registro de feridos. O incidente mobilizou quatro viaturas do [&hellip;]<\/p>\n","protected":false},"author":7,"featured_media":30278,"comment_status":"closed","ping_status":"open","sticky":false,"template":"","format":"standard","meta":{"rop_custom_images_group":[],"rop_custom_messages_group":[],"rop_publish_now":"initial","rop_publish_now_accounts":[],"rop_publish_now_history":[],"rop_publish_now_status":"pending","footnotes":""},"categories":[188],"tags":[73],"class_list":["post-30277","post","type-post","status-publish","format-standard","has-post-thumbnail","hentry","category-indaiatuba","tag-featured"],"amp_enabled":true,"_links":{"self":[{"href":"https:\/\/imais.online\/portal\/wp-json\/wp\/v2\/posts\/30277","targetHints":{"allow":["GET"]}}],"collection":[{"href":"https:\/\/imais.online\/portal\/wp-json\/wp\/v2\/posts"}],"about":[{"href":"https:\/\/imais.online\/portal\/wp-json\/wp\/v2\/types\/post"}],"author":[{"embeddable":true,"href":"https:\/\/imais.online\/portal\/wp-json\/wp\/v2\/users\/7"}],"replies":[{"embeddable":true,"href":"https:\/\/imais.online\/portal\/wp-json\/wp\/v2\/comments?post=30277"}],"version-history":[{"count":1,"href":"https:\/\/imais.online\/portal\/wp-json\/wp\/v2\/posts\/30277\/revisions"}],"predecessor-version":[{"id":30279,"href":"https:\/\/imais.online\/portal\/wp-json\/wp\/v2\/posts\/30277\/revisions\/30279"}],"wp:featuredmedia":[{"embeddable":true,"href":"https:\/\/imais.online\/portal\/wp-json\/wp\/v2\/media\/30278"}],"wp:attachment":[{"href":"https:\/\/imais.online\/portal\/wp-json\/wp\/v2\/media?parent=30277"}],"wp:term":[{"taxonomy":"category","embeddable":true,"href":"https:\/\/imais.online\/portal\/wp-json\/wp\/v2\/categories?post=30277"},{"taxonomy":"post_tag","embeddable":true,"href":"https:\/\/imais.online\/portal\/wp-json\/wp\/v2\/tags?post=30277"}],"curies":[{"name":"wp","href":"https:\/\/api.w.org\/{rel}","templated":true}]}}