{"id":30286,"date":"2026-01-09T14:25:51","date_gmt":"2026-01-09T17:25:51","guid":{"rendered":"https:\/\/imais.online\/portal\/?p=30286"},"modified":"2026-01-09T14:25:52","modified_gmt":"2026-01-09T17:25:52","slug":"indaiatuba-se-destaca-no-comercio-exterior-e-registra-crescimento-das-exportacoes-em-2025","status":"publish","type":"post","link":"https:\/\/imais.online\/portal\/indaiatuba-se-destaca-no-comercio-exterior-e-registra-crescimento-das-exportacoes-em-2025\/","title":{"rendered":"Indaiatuba se destaca no com\u00e9rcio exterior e registra crescimento das exporta\u00e7\u00f5es em 2025"},"content":{"rendered":"<div class=\"imais-before-content-placement\" id=\"imais-3382910477\"><script async src=\"\/\/pagead2.googlesyndication.com\/pagead\/js\/adsbygoogle.js?client=ca-pub-8787528412751566\" crossorigin=\"anonymous\"><\/script><ins class=\"adsbygoogle\" style=\"display:block;\" data-ad-client=\"ca-pub-8787528412751566\" \ndata-ad-slot=\"\" \ndata-ad-format=\"auto\"><\/ins>\n<script> \n(adsbygoogle = window.adsbygoogle || []).push({}); \n<\/script>\n<\/div>\n<p class=\"has-text-align-center\"><small>Os produtos fabricados na cidade foram destinados a 95 pa\u00edses, diversidade e alta inser\u00e7\u00e3o internacional<\/small><\/p>\n\n\n\n<p>Mesmo diante de um cen\u00e1rio internacional marcado por instabilidades econ\u00f4micas e desafios no com\u00e9rcio global, Indaiatuba encerrou o ano de 2025 com um resultado expressivo e altamente positivo no com\u00e9rcio exterior. O munic\u00edpio alcan\u00e7ou US$ 802,4 milh\u00f5es em exporta\u00e7\u00f5es, registrando um crescimento de 9,9% em rela\u00e7\u00e3o a 2024, conforme dados da Secretaria de Com\u00e9rcio Exterior (SECEX), do Minist\u00e9rio do Desenvolvimento, Ind\u00fastria, Com\u00e9rcio e Servi\u00e7os (MDIC).<\/p>\n\n\n\n<p>O desempenho refor\u00e7a a solidez da economia local e evidencia a capacidade de adapta\u00e7\u00e3o e competitividade das empresas instaladas no munic\u00edpio, mesmo em um contexto global adverso. Ao longo de 2025, os produtos fabricados em Indaiatuba foram destinados a 95 pa\u00edses, demonstrando ampla diversifica\u00e7\u00e3o de mercados e elevado grau de inser\u00e7\u00e3o internacional, entre os principais pa\u00edses compradores dos produtos de Indaiatuba est\u00e3o Argentina, Estados Unidos e Col\u00f4mbia.<\/p>\n\n\n\n<p>Outro destaque importante \u00e9 a diversidade da pauta exportadora. De acordo com o levantamento do Observat\u00f3rio Econ\u00f4mico da Prefeitura, Indaiatuba exportou 379 tipos distintos de produtos, o que reflete uma base produtiva din\u00e2mica e robusta. A maior parte das exporta\u00e7\u00f5es \u00e9 composta por produtos industrializados, com maior valor agregado e conte\u00fado tecnol\u00f3gico, fator que fortalece a competitividade do munic\u00edpio no mercado externo, como niveladoras, p\u00e1s mec\u00e2nicas, escavadoras, al\u00e9m de autom\u00f3veis de passageiros, centrifugadores e muito mais.<\/p>\n\n\n\n<p>\u201cOs n\u00fameros do com\u00e9rcio exterior de 2025 demonstram, de forma muito clara, a for\u00e7a e a maturidade da economia de Indaiatuba. Esse resultado \u00e9 fruto de um ambiente econ\u00f4mico favor\u00e1vel, de pol\u00edticas p\u00fablicas voltadas ao desenvolvimento, \u00e0 inova\u00e7\u00e3o e \u00e0 competitividade, al\u00e9m do empenho do setor produtivo local. Indaiatuba se consolida, cada vez mais, como um polo estrat\u00e9gico de produ\u00e7\u00e3o industrial e inser\u00e7\u00e3o internacional, gerando emprego, renda e oportunidades para a popula\u00e7\u00e3o\u201d, destaca o secret\u00e1rio de Tecnologia, Inova\u00e7\u00e3o e Desenvolvimento Econ\u00f4mico,&nbsp;<strong>Jos\u00e9 Augusto Rodrigues Gon\u00e7alves<\/strong><strong>.<\/strong><strong><\/strong><\/p>\n\n\n\n<p>O resultado alcan\u00e7ado em 2025 consolida Indaiatuba como um polo estrat\u00e9gico de produ\u00e7\u00e3o e exporta\u00e7\u00e3o, reafirmando o compromisso do munic\u00edpio com o desenvolvimento econ\u00f4mico sustent\u00e1vel, a gera\u00e7\u00e3o de empregos e a atra\u00e7\u00e3o de novos investimentos. O crescimento das exporta\u00e7\u00f5es, mesmo diante de adversidades internacionais, \u00e9 um feito relevante e um indicativo claro da for\u00e7a da economia local.<\/p>\n","protected":false},"excerpt":{"rendered":"<p>Os produtos fabricados na cidade foram destinados a 95 pa\u00edses, diversidade e alta inser\u00e7\u00e3o internacional Mesmo diante de um cen\u00e1rio internacional marcado por instabilidades econ\u00f4micas e desafios no com\u00e9rcio global, Indaiatuba encerrou o ano de 2025 com um resultado expressivo e altamente positivo no com\u00e9rcio exterior. O munic\u00edpio alcan\u00e7ou US$ 802,4 milh\u00f5es em exporta\u00e7\u00f5es, registrando [&hellip;]<\/p>\n","protected":false},"author":7,"featured_media":30287,"comment_status":"closed","ping_status":"open","sticky":false,"template":"","format":"standard","meta":{"rop_custom_images_group":[],"rop_custom_messages_group":[],"rop_publish_now":"initial","rop_publish_now_accounts":[],"rop_publish_now_history":[],"rop_publish_now_status":"pending","footnotes":""},"categories":[188],"tags":[73],"class_list":["post-30286","post","type-post","status-publish","format-standard","has-post-thumbnail","hentry","category-indaiatuba","tag-featured"],"amp_enabled":true,"_links":{"self":[{"href":"https:\/\/imais.online\/portal\/wp-json\/wp\/v2\/posts\/30286","targetHints":{"allow":["GET"]}}],"collection":[{"href":"https:\/\/imais.online\/portal\/wp-json\/wp\/v2\/posts"}],"about":[{"href":"https:\/\/imais.online\/portal\/wp-json\/wp\/v2\/types\/post"}],"author":[{"embeddable":true,"href":"https:\/\/imais.online\/portal\/wp-json\/wp\/v2\/users\/7"}],"replies":[{"embeddable":true,"href":"https:\/\/imais.online\/portal\/wp-json\/wp\/v2\/comments?post=30286"}],"version-history":[{"count":1,"href":"https:\/\/imais.online\/portal\/wp-json\/wp\/v2\/posts\/30286\/revisions"}],"predecessor-version":[{"id":30288,"href":"https:\/\/imais.online\/portal\/wp-json\/wp\/v2\/posts\/30286\/revisions\/30288"}],"wp:featuredmedia":[{"embeddable":true,"href":"https:\/\/imais.online\/portal\/wp-json\/wp\/v2\/media\/30287"}],"wp:attachment":[{"href":"https:\/\/imais.online\/portal\/wp-json\/wp\/v2\/media?parent=30286"}],"wp:term":[{"taxonomy":"category","embeddable":true,"href":"https:\/\/imais.online\/portal\/wp-json\/wp\/v2\/categories?post=30286"},{"taxonomy":"post_tag","embeddable":true,"href":"https:\/\/imais.online\/portal\/wp-json\/wp\/v2\/tags?post=30286"}],"curies":[{"name":"wp","href":"https:\/\/api.w.org\/{rel}","templated":true}]}}