{"id":30289,"date":"2026-01-09T14:27:35","date_gmt":"2026-01-09T17:27:35","guid":{"rendered":"https:\/\/imais.online\/portal\/?p=30289"},"modified":"2026-01-09T14:27:36","modified_gmt":"2026-01-09T17:27:36","slug":"museu-da-agua-e-parque-do-mirim-oferecem-lazer-e-educacao-ambiental-nas-ferias","status":"publish","type":"post","link":"https:\/\/imais.online\/portal\/museu-da-agua-e-parque-do-mirim-oferecem-lazer-e-educacao-ambiental-nas-ferias\/","title":{"rendered":"Museu da \u00c1gua e Parque do Mirim oferecem lazer e educa\u00e7\u00e3o ambiental nas f\u00e9rias"},"content":{"rendered":"<div class=\"imais-before-content-placement\" id=\"imais-3311191623\"><script async src=\"\/\/pagead2.googlesyndication.com\/pagead\/js\/adsbygoogle.js?client=ca-pub-8787528412751566\" crossorigin=\"anonymous\"><\/script><ins class=\"adsbygoogle\" style=\"display:block;\" data-ad-client=\"ca-pub-8787528412751566\" \ndata-ad-slot=\"\" \ndata-ad-format=\"auto\"><\/ins>\n<script> \n(adsbygoogle = window.adsbygoogle || []).push({}); \n<\/script>\n<\/div>\n<p class=\"has-text-align-center\"><small>Novidades no Museu e atividades no Parque esperam visitantes durante o recesso escolar<\/small><\/p>\n\n\n\n<p>O Servi\u00e7o Aut\u00f4nomo de \u00c1gua e Esgotos (Saae) convida a popula\u00e7\u00e3o a aproveitar os dias de f\u00e9rias escolares para conhecer ou revisitar o&nbsp;Museu da \u00c1gua&nbsp;e o&nbsp;Parque do Mirim, dois espa\u00e7os que unem lazer, aprendizado e contato com a natureza.<\/p>\n\n\n\n<p>No Museu da \u00c1gua, o p\u00fablico encontra novas exposi\u00e7\u00f5es com conte\u00fado voltados \u00e0 educa\u00e7\u00e3o ambiental, com abordagem acess\u00edvel para toda a fam\u00edlia. A proposta \u00e9 aproximar os visitantes do tema da \u00e1gua \u2014 sua import\u00e2ncia, seus usos e os cuidados necess\u00e1rios para garantir qualidade e disponibilidade \u2014 refor\u00e7ando a consci\u00eancia ambiental de forma leve e cativante. Al\u00e9m do novo acervo, a sala hist\u00f3rica, trilha ecol\u00f3gica e todas as outras atra\u00e7\u00f5es seguem dispon\u00edveis para o visitante.<\/p>\n\n\n\n<p>J\u00e1 no Parque do Mirim, a visita combina bem-estar e conviv\u00eancia com a natureza. O espa\u00e7o oferece atra\u00e7\u00f5es para diferentes idades, como quadra poliesportiva, pista de caminhada e \u00e1reas de lazer que valorizam o uso saud\u00e1vel do tempo livre.<\/p>\n\n\n\n<p>Mais do que lazer, os dois espa\u00e7os representam um convite \u00e0 reflex\u00e3o sobre preserva\u00e7\u00e3o do meio ambiente. Ao vivenciar atividades ao ar livre e conhecer iniciativas de educa\u00e7\u00e3o ambiental, o visitante amplia a percep\u00e7\u00e3o sobre a rela\u00e7\u00e3o entre cidade e o ecossistema onde est\u00e1 inserida \u2014 e como atitudes simples no dia a dia contribuem para proteger os recursos naturais.<\/p>\n\n\n\n<p>Ao manter espa\u00e7os como esses, o Saae reafirma seu compromisso com a educa\u00e7\u00e3o ambiental, a qualidade de vida e o desenvolvimento sustent\u00e1vel do munic\u00edpio.<\/p>\n\n\n\n<p><strong>Servi\u00e7o:<\/strong><\/p>\n\n\n\n<p><strong>Museu da \u00c1gua:<\/strong><br>Rua do Museu, 205 \u2013 Bairro Tombadouro (Indaiatuba\/SP)<br>Data: Ter\u00e7a-feira a domingo<br>Hor\u00e1rio:&nbsp;9h \u00e0s 16h (perman\u00eancia at\u00e9 17h)<\/p>\n\n\n\n<p><strong>Parque do Mirim:<\/strong><br>Estrada Dr. Rafael Elias Jos\u00e9 Aun, Km 05<br>Data: Todos os dias<br>Hor\u00e1rio: 6h \u00e0s 20h (perman\u00eancia at\u00e9 21h)<\/p>\n","protected":false},"excerpt":{"rendered":"<p>Novidades no Museu e atividades no Parque esperam visitantes durante o recesso escolar O Servi\u00e7o Aut\u00f4nomo de \u00c1gua e Esgotos (Saae) convida a popula\u00e7\u00e3o a aproveitar os dias de f\u00e9rias escolares para conhecer ou revisitar o&nbsp;Museu da \u00c1gua&nbsp;e o&nbsp;Parque do Mirim, dois espa\u00e7os que unem lazer, aprendizado e contato com a natureza. No Museu da [&hellip;]<\/p>\n","protected":false},"author":7,"featured_media":30290,"comment_status":"closed","ping_status":"open","sticky":false,"template":"","format":"standard","meta":{"rop_custom_images_group":[],"rop_custom_messages_group":[],"rop_publish_now":"initial","rop_publish_now_accounts":[],"rop_publish_now_history":[],"rop_publish_now_status":"pending","footnotes":""},"categories":[188],"tags":[],"class_list":["post-30289","post","type-post","status-publish","format-standard","has-post-thumbnail","hentry","category-indaiatuba"],"amp_enabled":true,"_links":{"self":[{"href":"https:\/\/imais.online\/portal\/wp-json\/wp\/v2\/posts\/30289","targetHints":{"allow":["GET"]}}],"collection":[{"href":"https:\/\/imais.online\/portal\/wp-json\/wp\/v2\/posts"}],"about":[{"href":"https:\/\/imais.online\/portal\/wp-json\/wp\/v2\/types\/post"}],"author":[{"embeddable":true,"href":"https:\/\/imais.online\/portal\/wp-json\/wp\/v2\/users\/7"}],"replies":[{"embeddable":true,"href":"https:\/\/imais.online\/portal\/wp-json\/wp\/v2\/comments?post=30289"}],"version-history":[{"count":1,"href":"https:\/\/imais.online\/portal\/wp-json\/wp\/v2\/posts\/30289\/revisions"}],"predecessor-version":[{"id":30291,"href":"https:\/\/imais.online\/portal\/wp-json\/wp\/v2\/posts\/30289\/revisions\/30291"}],"wp:featuredmedia":[{"embeddable":true,"href":"https:\/\/imais.online\/portal\/wp-json\/wp\/v2\/media\/30290"}],"wp:attachment":[{"href":"https:\/\/imais.online\/portal\/wp-json\/wp\/v2\/media?parent=30289"}],"wp:term":[{"taxonomy":"category","embeddable":true,"href":"https:\/\/imais.online\/portal\/wp-json\/wp\/v2\/categories?post=30289"},{"taxonomy":"post_tag","embeddable":true,"href":"https:\/\/imais.online\/portal\/wp-json\/wp\/v2\/tags?post=30289"}],"curies":[{"name":"wp","href":"https:\/\/api.w.org\/{rel}","templated":true}]}}