{"id":30294,"date":"2026-01-11T20:43:54","date_gmt":"2026-01-11T23:43:54","guid":{"rendered":"https:\/\/imais.online\/portal\/?p=30294"},"modified":"2026-01-11T20:43:54","modified_gmt":"2026-01-11T23:43:54","slug":"com-pouco-mais-de-2-mil-unidades-no-pais-anatel-inicia-retirada-definitiva-de-orelhoes-em-2026","status":"publish","type":"post","link":"https:\/\/imais.online\/portal\/com-pouco-mais-de-2-mil-unidades-no-pais-anatel-inicia-retirada-definitiva-de-orelhoes-em-2026\/","title":{"rendered":"Com pouco mais de 2 mil unidades no pa\u00eds, Anatel inicia retirada definitiva de orelh\u00f5es em 2026"},"content":{"rendered":"<div class=\"imais-before-content-placement\" id=\"imais-1589746480\"><script async src=\"\/\/pagead2.googlesyndication.com\/pagead\/js\/adsbygoogle.js?client=ca-pub-8787528412751566\" crossorigin=\"anonymous\"><\/script><ins class=\"adsbygoogle\" style=\"display:block;\" data-ad-client=\"ca-pub-8787528412751566\" \ndata-ad-slot=\"\" \ndata-ad-format=\"auto\"><\/ins>\n<script> \n(adsbygoogle = window.adsbygoogle || []).push({}); \n<\/script>\n<\/div>\n<p>De acordo com a Anatel, hoje restam pouco mais de 2 mil orelh\u00f5es em funcionamento no pa\u00eds.<\/p>\n\n\n\n<p>O ano de 2026 marca o in\u00edcio do fim dos orelh\u00f5es no Brasil, s\u00edmbolos de uma era em que a comunica\u00e7\u00e3o dependia de fichas, cart\u00f5es e filas nas esquinas das cidades. A retirada definitiva desses aparelhos ainda soa como surpresa para muitos brasileiros, como a lojista Branca Soki, de 47 anos, que relembra com nostalgia o papel dos telefones p\u00fablicos no cotidiano entre as d\u00e9cadas de 1970 e o in\u00edcio dos anos 2000.<\/p>\n\n\n\n<p>Segundo Branca, o orelh\u00e3o era mais do que um meio de comunica\u00e7\u00e3o: era tamb\u00e9m um espa\u00e7o de conviv\u00eancia. \u201cVoc\u00ea andava com a ficha no bolso, enfrentava fila, conversava com gente que nunca tinha visto. Era assim que a gente se comunicava\u201d, relembra. O apego \u00e9 tanto que ela conta ter parado recentemente para fotografar um dos poucos aparelhos ainda existentes, hoje cada vez mais raros nas grandes cidades.<\/p>\n\n\n\n<p>A mudan\u00e7a ocorre com o fim das concess\u00f5es do servi\u00e7o de telefonia fixa das cinco empresas respons\u00e1veis pelos orelh\u00f5es. Com isso, as operadoras deixam de ser obrigadas a manter telefones p\u00fablicos. J\u00e1 a partir deste m\u00eas de janeiro, cerca de 30 mil carca\u00e7as de orelh\u00f5es come\u00e7am a ser removidas de ruas e avenidas em todo o pa\u00eds, acelerando o desaparecimento desses equipamentos do espa\u00e7o urbano.<\/p>\n\n\n\n<p>Como contrapartida, as empresas dever\u00e3o investir em redes de banda larga e telefonia m\u00f3vel. Alguns orelh\u00f5es ainda poder\u00e3o permanecer at\u00e9 2028, mas apenas em cidades onde n\u00e3o exista outro tipo de servi\u00e7o de telefonia dispon\u00edvel. Mesmo assim, a tend\u00eancia \u00e9 de extin\u00e7\u00e3o quase total dos aparelhos nos pr\u00f3ximos anos.<\/p>\n\n\n\n<p>Para quem dependeu deles, a despedida vem acompanhada de lembran\u00e7as marcantes. Renata Nunes, que morava no interior, usava o orelh\u00e3o como principal forma de contato com familiares na capital. J\u00e1 Jo\u00e3o Soares, que conheceu os aparelhos nos anos 1970, lembra da praticidade em compara\u00e7\u00e3o \u00e0s antigas centrais telef\u00f4nicas e sentiu falta dessa facilidade quando viveu no exterior.<\/p>\n\n\n\n<p>Nas redes sociais, internautas tamb\u00e9m t\u00eam compartilhado mem\u00f3rias, como N\u00e9lio Lopes, que recordou o papel de \u201catendente oficial\u201d de quem morava perto de um orelh\u00e3o. Wanderley dos Santos lamenta o fim de uma era em que era poss\u00edvel sair de casa sem celular e ainda assim se comunicar.<\/p>\n\n\n\n<h3 class=\"wp-block-heading\">Pa\u00eds conta com 2 mil orelh\u00f5es, diz Anatel<\/h3>\n\n\n\n<p>De acordo com a Anatel, hoje restam pouco mais de 2 mil orelh\u00f5es em funcionamento no pa\u00eds. A ag\u00eancia informa que n\u00e3o h\u00e1 mais produ\u00e7\u00e3o de cart\u00f5es telef\u00f4nicos e que, na aus\u00eancia deles, os aparelhos devem permitir liga\u00e7\u00f5es gratuitas para telefones fixos \u2014 um \u00faltimo resqu\u00edcio de um servi\u00e7o que marcou gera\u00e7\u00f5es.<\/p>\n\n\n\n<p>Fonte: GC Mais<\/p>\n","protected":false},"excerpt":{"rendered":"<p>De acordo com a Anatel, hoje restam pouco mais de 2 mil orelh\u00f5es em funcionamento no pa\u00eds. O ano de 2026 marca o in\u00edcio do fim dos orelh\u00f5es no Brasil, s\u00edmbolos de uma era em que a comunica\u00e7\u00e3o dependia de fichas, cart\u00f5es e filas nas esquinas das cidades. A retirada definitiva desses aparelhos ainda soa [&hellip;]<\/p>\n","protected":false},"author":8,"featured_media":30295,"comment_status":"closed","ping_status":"open","sticky":false,"template":"","format":"standard","meta":{"rop_custom_images_group":[],"rop_custom_messages_group":[],"rop_publish_now":"initial","rop_publish_now_accounts":[],"rop_publish_now_history":[],"rop_publish_now_status":"pending","footnotes":""},"categories":[189],"tags":[],"class_list":["post-30294","post","type-post","status-publish","format-standard","has-post-thumbnail","hentry","category-brasil"],"amp_enabled":true,"_links":{"self":[{"href":"https:\/\/imais.online\/portal\/wp-json\/wp\/v2\/posts\/30294","targetHints":{"allow":["GET"]}}],"collection":[{"href":"https:\/\/imais.online\/portal\/wp-json\/wp\/v2\/posts"}],"about":[{"href":"https:\/\/imais.online\/portal\/wp-json\/wp\/v2\/types\/post"}],"author":[{"embeddable":true,"href":"https:\/\/imais.online\/portal\/wp-json\/wp\/v2\/users\/8"}],"replies":[{"embeddable":true,"href":"https:\/\/imais.online\/portal\/wp-json\/wp\/v2\/comments?post=30294"}],"version-history":[{"count":1,"href":"https:\/\/imais.online\/portal\/wp-json\/wp\/v2\/posts\/30294\/revisions"}],"predecessor-version":[{"id":30296,"href":"https:\/\/imais.online\/portal\/wp-json\/wp\/v2\/posts\/30294\/revisions\/30296"}],"wp:featuredmedia":[{"embeddable":true,"href":"https:\/\/imais.online\/portal\/wp-json\/wp\/v2\/media\/30295"}],"wp:attachment":[{"href":"https:\/\/imais.online\/portal\/wp-json\/wp\/v2\/media?parent=30294"}],"wp:term":[{"taxonomy":"category","embeddable":true,"href":"https:\/\/imais.online\/portal\/wp-json\/wp\/v2\/categories?post=30294"},{"taxonomy":"post_tag","embeddable":true,"href":"https:\/\/imais.online\/portal\/wp-json\/wp\/v2\/tags?post=30294"}],"curies":[{"name":"wp","href":"https:\/\/api.w.org\/{rel}","templated":true}]}}