{"id":30297,"date":"2026-01-11T20:47:45","date_gmt":"2026-01-11T23:47:45","guid":{"rendered":"https:\/\/imais.online\/portal\/?p=30297"},"modified":"2026-01-11T20:47:46","modified_gmt":"2026-01-11T23:47:46","slug":"trump-diz-que-cuba-nao-tera-mais-petroleo-e-dinheiro-e-sugere-acordo-antes-que-seja-tarde","status":"publish","type":"post","link":"https:\/\/imais.online\/portal\/trump-diz-que-cuba-nao-tera-mais-petroleo-e-dinheiro-e-sugere-acordo-antes-que-seja-tarde\/","title":{"rendered":"Trump diz que Cuba n\u00e3o ter\u00e1 mais petr\u00f3leo e dinheiro e sugere acordo \u2018antes que seja tarde\u2019"},"content":{"rendered":"<div class=\"imais-before-content-placement\" id=\"imais-96492971\"><script async src=\"\/\/pagead2.googlesyndication.com\/pagead\/js\/adsbygoogle.js?client=ca-pub-8787528412751566\" crossorigin=\"anonymous\"><\/script><ins class=\"adsbygoogle\" style=\"display:block;\" data-ad-client=\"ca-pub-8787528412751566\" \ndata-ad-slot=\"\" \ndata-ad-format=\"auto\"><\/ins>\n<script> \n(adsbygoogle = window.adsbygoogle || []).push({}); \n<\/script>\n<\/div>\n<h2 class=\"wp-block-heading\">Presidente dos EUA tamb\u00e9m afirmou que a Venezuela agora conta com a prote\u00e7\u00e3o de Washington<\/h2>\n\n\n\n<p><\/p>\n\n\n\n<p>O presidente dos&nbsp;<a href=\"https:\/\/www.r7.com\/tudo-sobre\/estados-unidos\/\" target=\"_blank\" rel=\"noreferrer noopener\">Estados Unidos<\/a>,&nbsp;<a href=\"https:\/\/www.r7.com\/tudo-sobre\/donald-trump\/\" target=\"_blank\" rel=\"noreferrer noopener\">Donald Trump<\/a>, afirmou neste domingo (11) que \u201cn\u00e3o haver\u00e1 mais&nbsp;<a href=\"https:\/\/www.r7.com\/tudo-sobre\/petroleo\/\" target=\"_blank\" rel=\"noreferrer noopener\">petr\u00f3leo<\/a>&nbsp;ou dinheiro indo para&nbsp;<a href=\"https:\/\/www.r7.com\/tudo-sobre\/cuba\/\" target=\"_blank\" rel=\"noreferrer noopener\">Cuba<\/a>\u201d e sugeriu que o governo cubano \u201cfa\u00e7a um acordo antes que seja tarde demais\u201d.<\/p>\n\n\n\n<p>A declara\u00e7\u00e3o, feita em publica\u00e7\u00e3o na Truth Social, ocorre em meio ao endurecimento da pol\u00edtica americana em rela\u00e7\u00e3o \u00e0 ilha e ap\u00f3s a recente opera\u00e7\u00e3o militar dos EUA na Venezuela.<\/p>\n\n\n\n<p>Na mensagem, Trump escreveu que Cuba \u201cviveu, por muitos anos, de grandes quantidades de petr\u00f3leo e dinheiro da Venezuela\u201d, em troca da presta\u00e7\u00e3o de servi\u00e7os de seguran\u00e7a aos \u00faltimos governos venezuelanos.<\/p>\n\n\n\n<p>Segundo ele, esse arranjo teria terminado ap\u00f3s a ofensiva americana. \u201cMas n\u00e3o mais!\u201d, afirmou o presidente, ao declarar que \u201ca maioria desses cubanos est\u00e1 MORTA por causa do ataque dos EUA nas \u00faltimas semanas\u201d.<\/p>\n\n\n\n<p>Trump tamb\u00e9m disse que a\u00a0<a href=\"https:\/\/www.r7.com\/tudo-sobre\/venezuela\/\" target=\"_blank\" rel=\"noreferrer noopener\">Venezuela<\/a>\u00a0\u201cn\u00e3o precisa mais de prote\u00e7\u00e3o dos bandidos e extorsionistas que os mantiveram ref\u00e9ns por tantos anos\u201d e afirmou que o pa\u00eds agora conta com Washington.<\/p>\n\n\n\n<p>\u201cA Venezuela agora tem os Estados Unidos da Am\u00e9rica, o Ex\u00e9rcito mais poderoso do mundo (de longe!), para proteg\u00ea-los, e n\u00f3s os protegeremos\u201d, escreveu.<\/p>\n\n\n\n<p>A postagem foi feita pouco depois de Trump reagir, tamb\u00e9m na Truth Social, a uma outra publica\u00e7\u00e3o que mencionava o secret\u00e1rio de Estado americano,\u00a0<a href=\"https:\/\/www.r7.com\/tudo-sobre\/marco-rubio\/\" target=\"_blank\" rel=\"noreferrer noopener\">Marco Rubio<\/a>, como futuro \u201cpresidente de Cuba\u201d, ao comentar: \u201cParece bom para mim!\u201d.<\/p>\n\n\n\n<p>Fonte R7<\/p>\n","protected":false},"excerpt":{"rendered":"<p>Presidente dos EUA tamb\u00e9m afirmou que a Venezuela agora conta com a prote\u00e7\u00e3o de Washington O presidente dos&nbsp;Estados Unidos,&nbsp;Donald Trump, afirmou neste domingo (11) que \u201cn\u00e3o haver\u00e1 mais&nbsp;petr\u00f3leo&nbsp;ou dinheiro indo para&nbsp;Cuba\u201d e sugeriu que o governo cubano \u201cfa\u00e7a um acordo antes que seja tarde demais\u201d. A declara\u00e7\u00e3o, feita em publica\u00e7\u00e3o na Truth Social, ocorre em [&hellip;]<\/p>\n","protected":false},"author":8,"featured_media":30298,"comment_status":"closed","ping_status":"open","sticky":false,"template":"","format":"standard","meta":{"rop_custom_images_group":[],"rop_custom_messages_group":[],"rop_publish_now":"initial","rop_publish_now_accounts":[],"rop_publish_now_history":[],"rop_publish_now_status":"pending","footnotes":""},"categories":[212],"tags":[73],"class_list":["post-30297","post","type-post","status-publish","format-standard","has-post-thumbnail","hentry","category-internacional","tag-featured"],"amp_enabled":true,"_links":{"self":[{"href":"https:\/\/imais.online\/portal\/wp-json\/wp\/v2\/posts\/30297","targetHints":{"allow":["GET"]}}],"collection":[{"href":"https:\/\/imais.online\/portal\/wp-json\/wp\/v2\/posts"}],"about":[{"href":"https:\/\/imais.online\/portal\/wp-json\/wp\/v2\/types\/post"}],"author":[{"embeddable":true,"href":"https:\/\/imais.online\/portal\/wp-json\/wp\/v2\/users\/8"}],"replies":[{"embeddable":true,"href":"https:\/\/imais.online\/portal\/wp-json\/wp\/v2\/comments?post=30297"}],"version-history":[{"count":1,"href":"https:\/\/imais.online\/portal\/wp-json\/wp\/v2\/posts\/30297\/revisions"}],"predecessor-version":[{"id":30299,"href":"https:\/\/imais.online\/portal\/wp-json\/wp\/v2\/posts\/30297\/revisions\/30299"}],"wp:featuredmedia":[{"embeddable":true,"href":"https:\/\/imais.online\/portal\/wp-json\/wp\/v2\/media\/30298"}],"wp:attachment":[{"href":"https:\/\/imais.online\/portal\/wp-json\/wp\/v2\/media?parent=30297"}],"wp:term":[{"taxonomy":"category","embeddable":true,"href":"https:\/\/imais.online\/portal\/wp-json\/wp\/v2\/categories?post=30297"},{"taxonomy":"post_tag","embeddable":true,"href":"https:\/\/imais.online\/portal\/wp-json\/wp\/v2\/tags?post=30297"}],"curies":[{"name":"wp","href":"https:\/\/api.w.org\/{rel}","templated":true}]}}