{"id":30300,"date":"2026-01-11T20:50:40","date_gmt":"2026-01-11T23:50:40","guid":{"rendered":"https:\/\/imais.online\/portal\/?p=30300"},"modified":"2026-01-11T20:50:41","modified_gmt":"2026-01-11T23:50:41","slug":"cidade-do-parana-e-atingida-por-ventos-fortes-de-ate-180-km-h","status":"publish","type":"post","link":"https:\/\/imais.online\/portal\/cidade-do-parana-e-atingida-por-ventos-fortes-de-ate-180-km-h\/","title":{"rendered":"Cidade do Paran\u00e1 \u00e9 atingida por ventos fortes de at\u00e9 180 km\/h"},"content":{"rendered":"<div class=\"imais-before-content-placement\" id=\"imais-2694357040\"><script async src=\"\/\/pagead2.googlesyndication.com\/pagead\/js\/adsbygoogle.js?client=ca-pub-8787528412751566\" crossorigin=\"anonymous\"><\/script><ins class=\"adsbygoogle\" style=\"display:block;\" data-ad-client=\"ca-pub-8787528412751566\" \ndata-ad-slot=\"\" \ndata-ad-format=\"auto\"><\/ins>\n<script> \n(adsbygoogle = window.adsbygoogle || []).push({}); \n<\/script>\n<\/div>\n<h2 class=\"wp-block-heading\">V\u00e1rias casas foram destelhadas e duas pessoas ficaram feridas<\/h2>\n\n\n\n<p><\/p>\n\n\n\n<p>A cidade de&nbsp;<strong>S\u00e3o Jos\u00e9 dos Pinhais<\/strong>, na regi\u00e3o metropolitana de Curitiba, no&nbsp;<a href=\"https:\/\/www.r7.com\/tudo-sobre\/parana\/\" target=\"_blank\" rel=\"noreferrer noopener\">Paran\u00e1<\/a>, foi atingida pela passagem de um&nbsp;<a href=\"https:\/\/www.r7.com\/tudo-sobre\/tornado\/\" target=\"_blank\" rel=\"noreferrer noopener\">tornado<\/a>&nbsp;no in\u00edcio da noite deste s\u00e1bado (10) e houve destelhamento de casas, queda de \u00e1rvores e de&nbsp;<a href=\"https:\/\/www.r7.com\/tudo-sobre\/energia\/\" target=\"_blank\" rel=\"noreferrer noopener\">energia<\/a>. A velocidade dos ventos foi de&nbsp;<strong>180km\/h<\/strong>, segundo avalia\u00e7\u00e3o do Simepar (Sistema de Tecnologia e Monitoramento Ambiental do Paran\u00e1), o que significa que o fen\u00f4meno est\u00e1 na categoria F2 na escala Fujita, que vai at\u00e9 5.<\/p>\n\n\n\n<p>A regi\u00e3o mais afetada foi o bairro de Guatup\u00ea, onde os ventos causaram a destrui\u00e7\u00e3o dos telhados de cerca de&nbsp;<strong>350 resid\u00eancias<\/strong>, segundo informa\u00e7\u00f5es da&nbsp;<a href=\"https:\/\/www.r7.com\/tudo-sobre\/defesa-civil\/\" target=\"_blank\" rel=\"noreferrer noopener\">Defesa Civil<\/a>.&nbsp;<strong>1,2 mil pessoas<\/strong>&nbsp;foram impactadas pelo evento, sendo que duas fam\u00edlias ficaram desalojadas e precisaram ser abrigadas por parentes. Duas pessoas ficaram levemente feridas.<\/p>\n\n\n\n<p>Os ventos causaram ainda outros tipos de estragos, como derrubada de port\u00f5es, o desligamento de sem\u00e1foros, a destrui\u00e7\u00e3o de um galp\u00e3o e ainda danificou v\u00e1rios postes.<\/p>\n\n\n\n<p>A Prefeita de S\u00e3o Jos\u00e9 dos Pinhais, Nina Singer, anunciou na noite de s\u00e1bado que foi montado um ponto de apoio na subprefeitura de Guatup\u00ea com a disponibiliza\u00e7\u00e3o de lonas para proteger provisoriamente as casas que sofreram danos.<\/p>\n\n\n\n<p>A\u00a0<strong>Defesa Civil<\/strong>\u00a0mandou para S\u00e3o Jos\u00e9 dos Pinhais\u00a0<strong>2,6 mil telhas<\/strong>\u00a0para ajudar as fam\u00edlias atingidas e reconstruir suas resid\u00eancias.<\/p>\n\n\n\n<p>Fonte R7<\/p>\n","protected":false},"excerpt":{"rendered":"<p>V\u00e1rias casas foram destelhadas e duas pessoas ficaram feridas A cidade de&nbsp;S\u00e3o Jos\u00e9 dos Pinhais, na regi\u00e3o metropolitana de Curitiba, no&nbsp;Paran\u00e1, foi atingida pela passagem de um&nbsp;tornado&nbsp;no in\u00edcio da noite deste s\u00e1bado (10) e houve destelhamento de casas, queda de \u00e1rvores e de&nbsp;energia. A velocidade dos ventos foi de&nbsp;180km\/h, segundo avalia\u00e7\u00e3o do Simepar (Sistema de [&hellip;]<\/p>\n","protected":false},"author":8,"featured_media":30301,"comment_status":"closed","ping_status":"open","sticky":false,"template":"","format":"standard","meta":{"rop_custom_images_group":[],"rop_custom_messages_group":[],"rop_publish_now":"initial","rop_publish_now_accounts":[],"rop_publish_now_history":[],"rop_publish_now_status":"pending","footnotes":""},"categories":[189],"tags":[],"class_list":["post-30300","post","type-post","status-publish","format-standard","has-post-thumbnail","hentry","category-brasil"],"amp_enabled":true,"_links":{"self":[{"href":"https:\/\/imais.online\/portal\/wp-json\/wp\/v2\/posts\/30300","targetHints":{"allow":["GET"]}}],"collection":[{"href":"https:\/\/imais.online\/portal\/wp-json\/wp\/v2\/posts"}],"about":[{"href":"https:\/\/imais.online\/portal\/wp-json\/wp\/v2\/types\/post"}],"author":[{"embeddable":true,"href":"https:\/\/imais.online\/portal\/wp-json\/wp\/v2\/users\/8"}],"replies":[{"embeddable":true,"href":"https:\/\/imais.online\/portal\/wp-json\/wp\/v2\/comments?post=30300"}],"version-history":[{"count":1,"href":"https:\/\/imais.online\/portal\/wp-json\/wp\/v2\/posts\/30300\/revisions"}],"predecessor-version":[{"id":30302,"href":"https:\/\/imais.online\/portal\/wp-json\/wp\/v2\/posts\/30300\/revisions\/30302"}],"wp:featuredmedia":[{"embeddable":true,"href":"https:\/\/imais.online\/portal\/wp-json\/wp\/v2\/media\/30301"}],"wp:attachment":[{"href":"https:\/\/imais.online\/portal\/wp-json\/wp\/v2\/media?parent=30300"}],"wp:term":[{"taxonomy":"category","embeddable":true,"href":"https:\/\/imais.online\/portal\/wp-json\/wp\/v2\/categories?post=30300"},{"taxonomy":"post_tag","embeddable":true,"href":"https:\/\/imais.online\/portal\/wp-json\/wp\/v2\/tags?post=30300"}],"curies":[{"name":"wp","href":"https:\/\/api.w.org\/{rel}","templated":true}]}}