{"id":30303,"date":"2026-01-11T21:09:32","date_gmt":"2026-01-12T00:09:32","guid":{"rendered":"https:\/\/imais.online\/portal\/?p=30303"},"modified":"2026-01-11T21:09:33","modified_gmt":"2026-01-12T00:09:33","slug":"temperatura-dos-oceanos-bate-novo-recorde-em-2025","status":"publish","type":"post","link":"https:\/\/imais.online\/portal\/temperatura-dos-oceanos-bate-novo-recorde-em-2025\/","title":{"rendered":"Temperatura dos oceanos bate novo recorde em 2025"},"content":{"rendered":"<div class=\"imais-before-content-placement\" id=\"imais-909503096\"><script async src=\"\/\/pagead2.googlesyndication.com\/pagead\/js\/adsbygoogle.js?client=ca-pub-8787528412751566\" crossorigin=\"anonymous\"><\/script><ins class=\"adsbygoogle\" style=\"display:block;\" data-ad-client=\"ca-pub-8787528412751566\" \ndata-ad-slot=\"\" \ndata-ad-format=\"auto\"><\/ins>\n<script> \n(adsbygoogle = window.adsbygoogle || []).push({}); \n<\/script>\n<\/div>\n<h2 class=\"wp-block-heading\">Ac\u00famulo de calor armazenado no mar fornece um dos melhores indicadores de mudan\u00e7a clim\u00e1tica de longo prazo<\/h2>\n\n\n\n<p><\/p>\n\n\n\n<p>O&nbsp;<a href=\"https:\/\/noticias.r7.com\/fala-ciencia\/microplasticos-afundam-nos-oceanos-gracas-ao-zooplancton-invisivel-08012026\/\" target=\"_blank\" rel=\"noreferrer noopener\">oceano<\/a>&nbsp;da&nbsp;<a href=\"https:\/\/noticias.r7.com\/internacional\/fim-da-vida-na-terra-cientistas-descobrem-quando-planeta-podera-ficar-sem-oxigenio-08052025\/\" target=\"_blank\" rel=\"noreferrer noopener\">Terra<\/a>&nbsp;armazenou mais&nbsp;<a href=\"https:\/\/noticias.r7.com\/cidades\/sao-paulo-e-rio-de-janeiro-registram-recorde-de-calor-com-346c-e-382c-10012026\/\" target=\"_blank\" rel=\"noreferrer noopener\">calor<\/a>&nbsp;em 2025 do que em qualquer outro ano desde que as medi\u00e7\u00f5es modernas come\u00e7aram.<\/p>\n\n\n\n<p>A descoberta \u00e9 o resultado de uma grande colabora\u00e7\u00e3o internacional, envolvendo mais de 50 cientistas de 31 institui\u00e7\u00f5es de pesquisa em todo o mundo, e foi publicada na revista cient\u00edfica \u201c<a href=\"https:\/\/link.springer.com\/article\/10.1007\/s00376-026-5876-0\" target=\"_blank\" rel=\"noreferrer noopener\">Advances in Atmospheric Sciences<\/a>\u201d em janeiro.<\/p>\n\n\n\n<p>O aumento de calor no ano passado foi de 23 zettajoules (23.000.000.000.000.000.000.000 joules de energia), o que \u00e9 equivalente a aproximadamente 37 anos de consumo global de energia prim\u00e1ria (encontrada na natureza em sua forma bruta) no n\u00edvel de 2023.<\/p>\n\n\n\n<p>O oceano absorve mais de 90% do excesso de calor aprisionado pelos&nbsp;<a href=\"https:\/\/noticias.r7.com\/tecnologia-e-ciencia\/concentracao-de-gases-de-efeito-estufa-na-atmosfera-atinge-o-maior-nivel-em-800-mil-anos-19032025\/\" target=\"_blank\" rel=\"noreferrer noopener\">gases do efeito estufa<\/a>, tornando-o o principal reservat\u00f3rio de calor do sistema clim\u00e1tico. Como o conte\u00fado de calor do oceano (OHC, na sigla em ingl\u00eas) reflete o ac\u00famulo de calor armazenado no oceano, ele fornece um dos melhores indicadores de&nbsp;<a href=\"https:\/\/www.r7.com\/tudo-sobre\/aquecimento-global\/\" target=\"_blank\" rel=\"noreferrer noopener\">mudan\u00e7a clim\u00e1tica<\/a>&nbsp;de longo prazo.<\/p>\n\n\n\n<p>O aquecimento do oceano n\u00e3o \u00e9 uniforme; algumas \u00e1reas est\u00e3o aquecendo mais r\u00e1pido do que outras. Em 2025, cerca de 16% da \u00e1rea oce\u00e2nica global atingiu um OHC recorde, e cerca de 33% ficaram entre os tr\u00eas valores mais quentes em seus registros hist\u00f3ricos. As \u00e1reas mais quentes inclu\u00edram os oceanos tropical e sul do Atl\u00e2ntico, e o norte do Pac\u00edfico e o Oceano Austral.<\/p>\n\n\n\n<p>O registro geral \u00e9 caracterizado por tend\u00eancias de aquecimento oce\u00e2nico mais fortes desde a d\u00e9cada de 1990 do que antes. O aumento no OHC at\u00e9 2000m \u00e9 bastante est\u00e1vel nas \u00faltimas d\u00e9cadas, embora um pequeno aumento na taxa possa ser detectado. O conte\u00fado de calor do oceano atingiu um recorde em 2025, como aconteceu em cada um dos \u00faltimos nove anos.<\/p>\n\n\n\n<h3 class=\"wp-block-heading\">Temperaturas da superf\u00edcie do oceano<\/h3>\n\n\n\n<p>A temperatura m\u00e9dia global anual da superf\u00edcie do mar (SST, na sigla em ingl\u00eas) em 2025 foi o terceiro mais quente no registro instrumental e permaneceu cerca de 0,5\u00b0C acima da linha de base m\u00e9dia de 1981\u20132010. A SST em 2025 \u00e9 ligeiramente menor do que em 2023 e 2024, principalmente devido \u00e0 transi\u00e7\u00e3o de El Ni\u00f1o para La Ni\u00f1a no Pac\u00edfico tropical.<\/p>\n\n\n\n<p>As temperaturas da superf\u00edcie do mar s\u00e3o particularmente importantes porque afetam os padr\u00f5es clim\u00e1ticos em todo o mundo. Temperaturas na superf\u00edcie mais quentes favorecem a evapora\u00e7\u00e3o aumentada e chuvas mais intensas, causando ciclones tropicais mais extremos e eventos meteorol\u00f3gicos. Estes desempenharam um papel importante em inunda\u00e7\u00f5es generalizadas em grande parte do Sudeste Asi\u00e1tico, seca no Oriente M\u00e9dio e inunda\u00e7\u00f5es no M\u00e9xico e no noroeste do Pac\u00edfico, em 2025.<\/p>\n\n\n\n<p>O aumento do calor oce\u00e2nico impulsiona o aumento do n\u00edvel global do mar atrav\u00e9s da expans\u00e3o t\u00e9rmica, fortalece e prolonga ondas de calor e intensifica o cima extremo, aumentando o calor e a umidade na atmosfera. Enquanto o calor da Terra continuar aumentando, o conte\u00fado de calor do oceano continuar\u00e1 a subir e os recordes continuar\u00e3o a ser quebrados, alertam os cientistas.<\/p>\n\n\n\n<p>Fonte R7 <\/p>\n\n\n\n<figure class=\"wp-block-image\"><img decoding=\"async\" src=\"https:\/\/sc.r7.com\/videojs\/logo-r7.svg\" alt=\"\"\/><\/figure>\n\n\n\n<p><a href=\"https:\/\/casainfoco.com\/ruby-men-care-desconto\" target=\"_blank\" rel=\"noreferrer noopener\"><\/a><\/p>\n\n\n\n<ul class=\"wp-block-list\">\n<li><a href=\"https:\/\/www.facebook.com\/portalr7\" target=\"_blank\" rel=\"noreferrer noopener\"><\/a><\/li>\n\n\n\n<li><a href=\"https:\/\/instagram.com\/portalr7\" target=\"_blank\" rel=\"noreferrer noopener\"><\/a><\/li>\n\n\n\n<li><a href=\"https:\/\/www.kwai.com\/@jornalismorecord\" target=\"_blank\" rel=\"noreferrer noopener\"><\/a><\/li>\n\n\n\n<li><a href=\"https:\/\/www.threads.net\/@portalr7?hl=pt-br\" target=\"_blank\" rel=\"noreferrer noopener\"><\/a><\/li>\n\n\n\n<li><a href=\"https:\/\/descubra.recordplus.com\/\" target=\"_blank\" rel=\"noreferrer noopener\"><\/a><\/li>\n\n\n\n<li><a href=\"https:\/\/www.tiktok.com\/@portalr7\" target=\"_blank\" rel=\"noreferrer noopener\"><\/a><\/li>\n\n\n\n<li><a href=\"https:\/\/twitter.com\/portalr7\" target=\"_blank\" rel=\"noreferrer noopener\"><\/a><\/li>\n\n\n\n<li><a href=\"https:\/\/www.whatsapp.com\/channel\/0029Va6eEELGZNCyryabmO1m\" target=\"_blank\" rel=\"noreferrer noopener\"><\/a><\/li>\n\n\n\n<li><a href=\"https:\/\/www.youtube.com\/@PortalR7\" target=\"_blank\" rel=\"noreferrer noopener\"><\/a><\/li>\n<\/ul>\n\n\n\n<p><a href=\"https:\/\/www.r7.com\/termos\/privacidade\" rel=\"noreferrer noopener\" target=\"_blank\"><\/a><\/p>\n","protected":false},"excerpt":{"rendered":"<p>Ac\u00famulo de calor armazenado no mar fornece um dos melhores indicadores de mudan\u00e7a clim\u00e1tica de longo prazo O&nbsp;oceano&nbsp;da&nbsp;Terra&nbsp;armazenou mais&nbsp;calor&nbsp;em 2025 do que em qualquer outro ano desde que as medi\u00e7\u00f5es modernas come\u00e7aram. A descoberta \u00e9 o resultado de uma grande colabora\u00e7\u00e3o internacional, envolvendo mais de 50 cientistas de 31 institui\u00e7\u00f5es de pesquisa em todo o [&hellip;]<\/p>\n","protected":false},"author":8,"featured_media":30304,"comment_status":"closed","ping_status":"open","sticky":false,"template":"","format":"standard","meta":{"rop_custom_images_group":[],"rop_custom_messages_group":[],"rop_publish_now":"initial","rop_publish_now_accounts":[],"rop_publish_now_history":[],"rop_publish_now_status":"pending","footnotes":""},"categories":[212],"tags":[73],"class_list":["post-30303","post","type-post","status-publish","format-standard","has-post-thumbnail","hentry","category-internacional","tag-featured"],"amp_enabled":true,"_links":{"self":[{"href":"https:\/\/imais.online\/portal\/wp-json\/wp\/v2\/posts\/30303","targetHints":{"allow":["GET"]}}],"collection":[{"href":"https:\/\/imais.online\/portal\/wp-json\/wp\/v2\/posts"}],"about":[{"href":"https:\/\/imais.online\/portal\/wp-json\/wp\/v2\/types\/post"}],"author":[{"embeddable":true,"href":"https:\/\/imais.online\/portal\/wp-json\/wp\/v2\/users\/8"}],"replies":[{"embeddable":true,"href":"https:\/\/imais.online\/portal\/wp-json\/wp\/v2\/comments?post=30303"}],"version-history":[{"count":1,"href":"https:\/\/imais.online\/portal\/wp-json\/wp\/v2\/posts\/30303\/revisions"}],"predecessor-version":[{"id":30305,"href":"https:\/\/imais.online\/portal\/wp-json\/wp\/v2\/posts\/30303\/revisions\/30305"}],"wp:featuredmedia":[{"embeddable":true,"href":"https:\/\/imais.online\/portal\/wp-json\/wp\/v2\/media\/30304"}],"wp:attachment":[{"href":"https:\/\/imais.online\/portal\/wp-json\/wp\/v2\/media?parent=30303"}],"wp:term":[{"taxonomy":"category","embeddable":true,"href":"https:\/\/imais.online\/portal\/wp-json\/wp\/v2\/categories?post=30303"},{"taxonomy":"post_tag","embeddable":true,"href":"https:\/\/imais.online\/portal\/wp-json\/wp\/v2\/tags?post=30303"}],"curies":[{"name":"wp","href":"https:\/\/api.w.org\/{rel}","templated":true}]}}