{"id":30306,"date":"2026-01-11T21:13:19","date_gmt":"2026-01-12T00:13:19","guid":{"rendered":"https:\/\/imais.online\/portal\/?p=30306"},"modified":"2026-01-11T21:13:20","modified_gmt":"2026-01-12T00:13:20","slug":"incendio-causa-destruicao-na-patagonia-argentina-e-coloca-regiao-em-estado-de-alerta-maximo","status":"publish","type":"post","link":"https:\/\/imais.online\/portal\/incendio-causa-destruicao-na-patagonia-argentina-e-coloca-regiao-em-estado-de-alerta-maximo\/","title":{"rendered":"Inc\u00eandio causa destrui\u00e7\u00e3o na Patag\u00f4nia argentina e coloca regi\u00e3o em estado de alerta m\u00e1ximo"},"content":{"rendered":"<div class=\"imais-before-content-placement\" id=\"imais-3887827038\"><script async src=\"\/\/pagead2.googlesyndication.com\/pagead\/js\/adsbygoogle.js?client=ca-pub-8787528412751566\" crossorigin=\"anonymous\"><\/script><ins class=\"adsbygoogle\" style=\"display:block;\" data-ad-client=\"ca-pub-8787528412751566\" \ndata-ad-slot=\"\" \ndata-ad-format=\"auto\"><\/ins>\n<script> \n(adsbygoogle = window.adsbygoogle || []).push({}); \n<\/script>\n<\/div>\n<h1 class=\"wp-block-heading\"><\/h1>\n\n\n\n<p>Bombeiros seguem tentando controlar o inc\u00eandio na Patag\u00f4nia argentina, que come\u00e7ou na segunda-feira (5) e vem se espalhando<\/p>\n\n\n\n<p>Um inc\u00eandio florestal de grandes propor\u00e7\u00f5es est\u00e1 avan\u00e7ando na prov\u00edncia de Chubut, na Patag\u00f4nia argentina, desde segunda-feira (5). Segundo o jornal La Nacion, uma \u00e1rea de mais de 6,5 mil hectares j\u00e1 foi afetada at\u00e9 este domingo (11).<\/p>\n\n\n\n<p>Devido aos ventos fortes, o fogo, que come\u00e7ou na zona de Lago Puelo,, se espalhou rapidamente, alcan\u00e7ando \u00e1reas rurais e urbanas como El Hoyo, El Mait\u00e9n, Esquel&nbsp;e Trevelin, segundo o La Nacion. Os bombeiros seguem tentando conter as chamas. Tamb\u00e9m foi solicitado apoio das for\u00e7as federais, de acordo com o InfoMoney.<\/p>\n\n\n\n<p>As autoridades declararam estado de alerta m\u00e1ximo na regi\u00e3o conhecida pela natureza exuberante e que atrai diversos turistas todos os anos. Com o desastre, a fauna e a flora nativas est\u00e3o sendo impactadas. A economia tamb\u00e9m tende a ser amea\u00e7ada.<\/p>\n\n\n\n<p><img loading=\"lazy\" decoding=\"async\" src=\"https:\/\/static.ndmais.com.br\/2026\/01\/incendio-1.jpg\" alt=\"Inc\u00eandio na Patag\u00f4nia argentinaFoto: La Nacion\/ND Mais\" width=\"1200\" height=\"700\" srcset=\"https:\/\/static.ndmais.com.br\/2026\/01\/incendio-1.jpg 1200w, https:\/\/static.ndmais.com.br\/2026\/01\/incendio-1-800x467.jpg 800w, https:\/\/static.ndmais.com.br\/2026\/01\/incendio-1-768x448.jpg 768w, https:\/\/static.ndmais.com.br\/2026\/01\/incendio-1-320x187.jpg 320w\">Inc\u00eandio na Patag\u00f4nia argentinaFoto: La Nacion\/ND Mais<\/p>\n\n\n\n<p>Um dos obst\u00e1culos para a conten\u00e7\u00e3o do inc\u00eandio, al\u00e9m dos ventos fortes, \u00e9 o terreno acidentado.<\/p>\n\n\n\n<h2 class=\"wp-block-heading\">Popula\u00e7\u00e3o em alerta m\u00e1ximo diante do inc\u00eandio na Patag\u00f4nia argentina<\/h2>\n\n\n\n<p>Diante da destrui\u00e7\u00e3o, moradores das \u00e1reas afetadas est\u00e3o ajudando no controle do fogo. \u201cO governo est\u00e1 fazendo muito pouco e a situa\u00e7\u00e3o \u00e9 muito grave, ent\u00e3o as pessoas precisam assumir o controle\u201d, disse um Pablo Giordano.<\/p>\n\n\n\n<p>O governador da prov\u00edncia de Chubut, Ignacio Torres, est\u00e1 atualizando a situa\u00e7\u00e3o nas suas redes sociais. \u201cSinto um profundo orgulho pelo esp\u00edrito de solidariedade e compromisso de todos os prefeitos da Regi\u00e3o Andina e de todo o povo da prov\u00edncia\u201d, disse no X (antigo Twitter). At\u00e9 sexta-feira (9), 15 fam\u00edlias foram evacuadas e 2 se autoevacuaram.<\/p>\n\n\n\n<p>Fonte R7. <\/p>\n","protected":false},"excerpt":{"rendered":"<p>Bombeiros seguem tentando controlar o inc\u00eandio na Patag\u00f4nia argentina, que come\u00e7ou na segunda-feira (5) e vem se espalhando Um inc\u00eandio florestal de grandes propor\u00e7\u00f5es est\u00e1 avan\u00e7ando na prov\u00edncia de Chubut, na Patag\u00f4nia argentina, desde segunda-feira (5). Segundo o jornal La Nacion, uma \u00e1rea de mais de 6,5 mil hectares j\u00e1 foi afetada at\u00e9 este domingo [&hellip;]<\/p>\n","protected":false},"author":8,"featured_media":30307,"comment_status":"closed","ping_status":"open","sticky":false,"template":"","format":"standard","meta":{"rop_custom_images_group":[],"rop_custom_messages_group":[],"rop_publish_now":"initial","rop_publish_now_accounts":[],"rop_publish_now_history":[],"rop_publish_now_status":"pending","footnotes":""},"categories":[212],"tags":[],"class_list":["post-30306","post","type-post","status-publish","format-standard","has-post-thumbnail","hentry","category-internacional"],"amp_enabled":true,"_links":{"self":[{"href":"https:\/\/imais.online\/portal\/wp-json\/wp\/v2\/posts\/30306","targetHints":{"allow":["GET"]}}],"collection":[{"href":"https:\/\/imais.online\/portal\/wp-json\/wp\/v2\/posts"}],"about":[{"href":"https:\/\/imais.online\/portal\/wp-json\/wp\/v2\/types\/post"}],"author":[{"embeddable":true,"href":"https:\/\/imais.online\/portal\/wp-json\/wp\/v2\/users\/8"}],"replies":[{"embeddable":true,"href":"https:\/\/imais.online\/portal\/wp-json\/wp\/v2\/comments?post=30306"}],"version-history":[{"count":1,"href":"https:\/\/imais.online\/portal\/wp-json\/wp\/v2\/posts\/30306\/revisions"}],"predecessor-version":[{"id":30308,"href":"https:\/\/imais.online\/portal\/wp-json\/wp\/v2\/posts\/30306\/revisions\/30308"}],"wp:featuredmedia":[{"embeddable":true,"href":"https:\/\/imais.online\/portal\/wp-json\/wp\/v2\/media\/30307"}],"wp:attachment":[{"href":"https:\/\/imais.online\/portal\/wp-json\/wp\/v2\/media?parent=30306"}],"wp:term":[{"taxonomy":"category","embeddable":true,"href":"https:\/\/imais.online\/portal\/wp-json\/wp\/v2\/categories?post=30306"},{"taxonomy":"post_tag","embeddable":true,"href":"https:\/\/imais.online\/portal\/wp-json\/wp\/v2\/tags?post=30306"}],"curies":[{"name":"wp","href":"https:\/\/api.w.org\/{rel}","templated":true}]}}