{"id":30319,"date":"2026-01-13T09:01:51","date_gmt":"2026-01-13T12:01:51","guid":{"rendered":"https:\/\/imais.online\/portal\/?p=30319"},"modified":"2026-01-13T09:01:52","modified_gmt":"2026-01-13T12:01:52","slug":"primavera-treina-pela-primeira-vez-no-novo-italo-mario-limongi","status":"publish","type":"post","link":"https:\/\/imais.online\/portal\/primavera-treina-pela-primeira-vez-no-novo-italo-mario-limongi\/","title":{"rendered":"Primavera treina pela primeira vez no novo \u00cdtalo M\u00e1rio Limongi"},"content":{"rendered":"<div class=\"imais-before-content-placement\" id=\"imais-3312280100\"><script async src=\"\/\/pagead2.googlesyndication.com\/pagead\/js\/adsbygoogle.js?client=ca-pub-8787528412751566\" crossorigin=\"anonymous\"><\/script><ins class=\"adsbygoogle\" style=\"display:block;\" data-ad-client=\"ca-pub-8787528412751566\" \ndata-ad-slot=\"\" \ndata-ad-format=\"auto\"><\/ins>\n<script> \n(adsbygoogle = window.adsbygoogle || []).push({}); \n<\/script>\n<\/div>\n<p>Depois de seis meses de reforma, a equipe principal do Primavera voltou a atuar nesta segunda-feira (12) no Gigante da Vila Industrial. A atividade serviu para que os atletas fizessem o reconhecimento do campo.<\/p>\n\n\n\n<p>O gramado \u00e9 uma das principais novidades do est\u00e1dio. O clube realizou uma reforma completa nos sistemas de irriga\u00e7\u00e3o e drenagem, al\u00e9m da instala\u00e7\u00e3o do mesmo tipo de grama utilizado na Copa do Mundo de Clubes no ano passado.<\/p>\n\n\n\n<figure class=\"wp-block-image size-large\"><img loading=\"lazy\" decoding=\"async\" width=\"768\" height=\"1024\" src=\"https:\/\/imais.online\/portal\/wp-content\/uploads\/2026\/01\/WhatsApp-Image-2026-01-12-at-22.18.13-1-768x1024.jpeg\" alt=\"\" class=\"wp-image-30321\" srcset=\"https:\/\/imais.online\/portal\/wp-content\/uploads\/2026\/01\/WhatsApp-Image-2026-01-12-at-22.18.13-1-768x1024.jpeg 768w, https:\/\/imais.online\/portal\/wp-content\/uploads\/2026\/01\/WhatsApp-Image-2026-01-12-at-22.18.13-1-225x300.jpeg 225w, https:\/\/imais.online\/portal\/wp-content\/uploads\/2026\/01\/WhatsApp-Image-2026-01-12-at-22.18.13-1.jpeg 960w\" sizes=\"auto, (max-width: 768px) 100vw, 768px\" \/><figcaption class=\"wp-element-caption\">Foto: Marcelo Chiconato | Primavera SAF<\/figcaption><\/figure>\n\n\n\n<p>Outra novidade foi a volta das atividades noturnas do est\u00e1dio, que n\u00e3o contava com ilumina\u00e7\u00e3o h\u00e1 mais de tr\u00eas d\u00e9cadas. O Primavera instalou quatro novos refletores, todos com ilumina\u00e7\u00e3o de LED.<\/p>\n\n\n\n<p>O treinamento faz parte da prepara\u00e7\u00e3o do Fantasma para a reinaugura\u00e7\u00e3o do Gigante da Vila, marcada para esta quarta-feira (14), \u00e0s 19h, contra o Mirassol. Os ingressos j\u00e1 est\u00e3o a venda no site da Total Ticket.<\/p>\n","protected":false},"excerpt":{"rendered":"<p>Depois de seis meses de reforma, a equipe principal do Primavera voltou a atuar nesta segunda-feira (12) no Gigante da Vila Industrial. A atividade serviu para que os atletas fizessem o reconhecimento do campo. O gramado \u00e9 uma das principais novidades do est\u00e1dio. O clube realizou uma reforma completa nos sistemas de irriga\u00e7\u00e3o e drenagem, [&hellip;]<\/p>\n","protected":false},"author":7,"featured_media":30320,"comment_status":"closed","ping_status":"open","sticky":false,"template":"","format":"standard","meta":{"rop_custom_images_group":[],"rop_custom_messages_group":[],"rop_publish_now":"initial","rop_publish_now_accounts":[],"rop_publish_now_history":[],"rop_publish_now_status":"pending","footnotes":""},"categories":[188],"tags":[73],"class_list":["post-30319","post","type-post","status-publish","format-standard","has-post-thumbnail","hentry","category-indaiatuba","tag-featured"],"amp_enabled":true,"_links":{"self":[{"href":"https:\/\/imais.online\/portal\/wp-json\/wp\/v2\/posts\/30319","targetHints":{"allow":["GET"]}}],"collection":[{"href":"https:\/\/imais.online\/portal\/wp-json\/wp\/v2\/posts"}],"about":[{"href":"https:\/\/imais.online\/portal\/wp-json\/wp\/v2\/types\/post"}],"author":[{"embeddable":true,"href":"https:\/\/imais.online\/portal\/wp-json\/wp\/v2\/users\/7"}],"replies":[{"embeddable":true,"href":"https:\/\/imais.online\/portal\/wp-json\/wp\/v2\/comments?post=30319"}],"version-history":[{"count":1,"href":"https:\/\/imais.online\/portal\/wp-json\/wp\/v2\/posts\/30319\/revisions"}],"predecessor-version":[{"id":30322,"href":"https:\/\/imais.online\/portal\/wp-json\/wp\/v2\/posts\/30319\/revisions\/30322"}],"wp:featuredmedia":[{"embeddable":true,"href":"https:\/\/imais.online\/portal\/wp-json\/wp\/v2\/media\/30320"}],"wp:attachment":[{"href":"https:\/\/imais.online\/portal\/wp-json\/wp\/v2\/media?parent=30319"}],"wp:term":[{"taxonomy":"category","embeddable":true,"href":"https:\/\/imais.online\/portal\/wp-json\/wp\/v2\/categories?post=30319"},{"taxonomy":"post_tag","embeddable":true,"href":"https:\/\/imais.online\/portal\/wp-json\/wp\/v2\/tags?post=30319"}],"curies":[{"name":"wp","href":"https:\/\/api.w.org\/{rel}","templated":true}]}}