{"id":30326,"date":"2026-01-13T09:12:28","date_gmt":"2026-01-13T12:12:28","guid":{"rendered":"https:\/\/imais.online\/portal\/?p=30326"},"modified":"2026-01-13T09:12:28","modified_gmt":"2026-01-13T12:12:28","slug":"prefeitura-promove-5o-feirao-do-emprego-com-300-vagas-exclusivas-para-o-aeroporto-de-viracopos","status":"publish","type":"post","link":"https:\/\/imais.online\/portal\/prefeitura-promove-5o-feirao-do-emprego-com-300-vagas-exclusivas-para-o-aeroporto-de-viracopos\/","title":{"rendered":"Prefeitura promove 5\u00ba Feir\u00e3o do Emprego com 300 vagas exclusivas para o Aeroporto de Viracopos"},"content":{"rendered":"<div class=\"imais-before-content-placement\" id=\"imais-4124838806\"><script async src=\"\/\/pagead2.googlesyndication.com\/pagead\/js\/adsbygoogle.js?client=ca-pub-8787528412751566\" crossorigin=\"anonymous\"><\/script><ins class=\"adsbygoogle\" style=\"display:block;\" data-ad-client=\"ca-pub-8787528412751566\" \ndata-ad-slot=\"\" \ndata-ad-format=\"auto\"><\/ins>\n<script> \n(adsbygoogle = window.adsbygoogle || []).push({}); \n<\/script>\n<\/div>\n<p class=\"has-text-align-center\"><small>Primeira edi\u00e7\u00e3o do Feir\u00e3o do Emprego de 2026 acontecer\u00e1 no dia 20 de janeiro, na Prefeitura<\/small><\/p>\n\n\n\n<p>A Prefeitura de Indaiatuba promover\u00e1 o 5\u00ba Feir\u00e3o do Emprego no dia 20 de janeiro. Com organiza\u00e7\u00e3o da Secretaria de Tecnologia, Inova\u00e7\u00e3o e Desenvolvimento Econ\u00f4mico, por meio do Posto de Atendimento ao Trabalhador (PAT), a primeira edi\u00e7\u00e3o de 2026 do Feir\u00e3o oferecer\u00e1 300 vagas de emprego no Aeroporto Internacional de Viracopos. O evento acontecer\u00e1 no Audit\u00f3rio do Pa\u00e7o Municipal, das 8h \u00e0s 13h.<\/p>\n\n\n\n<p>As oportunidades s\u00e3o para a empresa WFS Orbital, prestadora de servi\u00e7os para a companhia a\u00e9rea Azul Linhas A\u00e9reas. Os cargos atendem a tr\u00eas fun\u00e7\u00f5es: Operador de Equipamentos, Auxiliar de Rampa e Auxiliar de Esteira com 100 vagas dispon\u00edveis para cada fun\u00e7\u00e3o.<\/p>\n\n\n\n<p>O Operador de Equipamentos atua na opera\u00e7\u00e3o e movimenta\u00e7\u00e3o de equipamentos de solo no p\u00e1tio de aeronaves. Entre suas principais atividades est\u00e3o a opera\u00e7\u00e3o de equipamentos, como trator, escada reboc\u00e1vel, QTU, QTA e carro el\u00e9trico, al\u00e9m de manobrar e posicionar os equipamentos junto \u00e0 aeronave, assegurando que estejam devidamente cal\u00e7ados, com a \u00e1rea de seguran\u00e7a liberada, e realizando o carregamento e descarregamento conforme os procedimentos estabelecidos.<\/p>\n\n\n\n<p>J\u00e1 o Auxiliar de Rampa e de Esteiras atua nas opera\u00e7\u00f5es no p\u00e1tio de aeronaves, garantindo seguran\u00e7a, agilidade e excel\u00eancia dos processos aeroportu\u00e1rios. Entre suas atividades est\u00e3o o carregamento e descarregamento de bagagens, com aten\u00e7\u00e3o \u00e0s normas de seguran\u00e7a e aos procedimentos de manuseio, al\u00e9m do correto posicionamento nas esteiras de rolagem.<\/p>\n\n\n\n<p><strong>Parceiros<\/strong><\/p>\n\n\n\n<p>Quem passar pelo Feir\u00e3o do Emprego tamb\u00e9m poder\u00e1 conhecer os cursos e os programas de capacita\u00e7\u00e3o profissional promovidos pela Funda\u00e7\u00e3o Indaiatubana de Educa\u00e7\u00e3o e Cultura (Fiec) e pelo Servi\u00e7o Nacional de Aprendizagem Industrial (Senai). As duas institui\u00e7\u00f5es de ensino montar\u00e3o estande no local.<\/p>\n\n\n\n<p>A Secretaria Municipal de Sa\u00fade disponibilizar\u00e1 uma equipe para aplica\u00e7\u00e3o de vacinas contra gripe (influenza), t\u00e9tano, hepatite B, sarampo, caxumba e rub\u00e9ola. As vacinas ser\u00e3o oferecidas ao p\u00fablico adulto, e os interessados devem levar a carteira de vacina\u00e7\u00e3o para confer\u00eancia.<\/p>\n\n\n\n<p><strong>Servi\u00e7o:<\/strong><\/p>\n\n\n\n<p>5\u00ba Feir\u00e3o do Emprego<\/p>\n\n\n\n<p>Data: 20 de janeiro (ter\u00e7a-feira)<\/p>\n\n\n\n<p>Hor\u00e1rio: das 8h \u00e0s 13h<\/p>\n\n\n\n<p>Local: Prefeitura de Indaiatuba &#8211; Avenida F\u00e1bio Roberto Barnab\u00e9, n\u00ba 2.800 \u2013 Jardim Esplanada II<\/p>\n","protected":false},"excerpt":{"rendered":"<p>Primeira edi\u00e7\u00e3o do Feir\u00e3o do Emprego de 2026 acontecer\u00e1 no dia 20 de janeiro, na Prefeitura A Prefeitura de Indaiatuba promover\u00e1 o 5\u00ba Feir\u00e3o do Emprego no dia 20 de janeiro. Com organiza\u00e7\u00e3o da Secretaria de Tecnologia, Inova\u00e7\u00e3o e Desenvolvimento Econ\u00f4mico, por meio do Posto de Atendimento ao Trabalhador (PAT), a primeira edi\u00e7\u00e3o de 2026 [&hellip;]<\/p>\n","protected":false},"author":7,"featured_media":30327,"comment_status":"closed","ping_status":"open","sticky":false,"template":"","format":"standard","meta":{"rop_custom_images_group":[],"rop_custom_messages_group":[],"rop_publish_now":"initial","rop_publish_now_accounts":[],"rop_publish_now_history":[],"rop_publish_now_status":"pending","footnotes":""},"categories":[188],"tags":[],"class_list":["post-30326","post","type-post","status-publish","format-standard","has-post-thumbnail","hentry","category-indaiatuba"],"amp_enabled":true,"_links":{"self":[{"href":"https:\/\/imais.online\/portal\/wp-json\/wp\/v2\/posts\/30326","targetHints":{"allow":["GET"]}}],"collection":[{"href":"https:\/\/imais.online\/portal\/wp-json\/wp\/v2\/posts"}],"about":[{"href":"https:\/\/imais.online\/portal\/wp-json\/wp\/v2\/types\/post"}],"author":[{"embeddable":true,"href":"https:\/\/imais.online\/portal\/wp-json\/wp\/v2\/users\/7"}],"replies":[{"embeddable":true,"href":"https:\/\/imais.online\/portal\/wp-json\/wp\/v2\/comments?post=30326"}],"version-history":[{"count":1,"href":"https:\/\/imais.online\/portal\/wp-json\/wp\/v2\/posts\/30326\/revisions"}],"predecessor-version":[{"id":30328,"href":"https:\/\/imais.online\/portal\/wp-json\/wp\/v2\/posts\/30326\/revisions\/30328"}],"wp:featuredmedia":[{"embeddable":true,"href":"https:\/\/imais.online\/portal\/wp-json\/wp\/v2\/media\/30327"}],"wp:attachment":[{"href":"https:\/\/imais.online\/portal\/wp-json\/wp\/v2\/media?parent=30326"}],"wp:term":[{"taxonomy":"category","embeddable":true,"href":"https:\/\/imais.online\/portal\/wp-json\/wp\/v2\/categories?post=30326"},{"taxonomy":"post_tag","embeddable":true,"href":"https:\/\/imais.online\/portal\/wp-json\/wp\/v2\/tags?post=30326"}],"curies":[{"name":"wp","href":"https:\/\/api.w.org\/{rel}","templated":true}]}}