{"id":30340,"date":"2026-01-14T20:43:22","date_gmt":"2026-01-14T23:43:22","guid":{"rendered":"https:\/\/imais.online\/portal\/?p=30340"},"modified":"2026-01-14T20:43:22","modified_gmt":"2026-01-14T23:43:22","slug":"prefeito-apresenta-programa-municipal-de-mobilidade-urbana-de-indaiatuba","status":"publish","type":"post","link":"https:\/\/imais.online\/portal\/prefeito-apresenta-programa-municipal-de-mobilidade-urbana-de-indaiatuba\/","title":{"rendered":"Prefeito apresenta Programa Municipal de Mobilidade Urbana de Indaiatuba"},"content":{"rendered":"<div class=\"imais-before-content-placement\" id=\"imais-844086556\"><script async src=\"\/\/pagead2.googlesyndication.com\/pagead\/js\/adsbygoogle.js?client=ca-pub-8787528412751566\" crossorigin=\"anonymous\"><\/script><ins class=\"adsbygoogle\" style=\"display:block;\" data-ad-client=\"ca-pub-8787528412751566\" \ndata-ad-slot=\"\" \ndata-ad-format=\"auto\"><\/ins>\n<script> \n(adsbygoogle = window.adsbygoogle || []).push({}); \n<\/script>\n<\/div>\n<p class=\"has-text-align-center\"><small>An\u00fancio foi feito durante coletiva de apresenta\u00e7\u00e3o dos novos secret\u00e1rios<\/small><\/p>\n\n\n\n<p>O prefeito Dr. Cust\u00f3dio Tavares (MDB) apresentou na manh\u00e3 desta quarta-feira (14\/1) o Programa Municipal de Mobilidade Urbana de Indaiatuba (Promob). O Programa re\u00fane 15 a\u00e7\u00f5es estrat\u00e9gicas da Secretaria Municipal de Mobilidade Urbana, com foco na moderniza\u00e7\u00e3o institucional, qualifica\u00e7\u00e3o do transporte coletivo, uso de tecnologia, seguran\u00e7a vi\u00e1ria, mobilidade ativa e educa\u00e7\u00e3o para o tr\u00e2nsito. A apresenta\u00e7\u00e3o foi realizada durante entrevista coletiva \u00e0 imprensa promovida no Audit\u00f3rio da Prefeitura.<\/p>\n\n\n\n<p>O prefeito Dr. Cust\u00f3dio Tavares ressaltou que&nbsp;por se tratar de uma secretaria nova, ela ainda est\u00e1 em processo de implanta\u00e7\u00e3o efetiva trabalho que vem sendo comandado pelo secret\u00e1rio Diego Vido, que assumiu a Mobilidade Urbana em novembro de 2025. \u201cO Diego chegou no final do ano passado e est\u00e1 formatando a Secretaria, mas j\u00e1 temos uma estrutura de trabalho funcionando o que permitiu a cria\u00e7\u00e3o do&nbsp;Programa Municipal de Mobilidade Urbana de Indaiatuba, que nortear\u00e1 as primeiras a\u00e7\u00f5es do secret\u00e1rio\u201d, avisou.<\/p>\n\n\n\n<p>A Secretaria cuidar\u00e1 exclusivamente do tr\u00e2nsito, do transporte p\u00fablico e da circula\u00e7\u00e3o na cidade. A nova estrutura contar\u00e1 com identidade visual pr\u00f3pria, novos agentes e novas viaturas, garantindo mais organiza\u00e7\u00e3o, presen\u00e7a nas ruas e capacidade de planejamento.<\/p>\n\n\n\n<p>1.&nbsp;&nbsp;&nbsp;&nbsp;&nbsp;&nbsp;<strong>Cria\u00e7\u00e3o do Centro Integrado de Mobilidade (Cimob)<\/strong><\/p>\n\n\n\n<p>Espa\u00e7o onde a Prefeitura acompanhar\u00e1, de forma integrada, o tr\u00e2nsito, o transporte coletivo e os principais pontos da cidade, utilizando tecnologia e planejamento para decis\u00f5es mais r\u00e1pidas e eficientes.<\/p>\n\n\n\n<p>2.&nbsp;&nbsp;&nbsp;&nbsp;&nbsp;&nbsp;<strong>Cria\u00e7\u00e3o e reorganiza\u00e7\u00e3o das linhas de \u00f4nibus<\/strong><br>O transporte coletivo ser\u00e1 reorganizado com a cria\u00e7\u00e3o de quatro novas linhas de \u00f4nibus, ligando bairros ao Centro e ao Distrito Industrial, al\u00e9m de ajustes em linhas existentes para melhorar o atendimento \u00e0 popula\u00e7\u00e3o e aos trabalhadores.<\/p>\n\n\n\n<p>3.&nbsp;&nbsp;&nbsp;&nbsp;&nbsp;&nbsp;<strong>Refor\u00e7o e reorganiza\u00e7\u00e3o do transporte coletivo municipal<\/strong><br>Realiza\u00e7\u00e3o de estudos para a amplia\u00e7\u00e3o e a melhoria dos hor\u00e1rios do transporte coletivo, al\u00e9m de ajustes na opera\u00e7\u00e3o dos \u00f4nibus, com o objetivo de reduzir o tempo de espera e melhorar a cobertura dos bairros.<\/p>\n\n\n\n<p>4.&nbsp;&nbsp;&nbsp;&nbsp;&nbsp;&nbsp;<strong>Estudo para implanta\u00e7\u00e3o de Tarifa Zero aos domingos<\/strong><\/p>\n\n\n\n<p>Foi iniciado um estudo para avaliar a possibilidade de Tarifa Zero aos domingos, incentivando o lazer, o acesso aos espa\u00e7os p\u00fablicos e o fortalecimento do com\u00e9rcio local.<\/p>\n\n\n\n<p>5.&nbsp;&nbsp;&nbsp;&nbsp;&nbsp;&nbsp;<strong>Integra\u00e7\u00e3o de Sistema de Monitoramento nos \u00f4nibus<\/strong><br>A Prefeitura ir\u00e1 integrar cerca de 300 c\u00e2meras de monitoramento instaladas nos \u00f4nibus do transporte coletivo ao Centro de Opera\u00e7\u00f5es e Intelig\u00eancia (COI), ampliando a seguran\u00e7a dos passageiros e motoristas.<\/p>\n\n\n\n<p>6.&nbsp;&nbsp;&nbsp;&nbsp;&nbsp;&nbsp;<strong>Implanta\u00e7\u00e3o de nova tecnologia de Sem\u00e1foros Inteligentes<\/strong><br>Indaiatuba ir\u00e1 utilizar uma nova tecnologia de sem\u00e1foros inteligentes, a Unix, adotada na cidade de Londres, que ser\u00e1 implantada pela primeira vez no Brasil, melhorando o fluxo de ve\u00edculos e a organiza\u00e7\u00e3o do tr\u00e2nsito.<\/p>\n\n\n\n<p>7.&nbsp;&nbsp;&nbsp;&nbsp;&nbsp;&nbsp;<strong>Interven\u00e7\u00f5es vi\u00e1rias e melhorias geom\u00e9tricas<\/strong><br>Realiza\u00e7\u00e3o de estudos para interven\u00e7\u00f5es vi\u00e1rias em 16 pontos estrat\u00e9gicos da cidade. Dois estudos desta primeira fase j\u00e1 foram conclu\u00eddos e entregues, e os demais ser\u00e3o implantados de forma gradual.<\/p>\n\n\n\n<p>8.&nbsp;&nbsp;&nbsp;&nbsp;&nbsp;&nbsp;<strong>Moderniza\u00e7\u00e3o e Revitaliza\u00e7\u00e3o da Malha Ciclovi\u00e1ria<\/strong><br>As ciclovias ser\u00e3o revitalizadas, com melhoria da seguran\u00e7a e implanta\u00e7\u00e3o de sinaliza\u00e7\u00e3o completa, incluindo sem\u00e1foros exclusivos para ciclistas.<\/p>\n\n\n\n<p>9.&nbsp;&nbsp;&nbsp;&nbsp;&nbsp;&nbsp;<strong>Repagina\u00e7\u00e3o e Moderniza\u00e7\u00e3o do Programa EcoBike<\/strong><br>O programa EcoBike ser\u00e1 reformulado para um novo modelo, com amplia\u00e7\u00e3o dos locais atendidos, nova estrutura e incorpora\u00e7\u00e3o de novas tecnologias.<\/p>\n\n\n\n<p>10.&nbsp;&nbsp;<strong>Revitaliza\u00e7\u00e3o da sinaliza\u00e7\u00e3o vi\u00e1ria<\/strong><br>A cidade est\u00e1 sendo revitalizada na sinaliza\u00e7\u00e3o horizontal e vertical, com equipamentos mais modernos e novas tecnologias, garantindo mais visibilidade e seguran\u00e7a vi\u00e1ria.<\/p>\n\n\n\n<p>11.&nbsp;&nbsp;<strong>Programa Pedestre Seguro<\/strong><br>O Programa Pedestre Seguro re\u00fane a\u00e7\u00f5es voltadas \u00e0 prote\u00e7\u00e3o de quem anda a p\u00e9, com melhorias nas travessias, na ilumina\u00e7\u00e3o e na organiza\u00e7\u00e3o do tr\u00e2nsito.<\/p>\n\n\n\n<p>12.&nbsp;&nbsp;<strong>Programas Permanentes de Educa\u00e7\u00e3o para o Tr\u00e2nsito<\/strong><\/p>\n\n\n\n<p>Implanta\u00e7\u00e3o de programas permanentes de educa\u00e7\u00e3o para o tr\u00e2nsito, voltados a crian\u00e7as, jovens e adultos, promovendo conscientiza\u00e7\u00e3o e preven\u00e7\u00e3o de acidentes.<\/p>\n\n\n\n<p>13.&nbsp;&nbsp;<strong>Implanta\u00e7\u00e3o do Parque da Mobilidade \u2013 Parque da Crian\u00e7a<\/strong><br>No Parque da Crian\u00e7a ser\u00e1 implantado o Parque da Mobilidade, uma minicidade do tr\u00e2nsito para educa\u00e7\u00e3o e forma\u00e7\u00e3o das crian\u00e7as.<\/p>\n\n\n\n<p>14.&nbsp;&nbsp;<strong>Implanta\u00e7\u00e3o de novos abrigos de \u00f4nibus<\/strong><br>Ser\u00e3o implantados novos abrigos de \u00f4nibus modernos e padronizados, oferecendo mais conforto, acessibilidade e qualidade aos usu\u00e1rios.<\/p>\n\n\n\n<p>15.&nbsp;&nbsp;<strong>Cria\u00e7\u00e3o do Conselho Municipal de Mobilidade Urbana<\/strong><br>A Prefeitura ir\u00e1 criar o Conselho Municipal de Mobilidade Urbana, com participa\u00e7\u00e3o do poder p\u00fablico e da sociedade civil, fortalecendo o di\u00e1logo e a constru\u00e7\u00e3o conjunta das pol\u00edticas de mobilidade.<\/p>\n","protected":false},"excerpt":{"rendered":"<p>An\u00fancio foi feito durante coletiva de apresenta\u00e7\u00e3o dos novos secret\u00e1rios O prefeito Dr. Cust\u00f3dio Tavares (MDB) apresentou na manh\u00e3 desta quarta-feira (14\/1) o Programa Municipal de Mobilidade Urbana de Indaiatuba (Promob). O Programa re\u00fane 15 a\u00e7\u00f5es estrat\u00e9gicas da Secretaria Municipal de Mobilidade Urbana, com foco na moderniza\u00e7\u00e3o institucional, qualifica\u00e7\u00e3o do transporte coletivo, uso de tecnologia, [&hellip;]<\/p>\n","protected":false},"author":7,"featured_media":30341,"comment_status":"closed","ping_status":"open","sticky":false,"template":"","format":"standard","meta":{"rop_custom_images_group":[],"rop_custom_messages_group":[],"rop_publish_now":"initial","rop_publish_now_accounts":[],"rop_publish_now_history":[],"rop_publish_now_status":"pending","footnotes":""},"categories":[188],"tags":[],"class_list":["post-30340","post","type-post","status-publish","format-standard","has-post-thumbnail","hentry","category-indaiatuba"],"amp_enabled":true,"_links":{"self":[{"href":"https:\/\/imais.online\/portal\/wp-json\/wp\/v2\/posts\/30340","targetHints":{"allow":["GET"]}}],"collection":[{"href":"https:\/\/imais.online\/portal\/wp-json\/wp\/v2\/posts"}],"about":[{"href":"https:\/\/imais.online\/portal\/wp-json\/wp\/v2\/types\/post"}],"author":[{"embeddable":true,"href":"https:\/\/imais.online\/portal\/wp-json\/wp\/v2\/users\/7"}],"replies":[{"embeddable":true,"href":"https:\/\/imais.online\/portal\/wp-json\/wp\/v2\/comments?post=30340"}],"version-history":[{"count":1,"href":"https:\/\/imais.online\/portal\/wp-json\/wp\/v2\/posts\/30340\/revisions"}],"predecessor-version":[{"id":30342,"href":"https:\/\/imais.online\/portal\/wp-json\/wp\/v2\/posts\/30340\/revisions\/30342"}],"wp:featuredmedia":[{"embeddable":true,"href":"https:\/\/imais.online\/portal\/wp-json\/wp\/v2\/media\/30341"}],"wp:attachment":[{"href":"https:\/\/imais.online\/portal\/wp-json\/wp\/v2\/media?parent=30340"}],"wp:term":[{"taxonomy":"category","embeddable":true,"href":"https:\/\/imais.online\/portal\/wp-json\/wp\/v2\/categories?post=30340"},{"taxonomy":"post_tag","embeddable":true,"href":"https:\/\/imais.online\/portal\/wp-json\/wp\/v2\/tags?post=30340"}],"curies":[{"name":"wp","href":"https:\/\/api.w.org\/{rel}","templated":true}]}}