{"id":30349,"date":"2026-01-15T08:31:42","date_gmt":"2026-01-15T11:31:42","guid":{"rendered":"https:\/\/imais.online\/portal\/?p=30349"},"modified":"2026-01-15T08:31:42","modified_gmt":"2026-01-15T11:31:42","slug":"homem-e-morto-a-tiros-no-jardim-morada-do-sol","status":"publish","type":"post","link":"https:\/\/imais.online\/portal\/homem-e-morto-a-tiros-no-jardim-morada-do-sol\/","title":{"rendered":"Homem \u00e9 morto a tiros no Jardim Morada do Sol"},"content":{"rendered":"<div class=\"imais-before-content-placement\" id=\"imais-1625508696\"><script async src=\"\/\/pagead2.googlesyndication.com\/pagead\/js\/adsbygoogle.js?client=ca-pub-8787528412751566\" crossorigin=\"anonymous\"><\/script><ins class=\"adsbygoogle\" style=\"display:block;\" data-ad-client=\"ca-pub-8787528412751566\" \ndata-ad-slot=\"\" \ndata-ad-format=\"auto\"><\/ins>\n<script> \n(adsbygoogle = window.adsbygoogle || []).push({}); \n<\/script>\n<\/div>\n<p>Um homem identificado como Sidnei Nonato de Lemos foi assassinado a tiros na noite da \u00faltima quarta-feira (14), no bairro Jardim Morada do Sol, em Indaiatuba. O crime ocorreu por volta das 23h, na Rua Jacob Lyra.<\/p>\n\n\n\n<p>De acordo com informa\u00e7\u00f5es da Guarda Civil Municipal (GCM), que prestou apoio ao Servi\u00e7o de Atendimento Municipal de Emerg\u00eancia (SAME), a v\u00edtima foi encontrada ca\u00edda ao lado de uma motocicleta, apresentando perfura\u00e7\u00f5es de arma de fogo na regi\u00e3o do t\u00f3rax e pesco\u00e7o.<\/p>\n\n\n\n<p>Sidnei Nonato de Lemos foi socorrido e encaminhado com urg\u00eancia ao Hospital Augusto de Oliveira Camargo (HAOC). No entanto, devido \u00e0 gravidade dos ferimentos, ele n\u00e3o resistiu e veio a \u00f3bito ap\u00f3s sofrer uma parada cardiorrespirat\u00f3ria.<\/p>\n\n\n\n<p>A \u00e1rea do homic\u00eddio foi imediatamente isolada para a realiza\u00e7\u00e3o da per\u00edcia t\u00e9cnica. O caso foi registrado na delegacia de pol\u00edcia da cidade, que iniciou a investiga\u00e7\u00e3o para apurar as circunst\u00e2ncias, a motiva\u00e7\u00e3o do assassinato e identificar os poss\u00edveis autores do crime. A pol\u00edcia segue com as dilig\u00eancias.<\/p>\n","protected":false},"excerpt":{"rendered":"<p>Um homem identificado como Sidnei Nonato de Lemos foi assassinado a tiros na noite da \u00faltima quarta-feira (14), no bairro Jardim Morada do Sol, em Indaiatuba. O crime ocorreu por volta das 23h, na Rua Jacob Lyra. De acordo com informa\u00e7\u00f5es da Guarda Civil Municipal (GCM), que prestou apoio ao Servi\u00e7o de Atendimento Municipal de [&hellip;]<\/p>\n","protected":false},"author":7,"featured_media":30350,"comment_status":"closed","ping_status":"open","sticky":false,"template":"","format":"standard","meta":{"rop_custom_images_group":[],"rop_custom_messages_group":[],"rop_publish_now":"initial","rop_publish_now_accounts":[],"rop_publish_now_history":[],"rop_publish_now_status":"pending","footnotes":""},"categories":[188],"tags":[],"class_list":["post-30349","post","type-post","status-publish","format-standard","has-post-thumbnail","hentry","category-indaiatuba"],"amp_enabled":true,"_links":{"self":[{"href":"https:\/\/imais.online\/portal\/wp-json\/wp\/v2\/posts\/30349","targetHints":{"allow":["GET"]}}],"collection":[{"href":"https:\/\/imais.online\/portal\/wp-json\/wp\/v2\/posts"}],"about":[{"href":"https:\/\/imais.online\/portal\/wp-json\/wp\/v2\/types\/post"}],"author":[{"embeddable":true,"href":"https:\/\/imais.online\/portal\/wp-json\/wp\/v2\/users\/7"}],"replies":[{"embeddable":true,"href":"https:\/\/imais.online\/portal\/wp-json\/wp\/v2\/comments?post=30349"}],"version-history":[{"count":1,"href":"https:\/\/imais.online\/portal\/wp-json\/wp\/v2\/posts\/30349\/revisions"}],"predecessor-version":[{"id":30351,"href":"https:\/\/imais.online\/portal\/wp-json\/wp\/v2\/posts\/30349\/revisions\/30351"}],"wp:featuredmedia":[{"embeddable":true,"href":"https:\/\/imais.online\/portal\/wp-json\/wp\/v2\/media\/30350"}],"wp:attachment":[{"href":"https:\/\/imais.online\/portal\/wp-json\/wp\/v2\/media?parent=30349"}],"wp:term":[{"taxonomy":"category","embeddable":true,"href":"https:\/\/imais.online\/portal\/wp-json\/wp\/v2\/categories?post=30349"},{"taxonomy":"post_tag","embeddable":true,"href":"https:\/\/imais.online\/portal\/wp-json\/wp\/v2\/tags?post=30349"}],"curies":[{"name":"wp","href":"https:\/\/api.w.org\/{rel}","templated":true}]}}