{"id":30352,"date":"2026-01-16T15:33:50","date_gmt":"2026-01-16T18:33:50","guid":{"rendered":"https:\/\/imais.online\/portal\/?p=30352"},"modified":"2026-01-16T15:33:51","modified_gmt":"2026-01-16T18:33:51","slug":"festa-de-nossa-senhora-da-candelaria-transforma-indaiatuba-em-palco-de-fe-cultura-e-solidariedade","status":"publish","type":"post","link":"https:\/\/imais.online\/portal\/festa-de-nossa-senhora-da-candelaria-transforma-indaiatuba-em-palco-de-fe-cultura-e-solidariedade\/","title":{"rendered":"Festa de Nossa Senhora da Candel\u00e1ria transforma Indaiatuba em palco de f\u00e9, cultura e solidariedade"},"content":{"rendered":"<div class=\"imais-before-content-placement\" id=\"imais-3865556398\"><script async src=\"\/\/pagead2.googlesyndication.com\/pagead\/js\/adsbygoogle.js?client=ca-pub-8787528412751566\" crossorigin=\"anonymous\"><\/script><ins class=\"adsbygoogle\" style=\"display:block;\" data-ad-client=\"ca-pub-8787528412751566\" \ndata-ad-slot=\"\" \ndata-ad-format=\"auto\"><\/ins>\n<script> \n(adsbygoogle = window.adsbygoogle || []).push({}); \n<\/script>\n<\/div>\n<p class=\"has-text-align-center\"><em>Programa\u00e7\u00e3o inclui quermesse, apresenta\u00e7\u00f5es culturais e participa\u00e7\u00e3o de entidades filantr\u00f3picas com renda destinada tamb\u00e9m ao restauro da Igreja Matriz<\/em><\/p>\n\n\n\n<p>A Associa\u00e7\u00e3o Cultural Candel\u00e1ria anuncia a programa\u00e7\u00e3o oficial da tradicional Festa de Nossa Senhora da Candel\u00e1ria, que neste ano refor\u00e7a seu papel como um dos principais eventos religiosos e culturais de Indaiatuba, unindo m\u00fasica, tradi\u00e7\u00e3o e a\u00e7\u00f5es solid\u00e1rias.<\/p>\n\n\n\n<p>A quermesse ser\u00e1 realizada nos dias 17, 18, 24, 25 e 31 de janeiro, al\u00e9m dos dias 1, 2, 7 e 8 de fevereiro, sempre a partir das 18h, na Pra\u00e7a da Matriz. Durante todas as noites, o p\u00fablico poder\u00e1 participar do mini show de pr\u00eamios, criando um ambiente de confraterniza\u00e7\u00e3o e divers\u00e3o para toda a fam\u00edlia.<\/p>\n\n\n\n<p>Al\u00e9m da quermesse, a festa contar\u00e1 com tr\u00eas eventos culturais promovidos pela Associa\u00e7\u00e3o Cultural Candel\u00e1ria. No dia 16 de janeiro, acontece a apresenta\u00e7\u00e3o da Orquestra de Viola, Coral da Candel\u00e1ria e Folia de Reis, valorizando a cultura popular e a religiosidade. No dia 23 de janeiro, o p\u00fablico confere a apresenta\u00e7\u00e3o do grupo DECRIS. Encerrando a programa\u00e7\u00e3o cultural, no dia 6 de fevereiro, a atra\u00e7\u00e3o ser\u00e1 a banda Rock in Ro\u00e7a, trazendo um repert\u00f3rio que mistura o regional com influ\u00eancias contempor\u00e2neas.<\/p>\n\n\n\n<p>A pra\u00e7a de alimenta\u00e7\u00e3o ser\u00e1 organizada por entidades filantr\u00f3picas da cidade, fortalecendo o car\u00e1ter solid\u00e1rio do evento. A VOLAC ser\u00e1 respons\u00e1vel pelos past\u00e9is, a ABID pelas bebidas, os Vicentinos pelo lanche de lingui\u00e7a, a entidade Somos do Bem pelos espetinhos e o Col\u00e9gio Candel\u00e1ria pelos doces. A renda obtida ser\u00e1 destinada \u00e0s entidades participantes e parte dos recursos arrecadados ser\u00e1 revertida para o restauro da Igreja Matriz, contribuindo para a preserva\u00e7\u00e3o do patrim\u00f4nio hist\u00f3rico e religioso do munic\u00edpio.<\/p>\n\n\n\n<p>Para o p\u00e1roco padre Paulo Crozera, a festa vai al\u00e9m da celebra\u00e7\u00e3o. \u201cMais do que uma festa, a celebra\u00e7\u00e3o de Nossa Senhora da Candel\u00e1ria \u00e9 um momento de encontro, de f\u00e9 e de partilha. \u00c9 quando a comunidade se re\u00fane para agradecer, celebrar a cultura e, ao mesmo tempo, estender a m\u00e3o ao pr\u00f3ximo. Cada pessoa que participa ajuda a manter viva a nossa hist\u00f3ria e a cuidar da nossa Igreja\u201d, destaca.<\/p>\n\n\n\n<p>A Festa de Nossa Senhora da Candel\u00e1ria \u00e9 um convite \u00e0 participa\u00e7\u00e3o da comunidade, promovendo encontros, fortalecendo v\u00ednculos e transformando celebra\u00e7\u00e3o em cuidado com o pr\u00f3ximo.<\/p>\n\n\n\n<h2 class=\"wp-block-heading\">Servi\u00e7o<\/h2>\n\n\n\n<p>Evento: Festa de Nossa Senhora da Candel\u00e1ria Local: Pra\u00e7a da Matriz, Indaiatuba<\/p>\n\n\n\n<p>Eventos culturais<\/p>\n\n\n\n<p>16 de janeiro: Orquestra de Viola, Coral da Candel\u00e1ria e Folia de Reis 23 de janeiro: Grupo DECRIS<\/p>\n\n\n\n<p>6 de fevereiro: Banda Rock in Ro\u00e7a<\/p>\n\n\n\n<p>Programa\u00e7\u00e3o completa acesse <a href=\"https:\/\/www.nscandelaria.com.br\/\">https:\/\/www.nscandelaria.com.br\/<\/a> ou pelas redes sociais Instagram : @nscandelaria e @accandelaria200<\/p>\n","protected":false},"excerpt":{"rendered":"<p>Programa\u00e7\u00e3o inclui quermesse, apresenta\u00e7\u00f5es culturais e participa\u00e7\u00e3o de entidades filantr\u00f3picas com renda destinada tamb\u00e9m ao restauro da Igreja Matriz A Associa\u00e7\u00e3o Cultural Candel\u00e1ria anuncia a programa\u00e7\u00e3o oficial da tradicional Festa de Nossa Senhora da Candel\u00e1ria, que neste ano refor\u00e7a seu papel como um dos principais eventos religiosos e culturais de Indaiatuba, unindo m\u00fasica, tradi\u00e7\u00e3o e [&hellip;]<\/p>\n","protected":false},"author":7,"featured_media":30353,"comment_status":"closed","ping_status":"open","sticky":false,"template":"","format":"standard","meta":{"rop_custom_images_group":[],"rop_custom_messages_group":[],"rop_publish_now":"initial","rop_publish_now_accounts":[],"rop_publish_now_history":[],"rop_publish_now_status":"pending","footnotes":""},"categories":[188],"tags":[],"class_list":["post-30352","post","type-post","status-publish","format-standard","has-post-thumbnail","hentry","category-indaiatuba"],"amp_enabled":true,"_links":{"self":[{"href":"https:\/\/imais.online\/portal\/wp-json\/wp\/v2\/posts\/30352","targetHints":{"allow":["GET"]}}],"collection":[{"href":"https:\/\/imais.online\/portal\/wp-json\/wp\/v2\/posts"}],"about":[{"href":"https:\/\/imais.online\/portal\/wp-json\/wp\/v2\/types\/post"}],"author":[{"embeddable":true,"href":"https:\/\/imais.online\/portal\/wp-json\/wp\/v2\/users\/7"}],"replies":[{"embeddable":true,"href":"https:\/\/imais.online\/portal\/wp-json\/wp\/v2\/comments?post=30352"}],"version-history":[{"count":1,"href":"https:\/\/imais.online\/portal\/wp-json\/wp\/v2\/posts\/30352\/revisions"}],"predecessor-version":[{"id":30354,"href":"https:\/\/imais.online\/portal\/wp-json\/wp\/v2\/posts\/30352\/revisions\/30354"}],"wp:featuredmedia":[{"embeddable":true,"href":"https:\/\/imais.online\/portal\/wp-json\/wp\/v2\/media\/30353"}],"wp:attachment":[{"href":"https:\/\/imais.online\/portal\/wp-json\/wp\/v2\/media?parent=30352"}],"wp:term":[{"taxonomy":"category","embeddable":true,"href":"https:\/\/imais.online\/portal\/wp-json\/wp\/v2\/categories?post=30352"},{"taxonomy":"post_tag","embeddable":true,"href":"https:\/\/imais.online\/portal\/wp-json\/wp\/v2\/tags?post=30352"}],"curies":[{"name":"wp","href":"https:\/\/api.w.org\/{rel}","templated":true}]}}