{"id":30355,"date":"2026-01-16T18:59:30","date_gmt":"2026-01-16T21:59:30","guid":{"rendered":"https:\/\/imais.online\/portal\/?p=30355"},"modified":"2026-01-16T18:59:31","modified_gmt":"2026-01-16T21:59:31","slug":"vitor-kley-realiza-show-gratuito-em-itupeva-neste-sabado","status":"publish","type":"post","link":"https:\/\/imais.online\/portal\/vitor-kley-realiza-show-gratuito-em-itupeva-neste-sabado\/","title":{"rendered":"Vitor Kley realiza show gratuito em Itupeva neste s\u00e1bado"},"content":{"rendered":"<div class=\"imais-before-content-placement\" id=\"imais-2482930633\"><script async src=\"\/\/pagead2.googlesyndication.com\/pagead\/js\/adsbygoogle.js?client=ca-pub-8787528412751566\" crossorigin=\"anonymous\"><\/script><ins class=\"adsbygoogle\" style=\"display:block;\" data-ad-client=\"ca-pub-8787528412751566\" \ndata-ad-slot=\"\" \ndata-ad-format=\"auto\"><\/ins>\n<script> \n(adsbygoogle = window.adsbygoogle || []).push({}); \n<\/script>\n<\/div>\n<p class=\"has-text-align-center\"><em>Outlet Premium S\u00e3o Paulo recebe apresenta\u00e7\u00e3o de artista a partir das 18h<\/em><\/p>\n\n\n\n<p>O&nbsp;<strong>Outlet Premium S\u00e3o Paulo<\/strong>, localizado em Itupeva, na regi\u00e3o de Jundia\u00ed, ser\u00e1 palco de um dos momentos mais especiais deste ver\u00e3o. Neste s\u00e1bado (17), \u00e0s&nbsp;18h, o cantor&nbsp;Vitor Kley, um dos nomes mais queridos da m\u00fasica popular brasileira, se apresenta em um&nbsp;pocket show de voz e viol\u00e3o, realizado em parceria com a&nbsp;R\u00e1dio Nova Brasil FM.<\/p>\n\n\n\n<p>O evento ser\u00e1 realizado no&nbsp;Estacionamento Premium, oferecendo uma experi\u00eancia especial para f\u00e3s de todas as idades em um ambiente descontra\u00eddo e perfeito para aproveitar o fim de tarde.<\/p>\n\n\n\n<p>Conhecido por sucessos como&nbsp;<em>&#8220;O Sol&#8221;<\/em>,&nbsp;<em>&#8220;Adrenalizou&#8221;<\/em>&nbsp;e&nbsp;<em>&#8220;Pupila&#8221;<\/em>, o artista apresentar\u00e1 um repert\u00f3rio especial que mistura sua energia contagiante com os hits que marcaram sua carreira. O formato ac\u00fastico, combinado com o estilo leve e animado de Kley, torna o show intimista e inesquec\u00edvel.<\/p>\n\n\n\n<p>A entrada \u00e9 gratuita, mas as vagas s\u00e3o limitadas. Para garantir sua participa\u00e7\u00e3o, basta realizar a inscri\u00e7\u00e3o pelo&nbsp;<a href=\"https:\/\/outletpremium.com.br\/br\/sao-paulo\/cadastro\/show-vitor-kley\">link<\/a>.<\/p>\n\n\n\n<p>O&nbsp;Outlet Premium S\u00e3o Paulo&nbsp;est\u00e1 localizado na&nbsp;Rodovia dos Bandeirantes, KM 72, e funciona diariamente das&nbsp;9h \u00e0s 21h.&nbsp;<\/p>\n\n\n\n<p><strong>Servi\u00e7os:<\/strong><\/p>\n\n\n\n<p><strong>Evento &#8211; Pocket Show com Vitor Kley<\/strong><\/p>\n\n\n\n<p><strong>Data:<\/strong>&nbsp;17 de janeiro de 2026 (s\u00e1bado)<\/p>\n\n\n\n<p><strong>Hor\u00e1rio:<\/strong>&nbsp;18h<\/p>\n\n\n\n<p><strong>Local:<\/strong>&nbsp;Estacionamento Premium \u2013 Outlet Premium S\u00e3o Paulo<\/p>\n\n\n\n<p><strong>Entrada:<\/strong>&nbsp;Gratuita com inscri\u00e7\u00e3o pr\u00e9via em: <a href=\"https:\/\/outletpremium.com.br\/br\/sao-paulo\/cadastro\/show-vitor-kley\">https:\/\/outletpremium.com.br\/br\/sao-paulo\/cadastro\/show-vitor-kley<\/a><\/p>\n\n\n\n<p><strong>Apoio:<\/strong> R\u00e1dio Nova Brasil FM<\/p>\n","protected":false},"excerpt":{"rendered":"<p>Outlet Premium S\u00e3o Paulo recebe apresenta\u00e7\u00e3o de artista a partir das 18h O&nbsp;Outlet Premium S\u00e3o Paulo, localizado em Itupeva, na regi\u00e3o de Jundia\u00ed, ser\u00e1 palco de um dos momentos mais especiais deste ver\u00e3o. Neste s\u00e1bado (17), \u00e0s&nbsp;18h, o cantor&nbsp;Vitor Kley, um dos nomes mais queridos da m\u00fasica popular brasileira, se apresenta em um&nbsp;pocket show de [&hellip;]<\/p>\n","protected":false},"author":7,"featured_media":30356,"comment_status":"closed","ping_status":"open","sticky":false,"template":"","format":"standard","meta":{"rop_custom_images_group":[],"rop_custom_messages_group":[],"rop_publish_now":"initial","rop_publish_now_accounts":[],"rop_publish_now_history":[],"rop_publish_now_status":"pending","footnotes":""},"categories":[230],"tags":[],"class_list":["post-30355","post","type-post","status-publish","format-standard","has-post-thumbnail","hentry","category-interior"],"amp_enabled":true,"_links":{"self":[{"href":"https:\/\/imais.online\/portal\/wp-json\/wp\/v2\/posts\/30355","targetHints":{"allow":["GET"]}}],"collection":[{"href":"https:\/\/imais.online\/portal\/wp-json\/wp\/v2\/posts"}],"about":[{"href":"https:\/\/imais.online\/portal\/wp-json\/wp\/v2\/types\/post"}],"author":[{"embeddable":true,"href":"https:\/\/imais.online\/portal\/wp-json\/wp\/v2\/users\/7"}],"replies":[{"embeddable":true,"href":"https:\/\/imais.online\/portal\/wp-json\/wp\/v2\/comments?post=30355"}],"version-history":[{"count":1,"href":"https:\/\/imais.online\/portal\/wp-json\/wp\/v2\/posts\/30355\/revisions"}],"predecessor-version":[{"id":30357,"href":"https:\/\/imais.online\/portal\/wp-json\/wp\/v2\/posts\/30355\/revisions\/30357"}],"wp:featuredmedia":[{"embeddable":true,"href":"https:\/\/imais.online\/portal\/wp-json\/wp\/v2\/media\/30356"}],"wp:attachment":[{"href":"https:\/\/imais.online\/portal\/wp-json\/wp\/v2\/media?parent=30355"}],"wp:term":[{"taxonomy":"category","embeddable":true,"href":"https:\/\/imais.online\/portal\/wp-json\/wp\/v2\/categories?post=30355"},{"taxonomy":"post_tag","embeddable":true,"href":"https:\/\/imais.online\/portal\/wp-json\/wp\/v2\/tags?post=30355"}],"curies":[{"name":"wp","href":"https:\/\/api.w.org\/{rel}","templated":true}]}}