{"id":30358,"date":"2026-01-16T19:03:19","date_gmt":"2026-01-16T22:03:19","guid":{"rendered":"https:\/\/imais.online\/portal\/?p=30358"},"modified":"2026-01-16T19:03:19","modified_gmt":"2026-01-16T22:03:19","slug":"morador-de-holambra-que-trabalha-como-coveiro-lanca-livro-e-musica-em-homenagem-a-esposa","status":"publish","type":"post","link":"https:\/\/imais.online\/portal\/morador-de-holambra-que-trabalha-como-coveiro-lanca-livro-e-musica-em-homenagem-a-esposa\/","title":{"rendered":"Morador de Holambra que trabalha como coveiro lan\u00e7a livro e m\u00fasica em homenagem a esposa"},"content":{"rendered":"<div class=\"imais-before-content-placement\" id=\"imais-1137287808\"><script async src=\"\/\/pagead2.googlesyndication.com\/pagead\/js\/adsbygoogle.js?client=ca-pub-8787528412751566\" crossorigin=\"anonymous\"><\/script><ins class=\"adsbygoogle\" style=\"display:block;\" data-ad-client=\"ca-pub-8787528412751566\" \ndata-ad-slot=\"\" \ndata-ad-format=\"auto\"><\/ins>\n<script> \n(adsbygoogle = window.adsbygoogle || []).push({}); \n<\/script>\n<\/div>\n<p>S\u00e3o mais de 14 anos juntos de muitas linhas escritas, p\u00e1ginas especiais e cap\u00edtulos inesquec\u00edveis. Tanto \u00e9 verdade que a uni\u00e3o entre Luiz Fernando dos Santos e Val\u00e9ria rendeu um livro escrito por ele e publicado neste ano em homenagem \u00e0 esposa. \u201cO Cavaleiro e a Princesa\u201d \u00e9 um conto moderno que est\u00e1 dispon\u00edvel para venda no site da Amazon.<\/p>\n\n\n\n<p>Natural de Registro, mas morando em Holambra, ambas cidades do interior do Estado de S\u00e3o Paulo, Luiz Fernando tamb\u00e9m escreveu a m\u00fasica \u201cDois cora\u00e7\u00f5es em um s\u00f3 lugar\u201d para homenagear a esposa. Inclusive, a rom\u00e2ntica can\u00e7\u00e3o est\u00e1 dispon\u00edvel para grava\u00e7\u00e3o. Atualmente cursando Recursos Humanos, Luiz Fernando trabalha como coveiro e encontra inspira\u00e7\u00e3o para escrever composi\u00e7\u00f5es em seu pai, que sempre brincou em fazer par\u00f3dias com m\u00fasicas.<\/p>\n\n\n\n<p>Dois cora\u00e7\u00f5es em um s\u00f3 lugar:<\/p>\n\n\n\n<figure class=\"wp-block-embed is-type-video is-provider-youtube wp-block-embed-youtube wp-embed-aspect-4-3 wp-has-aspect-ratio\"><div class=\"wp-block-embed__wrapper\">\n<iframe loading=\"lazy\" title=\"Dois cora\u00e7\u00f5es em um s\u00f3 lugar. Letra autoral. Usei IA na voz. Aceito parceria.\" width=\"740\" height=\"555\" src=\"https:\/\/www.youtube.com\/embed\/580A8qmqngM?feature=oembed\" frameborder=\"0\" allow=\"accelerometer; autoplay; clipboard-write; encrypted-media; gyroscope; picture-in-picture; web-share\" referrerpolicy=\"strict-origin-when-cross-origin\" allowfullscreen><\/iframe>\n<\/div><\/figure>\n\n\n\n<p>Entre o pedido de namoro, noivado e o casamento, Luiz Fernando diz que tudo aconteceu em um prazo de quatro meses apenas. \u201cNos conhecemos aqui em Holambra numa viagem que fiz a passeio e me hospedei na casa de amigos em comum. Ela ocupava um quarto na casa deles. Conversei por uma hora e meia com ela e pareceu que foi uma vida. Na \u00e9poca eu morava na cidade de Praia Grande, litoral sul paulista. Fui embora e pedi ela em namoro pela internet\u201d.<\/p>\n\n\n\n<p>\u201cEscrever essa m\u00fasica foi como tirar tudo que sinto de mais profundo por ela. Me inspirei em um ensaio fotogr\u00e1fico que uma amiga nossa fez quando passamos tr\u00eas anos no Estado de Alagoas, pregando o Reino de Deus. Somos Testemunhas de Jeov\u00e1. A m\u00fasica era pra ser presente de casamento, mas n\u00e3o consegui esperar\u201d, revela ele. A uni\u00e3o matrimonial aconteceu no dia 31 de mar\u00e7o de 2012.<\/p>\n\n\n\n<p>O Dia do Compositor \u00e9 celebrado em 15 de janeiro (Dia Mundial) e tamb\u00e9m em 07 de outubro (Dia do Compositor Brasileiro). Embora ainda n\u00e3o tenha seu nome reconhecido como os grandes escritores e compositores brasileiros, Luiz Fernando j\u00e1 consegue eternizar em p\u00e1ginas e versos seu amor pela arte e pela Val\u00e9ria.<\/p>\n\n\n\n<p>Para conhecer mais sobre as obras de Luiz Fernando, acesse&nbsp;<a href=\"https:\/\/www.instagram.com\/luiz_fernando_pepe5000_?utm_source=qr&amp;igsh=OHh2bzB3d3N2ejE0\">https:\/\/www.instagram.com\/luiz_fernando_pepe5000_?utm_source=qr&amp;igsh=OHh2bzB3d3N2ejE0<\/a>.<\/p>\n","protected":false},"excerpt":{"rendered":"<p>S\u00e3o mais de 14 anos juntos de muitas linhas escritas, p\u00e1ginas especiais e cap\u00edtulos inesquec\u00edveis. Tanto \u00e9 verdade que a uni\u00e3o entre Luiz Fernando dos Santos e Val\u00e9ria rendeu um livro escrito por ele e publicado neste ano em homenagem \u00e0 esposa. \u201cO Cavaleiro e a Princesa\u201d \u00e9 um conto moderno que est\u00e1 dispon\u00edvel para [&hellip;]<\/p>\n","protected":false},"author":7,"featured_media":30359,"comment_status":"closed","ping_status":"open","sticky":false,"template":"","format":"standard","meta":{"rop_custom_images_group":[],"rop_custom_messages_group":[],"rop_publish_now":"initial","rop_publish_now_accounts":[],"rop_publish_now_history":[],"rop_publish_now_status":"pending","footnotes":""},"categories":[230],"tags":[],"class_list":["post-30358","post","type-post","status-publish","format-standard","has-post-thumbnail","hentry","category-interior"],"amp_enabled":true,"_links":{"self":[{"href":"https:\/\/imais.online\/portal\/wp-json\/wp\/v2\/posts\/30358","targetHints":{"allow":["GET"]}}],"collection":[{"href":"https:\/\/imais.online\/portal\/wp-json\/wp\/v2\/posts"}],"about":[{"href":"https:\/\/imais.online\/portal\/wp-json\/wp\/v2\/types\/post"}],"author":[{"embeddable":true,"href":"https:\/\/imais.online\/portal\/wp-json\/wp\/v2\/users\/7"}],"replies":[{"embeddable":true,"href":"https:\/\/imais.online\/portal\/wp-json\/wp\/v2\/comments?post=30358"}],"version-history":[{"count":1,"href":"https:\/\/imais.online\/portal\/wp-json\/wp\/v2\/posts\/30358\/revisions"}],"predecessor-version":[{"id":30360,"href":"https:\/\/imais.online\/portal\/wp-json\/wp\/v2\/posts\/30358\/revisions\/30360"}],"wp:featuredmedia":[{"embeddable":true,"href":"https:\/\/imais.online\/portal\/wp-json\/wp\/v2\/media\/30359"}],"wp:attachment":[{"href":"https:\/\/imais.online\/portal\/wp-json\/wp\/v2\/media?parent=30358"}],"wp:term":[{"taxonomy":"category","embeddable":true,"href":"https:\/\/imais.online\/portal\/wp-json\/wp\/v2\/categories?post=30358"},{"taxonomy":"post_tag","embeddable":true,"href":"https:\/\/imais.online\/portal\/wp-json\/wp\/v2\/tags?post=30358"}],"curies":[{"name":"wp","href":"https:\/\/api.w.org\/{rel}","templated":true}]}}