{"id":30364,"date":"2026-01-16T19:08:42","date_gmt":"2026-01-16T22:08:42","guid":{"rendered":"https:\/\/imais.online\/portal\/?p=30364"},"modified":"2026-01-16T19:08:42","modified_gmt":"2026-01-16T22:08:42","slug":"guarda-civil-de-indaiatuba-prende-tres-homens-e-detem-adolescente-por-furto-em-itu","status":"publish","type":"post","link":"https:\/\/imais.online\/portal\/guarda-civil-de-indaiatuba-prende-tres-homens-e-detem-adolescente-por-furto-em-itu\/","title":{"rendered":"Guarda Civil de Indaiatuba prende tr\u00eas homens e det\u00e9m adolescente por furto em Itu"},"content":{"rendered":"<div class=\"imais-before-content-placement\" id=\"imais-1885710304\"><script async src=\"\/\/pagead2.googlesyndication.com\/pagead\/js\/adsbygoogle.js?client=ca-pub-8787528412751566\" crossorigin=\"anonymous\"><\/script><ins class=\"adsbygoogle\" style=\"display:block;\" data-ad-client=\"ca-pub-8787528412751566\" \ndata-ad-slot=\"\" \ndata-ad-format=\"auto\"><\/ins>\n<script> \n(adsbygoogle = window.adsbygoogle || []).push({}); \n<\/script>\n<\/div>\n<p>A <a><\/a>Guarda Civil de Indaiatuba prendeu tr\u00eas homens e deteve um adolescente por um furto na tarde de quarta-feira (15). O crime ocorreu na cidade de Itu, e os indiv\u00edduos foram localizados e abordados em Indaiatuba.<\/p>\n\n\n\n<p>Por volta das 17h, o COI (Centro de Opera\u00e7\u00f5es e Intelig\u00eancia) da Guarda Civil identificou um ve\u00edculo suspeito transitando pelo munic\u00edpio. O autom\u00f3vel havia sido inserido na CRIM (Central Regional de Intelig\u00eancia de Monitoramento) pela Guarda Civil de Itu, ap\u00f3s os ocupantes furtarem uma loja de um shopping daquela cidade.<\/p>\n\n\n\n<p>As informa\u00e7\u00f5es sobre o trajeto do ve\u00edculo foram repassadas \u00e0s equipes em patrulhamento, e a viatura 149, com os guardas Jhonnathan e C\u00e1ssio Souza, com apoio da equipe da ROMI, realizou a abordagem do carro na rodovia. No interior do ve\u00edculo estavam tr\u00eas homens e um adolescente, que confessaram o furto.<\/p>\n\n\n\n<p>Durante a averigua\u00e7\u00e3o, os agentes localizaram 23 pe\u00e7as de roupas furtadas, avaliadas em mais de R$ 2 mil, al\u00e9m de uma sacola revestida com material met\u00e1lico, utilizada para dificultar o acionamento dos sistemas de alarme do estabelecimento.<\/p>\n\n\n\n<p>Diante dos fatos, a ocorr\u00eancia foi apresentada na delegacia de pol\u00edcia. Os tr\u00eas adultos permaneceram presos em flagrante, e o adolescente ficou \u00e0 disposi\u00e7\u00e3o da autoridade competente.<\/p>\n","protected":false},"excerpt":{"rendered":"<p>A Guarda Civil de Indaiatuba prendeu tr\u00eas homens e deteve um adolescente por um furto na tarde de quarta-feira (15). O crime ocorreu na cidade de Itu, e os indiv\u00edduos foram localizados e abordados em Indaiatuba. Por volta das 17h, o COI (Centro de Opera\u00e7\u00f5es e Intelig\u00eancia) da Guarda Civil identificou um ve\u00edculo suspeito transitando [&hellip;]<\/p>\n","protected":false},"author":7,"featured_media":30365,"comment_status":"closed","ping_status":"open","sticky":false,"template":"","format":"standard","meta":{"rop_custom_images_group":[],"rop_custom_messages_group":[],"rop_publish_now":"initial","rop_publish_now_accounts":[],"rop_publish_now_history":[],"rop_publish_now_status":"pending","footnotes":""},"categories":[188],"tags":[73],"class_list":["post-30364","post","type-post","status-publish","format-standard","has-post-thumbnail","hentry","category-indaiatuba","tag-featured"],"amp_enabled":true,"_links":{"self":[{"href":"https:\/\/imais.online\/portal\/wp-json\/wp\/v2\/posts\/30364","targetHints":{"allow":["GET"]}}],"collection":[{"href":"https:\/\/imais.online\/portal\/wp-json\/wp\/v2\/posts"}],"about":[{"href":"https:\/\/imais.online\/portal\/wp-json\/wp\/v2\/types\/post"}],"author":[{"embeddable":true,"href":"https:\/\/imais.online\/portal\/wp-json\/wp\/v2\/users\/7"}],"replies":[{"embeddable":true,"href":"https:\/\/imais.online\/portal\/wp-json\/wp\/v2\/comments?post=30364"}],"version-history":[{"count":1,"href":"https:\/\/imais.online\/portal\/wp-json\/wp\/v2\/posts\/30364\/revisions"}],"predecessor-version":[{"id":30366,"href":"https:\/\/imais.online\/portal\/wp-json\/wp\/v2\/posts\/30364\/revisions\/30366"}],"wp:featuredmedia":[{"embeddable":true,"href":"https:\/\/imais.online\/portal\/wp-json\/wp\/v2\/media\/30365"}],"wp:attachment":[{"href":"https:\/\/imais.online\/portal\/wp-json\/wp\/v2\/media?parent=30364"}],"wp:term":[{"taxonomy":"category","embeddable":true,"href":"https:\/\/imais.online\/portal\/wp-json\/wp\/v2\/categories?post=30364"},{"taxonomy":"post_tag","embeddable":true,"href":"https:\/\/imais.online\/portal\/wp-json\/wp\/v2\/tags?post=30364"}],"curies":[{"name":"wp","href":"https:\/\/api.w.org\/{rel}","templated":true}]}}