{"id":30367,"date":"2026-01-18T15:22:15","date_gmt":"2026-01-18T18:22:15","guid":{"rendered":"https:\/\/imais.online\/portal\/?p=30367"},"modified":"2026-01-18T15:22:16","modified_gmt":"2026-01-18T18:22:16","slug":"paises-europeus-anunciam-reforco-da-seguranca-no-artico-em-apoio-a-groenlandia","status":"publish","type":"post","link":"https:\/\/imais.online\/portal\/paises-europeus-anunciam-reforco-da-seguranca-no-artico-em-apoio-a-groenlandia\/","title":{"rendered":"Pa\u00edses europeus anunciam refor\u00e7o da seguran\u00e7a no \u00c1rtico em apoio \u00e0 Groenl\u00e2ndia"},"content":{"rendered":"<div class=\"imais-before-content-placement\" id=\"imais-3851247722\"><script async src=\"\/\/pagead2.googlesyndication.com\/pagead\/js\/adsbygoogle.js?client=ca-pub-8787528412751566\" crossorigin=\"anonymous\"><\/script><ins class=\"adsbygoogle\" style=\"display:block;\" data-ad-client=\"ca-pub-8787528412751566\" \ndata-ad-slot=\"\" \ndata-ad-format=\"auto\"><\/ins>\n<script> \n(adsbygoogle = window.adsbygoogle || []).push({}); \n<\/script>\n<\/div>\n<h2 class=\"wp-block-heading\">Declara\u00e7\u00e3o conjunta emitida por oito na\u00e7\u00f5es hoje, ap\u00f3s amea\u00e7a de tarifas dos EUA, fala em interesse transatl\u00e2ntico compartilhado<\/h2>\n\n\n\n<p><\/p>\n\n\n\n<p>Oito&nbsp;<a href=\"https:\/\/noticias.r7.com\/internacional\/uniao-europeia-convoca-reuniao-de-emergencia-para-discutir-ameaca-de-tarifaco-dos-eua-18012026\/\" target=\"_blank\" rel=\"noreferrer noopener\"><strong>pa\u00edses europeus<\/strong><\/a>&nbsp;anunciaram neste domingo (18) refor\u00e7o da seguran\u00e7a no \u00c1rtico, no Polo Norte, em apoio \u00e0&nbsp;<a href=\"https:\/\/www.r7.com\/tudo-sobre\/groenlandia\/\"><strong>Groenl\u00e2ndia<\/strong><\/a>, ap\u00f3s as recentes amea\u00e7as dos&nbsp;<a href=\"https:\/\/noticias.r7.com\/internacional\/trump-anuncia-tarifas-a-europa-e-condiciona-suspensao-das-medidas-a-compra-da-groenlandia-17012026\/\" target=\"_blank\" rel=\"noreferrer noopener\">Estados Unidos<\/a>&nbsp;em anexar a regi\u00e3o ao territ\u00f3rio norte-americano em troca de uma compensa\u00e7\u00e3o financeira.<\/p>\n\n\n\n<p>Em&nbsp;<a href=\"https:\/\/noticias.r7.com\/internacional\/paises-europeus-anunciam-reforco-da-seguranca-no-artico-em-apoio-a-groenlandia-18012026\/\" target=\"_blank\" rel=\"noreferrer noopener\"><strong>declara\u00e7\u00e3o conjunta<\/strong><\/a>, a Dinamarca, Finl\u00e2ndia, Fran\u00e7a, Alemanha, Pa\u00edses Baixos, Noruega, Su\u00e9cia e Reino Unido, declararam que, como membros da&nbsp;<a href=\"https:\/\/www.r7.com\/tudo-sobre\/otan\/\"><strong>Otan (Organiza\u00e7\u00e3o do Tratado do Atl\u00e2ntico Norte)<\/strong><\/a>, est\u00e3o comprometidos a fortalecer a seguran\u00e7a no \u00c1rtico como um interesse transatl\u00e2ntico compartilhado.<\/p>\n\n\n\n<p>\u201cO exerc\u00edcio dinamarqu\u00eas pr\u00e9-coordenado \u2018Resist\u00eancia \u00c1rtica\u2019, conduzido com aliados, responde a essa necessidade. Ele n\u00e3o representa amea\u00e7a a ningu\u00e9m. Manifestamos total solidariedade ao Reino da Dinamarca e ao povo da Groenl\u00e2ndia\u201d, diz o texto.<\/p>\n\n\n\n<p>A nota acrescenta: \u201cDando continuidade ao processo iniciado na semana passada, estamos prontos para nos engajar em um di\u00e1logo baseado nos princ\u00edpios da soberania e da integridade territorial, que defendemos firmemente\u201d.<\/p>\n\n\n\n<p>Os pa\u00edses afirmam, ainda, que as\u00a0<a href=\"https:\/\/noticias.r7.com\/internacional\/trump-ameaca-impor-tarifas-a-paises-que-nao-apoiem-posicao-dos-eua-sobre-a-groenlandia-16012026\/\" target=\"_blank\" rel=\"noreferrer noopener\"><strong>amea\u00e7as tarif\u00e1rias<\/strong><\/a>\u00a0de Donald Trump prejudicam as rela\u00e7\u00f5es transatl\u00e2nticas e trazem risco de \u201cuma perigosa espiral descendente\u201d. \u201cContinuaremos unidos e coordenados em nossa resposta. Estamos comprometidos em preservar nossa soberania\u201d, declaram.<\/p>\n\n\n\n<h3 class=\"wp-block-heading\">Crise pela Groenl\u00e2ndia<\/h3>\n\n\n\n<p>A resposta dos pa\u00edses europeus ocorre em meio \u00e0s declara\u00e7\u00f5es do presidente dos Estados Unidos de anexar a Groenl\u00e2ndia ao territ\u00f3rio americano.<\/p>\n\n\n\n<p>Neste domingo, os 27 pa\u00edses da&nbsp;<a href=\"https:\/\/www.r7.com\/tudo-sobre\/ue\/\"><strong>Uni\u00e3o Europeia<\/strong><\/a>&nbsp;enviaram representantes a Bruxelas, na B\u00e9lgica, para uma reuni\u00e3o de emerg\u00eancia para discutir uma resposta a Trump.<\/p>\n\n\n\n<p>O presidente dos EUA amea\u00e7a&nbsp;<a href=\"https:\/\/noticias.r7.com\/internacional\/trump-anuncia-tarifas-a-europa-e-condiciona-suspensao-a-compra-da-groenlandia-17012026-2\/\"><strong>taxar em 10% os membros do bloco<\/strong><\/a>&nbsp;que se opuserem \u00e0 anexa\u00e7\u00e3o da Groenl\u00e2ndia. As taxas podem subir a 25% at\u00e9 1\u00ba de junho.<\/p>\n\n\n\n<p>Os pa\u00edses que rejeitarem a proposta est\u00e3o sujeitos \u00e0s&nbsp;<a href=\"https:\/\/www.r7.com\/tudo-sobre\/tarifas\/\">tarifas<\/a>, que entram em vigor em 1\u00ba de fevereiro, segundo post do mandat\u00e1rio americano numa rede social.<\/p>\n\n\n\n<p>Ontem, os l\u00edderes europeus criticaram Trump pela escalada no discurso sobre o futuro da Groenl\u00e2ndia, um territ\u00f3rio aut\u00f4nomo no \u00c1rtico que pertence \u00e0 Dinamarca.<\/p>\n\n\n\n<p>O tarifa\u00e7o ter\u00e1 como alvo a pr\u00f3pria Dinamarca, al\u00e9m da Noruega, Su\u00e9cia, Fran\u00e7a, Alemanha, Pa\u00edses Baixos, Finl\u00e2ndia e Reino Unido \u2013 todos j\u00e1 taxados por Trump anteriormente.<\/p>\n\n\n\n<p>Os pa\u00edses citados por Trump no s\u00e1bado advertiram que um ataque a um pa\u00eds-membro da&nbsp;<a href=\"https:\/\/www.r7.com\/tudo-sobre\/otan\/\"><u><strong>Otan<\/strong><\/u><\/a>&nbsp;poderia provocar o colapso da alian\u00e7a militar. Dinamarca e EUA fazem parte da organiza\u00e7\u00e3o.<\/p>\n\n\n\n<p>As tarifas minam a prosperidade dos dois lados do Oceano Atl\u00e2ntico e a entrega nas m\u00e3os da China e da R\u00fassia, avisou o chefe de pol\u00edtica externa da Uni\u00e3o Europeia, Kaja Kallas, em uma rede social.<\/p>\n\n\n\n<p>Fonte R7 <\/p>\n","protected":false},"excerpt":{"rendered":"<p>Declara\u00e7\u00e3o conjunta emitida por oito na\u00e7\u00f5es hoje, ap\u00f3s amea\u00e7a de tarifas dos EUA, fala em interesse transatl\u00e2ntico compartilhado Oito&nbsp;pa\u00edses europeus&nbsp;anunciaram neste domingo (18) refor\u00e7o da seguran\u00e7a no \u00c1rtico, no Polo Norte, em apoio \u00e0&nbsp;Groenl\u00e2ndia, ap\u00f3s as recentes amea\u00e7as dos&nbsp;Estados Unidos&nbsp;em anexar a regi\u00e3o ao territ\u00f3rio norte-americano em troca de uma compensa\u00e7\u00e3o financeira. Em&nbsp;declara\u00e7\u00e3o conjunta, a [&hellip;]<\/p>\n","protected":false},"author":8,"featured_media":30368,"comment_status":"closed","ping_status":"open","sticky":false,"template":"","format":"standard","meta":{"rop_custom_images_group":[],"rop_custom_messages_group":[],"rop_publish_now":"initial","rop_publish_now_accounts":[],"rop_publish_now_history":[],"rop_publish_now_status":"pending","footnotes":""},"categories":[212],"tags":[73],"class_list":["post-30367","post","type-post","status-publish","format-standard","has-post-thumbnail","hentry","category-internacional","tag-featured"],"amp_enabled":true,"_links":{"self":[{"href":"https:\/\/imais.online\/portal\/wp-json\/wp\/v2\/posts\/30367","targetHints":{"allow":["GET"]}}],"collection":[{"href":"https:\/\/imais.online\/portal\/wp-json\/wp\/v2\/posts"}],"about":[{"href":"https:\/\/imais.online\/portal\/wp-json\/wp\/v2\/types\/post"}],"author":[{"embeddable":true,"href":"https:\/\/imais.online\/portal\/wp-json\/wp\/v2\/users\/8"}],"replies":[{"embeddable":true,"href":"https:\/\/imais.online\/portal\/wp-json\/wp\/v2\/comments?post=30367"}],"version-history":[{"count":1,"href":"https:\/\/imais.online\/portal\/wp-json\/wp\/v2\/posts\/30367\/revisions"}],"predecessor-version":[{"id":30369,"href":"https:\/\/imais.online\/portal\/wp-json\/wp\/v2\/posts\/30367\/revisions\/30369"}],"wp:featuredmedia":[{"embeddable":true,"href":"https:\/\/imais.online\/portal\/wp-json\/wp\/v2\/media\/30368"}],"wp:attachment":[{"href":"https:\/\/imais.online\/portal\/wp-json\/wp\/v2\/media?parent=30367"}],"wp:term":[{"taxonomy":"category","embeddable":true,"href":"https:\/\/imais.online\/portal\/wp-json\/wp\/v2\/categories?post=30367"},{"taxonomy":"post_tag","embeddable":true,"href":"https:\/\/imais.online\/portal\/wp-json\/wp\/v2\/tags?post=30367"}],"curies":[{"name":"wp","href":"https:\/\/api.w.org\/{rel}","templated":true}]}}