{"id":30384,"date":"2026-01-18T16:08:32","date_gmt":"2026-01-18T19:08:32","guid":{"rendered":"https:\/\/imais.online\/portal\/?p=30384"},"modified":"2026-01-18T16:08:33","modified_gmt":"2026-01-18T19:08:33","slug":"medico-que-matou-outros-dois-medicos-em-sp-teria-cometido-crime-apos-briga-por-contratos-na-area-da-saude-diz-policia","status":"publish","type":"post","link":"https:\/\/imais.online\/portal\/medico-que-matou-outros-dois-medicos-em-sp-teria-cometido-crime-apos-briga-por-contratos-na-area-da-saude-diz-policia\/","title":{"rendered":"M\u00e9dico que matou outros dois m\u00e9dicos em SP teria cometido crime ap\u00f3s briga por contratos na \u00e1rea da sa\u00fade, diz pol\u00edcia"},"content":{"rendered":"<div class=\"imais-before-content-placement\" id=\"imais-2783079724\"><script async src=\"\/\/pagead2.googlesyndication.com\/pagead\/js\/adsbygoogle.js?client=ca-pub-8787528412751566\" crossorigin=\"anonymous\"><\/script><ins class=\"adsbygoogle\" style=\"display:block;\" data-ad-client=\"ca-pub-8787528412751566\" \ndata-ad-slot=\"\" \ndata-ad-format=\"auto\"><\/ins>\n<script> \n(adsbygoogle = window.adsbygoogle || []).push({}); \n<\/script>\n<\/div>\n<h2 class=\"wp-block-heading\">Atirador foi preso em flagrante na sexta-feira (16) logo ap\u00f3s os disparos em frente a um restaurante. Arma, dinheiro e documentos foram apreendidos.<\/h2>\n\n\n\n<p><\/p>\n\n\n\n<p>A Pol\u00edcia Civil investiga se o\u00a0assassinato dos m\u00e9dicos Lu\u00eds Roberto Pellegrini Gomes, de 43 anos, e Vinicius dos Santos Oliveira, de 35 anos,\u00a0em Alphaville,\u00a0Barueri, na Grande S\u00e3o Paulo, foi motivado por disputas de contratos na \u00e1rea da sa\u00fade com o autor dos disparos, o tamb\u00e9m m\u00e9dico Carlos Alberto Azevedo Filho, de 44 anos.\u00a0C\u00e2meras registraram o crime.<\/p>\n\n\n\n<p>Carlos Alberto\u00a0foi preso em flagrante e teve a pris\u00e3o convertida em preventiva ap\u00f3s passar por audi\u00eancia de cust\u00f3dia.\u00a0Ele j\u00e1 tinha sido preso em 2025\u00a0pelos crimes de racismo e agress\u00e3o\u00a0em Aracaju, Sergipe. A defesa dele n\u00e3o foi localizada pela reportagem.<\/p>\n\n\n\n<p>Em entrevista \u00e0&nbsp;<strong>TV Globo<\/strong>, o delegado Andreas Schiffmann afirmou que Carlos e Lu\u00eds Roberto eram donos de empresas do setor de gest\u00e3o hospitalar e j\u00e1 vinham se desentendendo havia algum tempo por causa de contratos de licita\u00e7\u00e3o. Vinicius era funcion\u00e1rio de Lu\u00eds.<\/p>\n\n\n\n<p>Segundo Schiffmann, parentes contaram que a rela\u00e7\u00e3o entre eles era marcada por atritos. &#8220;Os familiares relataram que j\u00e1 havia essa rixa e amea\u00e7as de ambas as partes. E eles se encontraram naquele restaurante e os \u00e2nimos se excederam&#8221;, disse.<\/p>\n\n\n\n<p>A pol\u00edcia diz que Carlos Alberto tem registro de Colecionador, Atirador e Ca\u00e7ador (CAC), mas n\u00e3o tinha licen\u00e7a para andar armado. Pela legisla\u00e7\u00e3o federal, quem \u00e9\u00a0CAC n\u00e3o pode portar a arma para defesa pessoal\u00a0&#8211; \u00e9 necess\u00e1rio ter uma autoriza\u00e7\u00e3o separada e espec\u00edfica. A arma usada no crime era uma pistola.<\/p>\n\n\n\n<figure class=\"wp-block-image\"><img decoding=\"async\" src=\"https:\/\/s2-g1.glbimg.com\/U_59LUoSMUVbyaYV1180gUfPnzY=\/0x0:1600x890\/984x0\/smart\/filters:strip_icc()\/i.s3.glbimg.com\/v1\/AUTH_59edd422c0c84a879bd37670ae4f538a\/internal_photos\/bs\/2026\/9\/s\/H1RfO2QzWQzJm5TZslUg\/whatsapp-image-2026-01-17-at-22.52.01.jpeg\" alt=\"M\u00e9dico Carlos Alberto Azevedo Filho \u00e9 preso por matar a tiros outros dois m\u00e9dicos \u2014 Foto: Reprodu\u00e7\u00e3o\/TV Globo\"\/><\/figure>\n\n\n\n<p>M\u00e9dico Carlos Alberto Azevedo Filho \u00e9 preso por matar a tiros outros dois m\u00e9dicos \u2014 Foto: Reprodu\u00e7\u00e3o\/TV Globo<\/p>\n\n\n\n<h2 class=\"wp-block-heading\">Como foi o crime<\/h2>\n\n\n\n<p>De acordo com a pol\u00edcia, o atirador estava com alguns amigos em outra \u00e1rea aberta do restaurante, se levantou e foi at\u00e9 as mesas onde os outros dois estavam.<\/p>\n\n\n\n<p>Segundo Schiffmann, a Guarda Municipal foi acionada porque haveria uma pessoa armada no local. No entanto, ao chegarem, os agentes fizeram uma revista e n\u00e3o encontraram nada.<\/p>\n\n\n\n<p>&#8220;Conseguiram apaziguar um pouquinho os \u00e2nimos, pediram para que eles se retirassem e, quando se retiraram, o atirador conseguiu acesso a essa bolsa com essa arma e saiu j\u00e1 do restaurante atirando nas v\u00edtimas&#8221;, disse.<\/p>\n\n\n\n<blockquote class=\"wp-block-quote is-layout-flow wp-block-quote-is-layout-flow\">\n<p>Para o delegado, chama a aten\u00e7\u00e3o a rapidez da a\u00e7\u00e3o. \u201cA gente v\u00ea que a a\u00e7\u00e3o toda at\u00e9 a rendi\u00e7\u00e3o e a pris\u00e3o efetivamente foi em 15, 20 segundos. O momento dos tiros foi muito r\u00e1pido. Ele praticamente descarregou a arma&#8221;.<\/p>\n<\/blockquote>\n\n\n\n<p>Luis Roberto foi atingido por 8 tiros. Ele trabalhava como cardiologista em um hospital municipal de Barueri. Vinicius foi atingido por dois tiros e trabalhava em unidades de sa\u00fade de Cotia. Eles chegaram a ser socorridos, mas morreram no pronto-socorro.<\/p>\n\n\n\n<p>A bolsa com a arma teria sido entregue ao atirador por uma mulher, que n\u00e3o teve o nome divulgado, mas isso ainda precisa ser esclarecido, de acordo com Schiffmann.<\/p>\n\n\n\n<p>&#8220;Essa \u00e9 uma parte da investiga\u00e7\u00e3o que precisa de um pouco mais de apura\u00e7\u00e3o. Ainda n\u00e3o est\u00e1 bem claro se ela levou essa a bolsa, na verdade \u00e9 uma mala masculina com o nome da empresa. Ent\u00e3o, ainda n\u00e3o est\u00e1 claro se ela buscou essa bolsa em algum lugar para entregar para ele. Isso, provavelmente, as testemunhas v\u00e3o conseguir esclarecer pra gente&#8221;, disse,<\/p>\n\n\n\n<p>O delegado informou que o atirador foi encaminhado para cadeia p\u00fablica de Carapicu\u00edba. Novos depoimentos ser\u00e3o colhidos. A arma de fogo, c\u00e1psulas deflagradas, uma bolsa, diversos documentos e R$ 16 mil foram apreendidos e passar\u00e3o por per\u00edcia.<\/p>\n\n\n\n<p>\u201cA vis\u00e3o da pol\u00edcia \u00e9 que ele \u00e9 perigoso, uma pessoa que n\u00e3o mede consequ\u00eancias. Ele j\u00e1 tem antecedente de agress\u00e3o e de racismo em outro estado. A gente entende que, nesse momento, ele precisa ficar realmente encarcerado&#8221;, afirmou Schiffmann.<\/p>\n\n\n\n<figure class=\"wp-block-image\"><img decoding=\"async\" src=\"https:\/\/s2-g1.glbimg.com\/nE2DYi5sDbGvokvlUGsFNc3H9VQ=\/0x0:824x418\/984x0\/smart\/filters:strip_icc()\/i.s3.glbimg.com\/v1\/AUTH_59edd422c0c84a879bd37670ae4f538a\/internal_photos\/bs\/2026\/Y\/2\/81ko1XQteJxTnNOxH2IA\/captura-de-tela-2026-01-17-124541.jpg\" alt=\"C\u00e2mera de seguran\u00e7a registrou briga entre m\u00e9dicos momentos antes do homic\u00eddio em Barueri \u2014 Foto: Reprodu\u00e7\u00e3o\/TV Globo\"\/><\/figure>\n\n\n\n<p>C\u00e2mera de seguran\u00e7a registrou briga entre m\u00e9dicos momentos antes do homic\u00eddio em Barueri \u2014 Foto: Reprodu\u00e7\u00e3o\/TV Globo<\/p>\n\n\n\n<h2 class=\"wp-block-heading\">V\u00eddeo<\/h2>\n\n\n\n<p>C\u00e2meras de seguran\u00e7a\u00a0registraram o momento em que m\u00e9dico Carlos Alberto discutiu com outros dois m\u00e9dicos e os matou a tiros.<\/p>\n\n\n\n<p>Nas imagens, obtidas pela&nbsp;<strong>TV Globo<\/strong>, \u00e9 poss\u00edvel ver as v\u00edtimas sentadas em uma mesa do restaurante, quando Carlos se aproxima e as cumprimenta. Ele, ent\u00e3o, passa a conversar com Lu\u00eds Roberto, que fica em p\u00e9 por um momento.<\/p>\n\n\n\n<p>Contudo, momentos ap\u00f3s se sentar, Carlos o agride. Em seguida, Vinicius se levanta e troca socos com Carlos. Funcion\u00e1rios do restaurante, ent\u00e3o, tentaram separar os tr\u00eas.<\/p>\n\n\n\n<p>Em outro v\u00eddeo, \u00e9 poss\u00edvel ver Lu\u00eds e Vinicius j\u00e1 na frente do restaurante ap\u00f3s a briga. Quando os dois come\u00e7am a andar para ir embora, Carlos aparece armado e efetua dezenas de tiros contra os dois. Agentes da Guarda Civil, que estavam no local, correm, rendem o m\u00e9dico e o algemam.<\/p>\n\n\n\n<h2 class=\"wp-block-heading\">Depoimento de testemunhas<\/h2>\n\n\n\n<figure class=\"wp-block-image\"><img decoding=\"async\" src=\"https:\/\/s2-g1.glbimg.com\/as7ubNvEFgitA7JU4oW9brJXWhA=\/0x0:1746x891\/984x0\/smart\/filters:strip_icc()\/i.s3.glbimg.com\/v1\/AUTH_59edd422c0c84a879bd37670ae4f538a\/internal_photos\/bs\/2026\/w\/a\/m61vcoSbuQAtyb7YiFjQ\/videoframe-6254270.png\" alt=\"M\u00e9dico \u00e9 preso por matar outros dois m\u00e9dicos a tiros em Barueri \u2014 Foto: Reprodu\u00e7\u00e3o\/TV Globo\"\/><\/figure>\n\n\n\n<p>M\u00e9dico \u00e9 preso por matar outros dois m\u00e9dicos a tiros em Barueri \u2014 Foto: Reprodu\u00e7\u00e3o\/TV Globo<\/p>\n\n\n\n<p>No boletim de ocorr\u00eancia, consta que os guardas civis que foram acionados para a ocorr\u00eancia informaram que chegaram a fazer buscas na cintura do m\u00e9dico Carlos, mas n\u00e3o encontraram arma com ele.<\/p>\n\n\n\n<p>Contudo, eles alegaram que foi constatado depois que uma mulher foi quem deu a bolsa com a arma para Carlos, que atirou contra as v\u00edtimas.<\/p>\n\n\n\n<p>Em depoimento, um funcion\u00e1rio que trabalha como manobrista no restaurante afirmou tamb\u00e9m que ouviu uma discuss\u00e3o extremamente acalorada na \u00e1rea de fumantes, acompanhada de barulho de vidro quebrando.<\/p>\n\n\n\n<p>Ele n\u00e3o conseguiu ver quem participava da discuss\u00e3o nem discernir o conte\u00fado das falas, mas viu uma pessoa com uma arma de fogo na m\u00e3o, caminhando em passos acelerados e visivelmente transtornada.<\/p>\n\n\n\n<p>Pouco tempo depois, ele ouviu aproximadamente 10 disparos de arma de fogo. Com medo, correu para se abrigar em um local seguro.<\/p>\n\n\n\n<p>Outra testemunha, tamb\u00e9m manobrista, declarou que estava trabalhando quando foi avisado de que havia uma briga no estabelecimento.<\/p>\n\n\n\n<p>Ao caminhar at\u00e9 o restaurante, viu um homem conversando com guardas civis na \u00e1rea de fumantes. Cerca de tr\u00eas minutos depois, observou os dois m\u00e9dicos deixando o local em dire\u00e7\u00e3o \u00e0 rua. Nesse momento, percebeu que o atirador viu os dois e passou a segui-los, retirando uma arma de fogo de dentro de uma bolsa e caminhando na dire\u00e7\u00e3o deles.<\/p>\n\n\n\n<h2 class=\"wp-block-heading\">Nota de pesar<\/h2>\n\n\n\n<figure class=\"wp-block-image\"><img decoding=\"async\" src=\"https:\/\/s2-g1.glbimg.com\/qns-s4VGqkVG2-iGSHXhWlwN7WA=\/0x0:1320x1222\/984x0\/smart\/filters:strip_icc()\/i.s3.glbimg.com\/v1\/AUTH_59edd422c0c84a879bd37670ae4f538a\/internal_photos\/bs\/2026\/D\/J\/Rub4BsT7G8tQ8pczXO8Q\/vinicius.jpeg\" alt=\"M\u00e9dico Vinicius dos Santos Oliveira, de 35 anos, morreu baleado em Barueri \u2014 Foto: Divulga\u00e7\u00e3o\/Prefeitura de Cotia\"\/><\/figure>\n\n\n\n<p>M\u00e9dico Vinicius dos Santos Oliveira, de 35 anos, morreu baleado em Barueri \u2014 Foto: Divulga\u00e7\u00e3o\/Prefeitura de Cotia<\/p>\n\n\n\n<p>A Prefeitura de Cotia, por meio da Secretaria Municipal de Sa\u00fade, lamentou a morte do m\u00e9dico Vinicius dos Santos Oliveira, de 35 anos.<\/p>\n\n\n\n<p>Conforme a prefeitura, o profissional atuava no munic\u00edpio desde 2019, com passagem pelas Unidades B\u00e1sicas de Sa\u00fade do Atalaia, Caucaia do Alto e Port\u00e3o, al\u00e9m do Pronto Atendimento de Caucaia do Alto.<\/p>\n\n\n\n<blockquote class=\"wp-block-quote is-layout-flow wp-block-quote-is-layout-flow\">\n<p>&#8220;M\u00e9dico dedicado, tamb\u00e9m atuou no hospital de campanha durante a Covid-19. Vin\u00edcius era reconhecido pelo comprometimento com o servi\u00e7o p\u00fablico, pelo carinho com os pacientes e pela boa rela\u00e7\u00e3o com as equipes de trabalho. Ele deixa esposa e um filho de 1 ano e meio&#8221;, diz a nota.<\/p>\n<\/blockquote>\n\n\n\n<figure class=\"wp-block-image\"><img decoding=\"async\" src=\"https:\/\/s2-g1.glbimg.com\/Fd68Lb9IqVevkHXMxJXRjR9kPO0=\/0x0:746x417\/984x0\/smart\/filters:strip_icc()\/i.s3.glbimg.com\/v1\/AUTH_59edd422c0c84a879bd37670ae4f538a\/internal_photos\/bs\/2026\/a\/9\/g3ppHGQiak8P6a9Seu5g\/captura-de-tela-2026-01-17-125046.jpg\" alt=\"M\u00e9dico \u00e9 preso por matar outros dois m\u00e9dicos a tiros em Barueri \u2014 Foto: Reprodu\u00e7\u00e3o\/TV Globo\"\/><\/figure>\n\n\n\n<p>M\u00e9dico \u00e9 preso por matar outros dois m\u00e9dicos a tiros em Barueri \u2014 Foto: Reprodu\u00e7\u00e3o\/TV Globo<\/p>\n\n\n\n<p>Fonte G1 <\/p>\n","protected":false},"excerpt":{"rendered":"<p>Atirador foi preso em flagrante na sexta-feira (16) logo ap\u00f3s os disparos em frente a um restaurante. Arma, dinheiro e documentos foram apreendidos. A Pol\u00edcia Civil investiga se o\u00a0assassinato dos m\u00e9dicos Lu\u00eds Roberto Pellegrini Gomes, de 43 anos, e Vinicius dos Santos Oliveira, de 35 anos,\u00a0em Alphaville,\u00a0Barueri, na Grande S\u00e3o Paulo, foi motivado por disputas [&hellip;]<\/p>\n","protected":false},"author":8,"featured_media":30385,"comment_status":"closed","ping_status":"open","sticky":false,"template":"","format":"standard","meta":{"rop_custom_images_group":[],"rop_custom_messages_group":[],"rop_publish_now":"initial","rop_publish_now_accounts":[],"rop_publish_now_history":[],"rop_publish_now_status":"pending","footnotes":""},"categories":[230],"tags":[],"class_list":["post-30384","post","type-post","status-publish","format-standard","has-post-thumbnail","hentry","category-interior"],"amp_enabled":true,"_links":{"self":[{"href":"https:\/\/imais.online\/portal\/wp-json\/wp\/v2\/posts\/30384","targetHints":{"allow":["GET"]}}],"collection":[{"href":"https:\/\/imais.online\/portal\/wp-json\/wp\/v2\/posts"}],"about":[{"href":"https:\/\/imais.online\/portal\/wp-json\/wp\/v2\/types\/post"}],"author":[{"embeddable":true,"href":"https:\/\/imais.online\/portal\/wp-json\/wp\/v2\/users\/8"}],"replies":[{"embeddable":true,"href":"https:\/\/imais.online\/portal\/wp-json\/wp\/v2\/comments?post=30384"}],"version-history":[{"count":1,"href":"https:\/\/imais.online\/portal\/wp-json\/wp\/v2\/posts\/30384\/revisions"}],"predecessor-version":[{"id":30386,"href":"https:\/\/imais.online\/portal\/wp-json\/wp\/v2\/posts\/30384\/revisions\/30386"}],"wp:featuredmedia":[{"embeddable":true,"href":"https:\/\/imais.online\/portal\/wp-json\/wp\/v2\/media\/30385"}],"wp:attachment":[{"href":"https:\/\/imais.online\/portal\/wp-json\/wp\/v2\/media?parent=30384"}],"wp:term":[{"taxonomy":"category","embeddable":true,"href":"https:\/\/imais.online\/portal\/wp-json\/wp\/v2\/categories?post=30384"},{"taxonomy":"post_tag","embeddable":true,"href":"https:\/\/imais.online\/portal\/wp-json\/wp\/v2\/tags?post=30384"}],"curies":[{"name":"wp","href":"https:\/\/api.w.org\/{rel}","templated":true}]}}