{"id":30387,"date":"2026-01-18T16:18:11","date_gmt":"2026-01-18T19:18:11","guid":{"rendered":"https:\/\/imais.online\/portal\/?p=30387"},"modified":"2026-01-18T16:18:12","modified_gmt":"2026-01-18T19:18:12","slug":"consumacao-minima-aluguel-de-guarda-sol-reserva-de-espaco-o-que-pode-e-o-que-nao-pode-nas-praias-brasileiras","status":"publish","type":"post","link":"https:\/\/imais.online\/portal\/consumacao-minima-aluguel-de-guarda-sol-reserva-de-espaco-o-que-pode-e-o-que-nao-pode-nas-praias-brasileiras\/","title":{"rendered":"Consuma\u00e7\u00e3o m\u00ednima, aluguel de guarda-sol, reserva de espa\u00e7o: o que pode e o que n\u00e3o pode nas praias brasileiras"},"content":{"rendered":"<div class=\"imais-before-content-placement\" id=\"imais-3356168753\"><script async src=\"\/\/pagead2.googlesyndication.com\/pagead\/js\/adsbygoogle.js?client=ca-pub-8787528412751566\" crossorigin=\"anonymous\"><\/script><ins class=\"adsbygoogle\" style=\"display:block;\" data-ad-client=\"ca-pub-8787528412751566\" \ndata-ad-slot=\"\" \ndata-ad-format=\"auto\"><\/ins>\n<script> \n(adsbygoogle = window.adsbygoogle || []).push({}); \n<\/script>\n<\/div>\n<h2 class=\"wp-block-heading\">Levantamento do g1 mostra como cidades regulam o uso de guarda-s\u00f3is, a reserva da faixa de areia e a consuma\u00e7\u00e3o m\u00ednima em praias de 14 estados do pa\u00eds.<\/h2>\n\n\n\n<p><\/p>\n\n\n\n<p>Relatos sobre pr\u00e1ticas abusivas nas praias brasileiras, de cobran\u00e7as indevidas a pre\u00e7os alt\u00edssimos, repercutiram nas \u00faltimas semanas.<\/p>\n\n\n\n<p>Um levantamento do&nbsp;<strong>g1<\/strong>&nbsp;mostra que as regras para uso de guarda-s\u00f3is e cadeiras, reserva de espa\u00e7o na areia e defini\u00e7\u00e3o de pre\u00e7os variam conforme o local. Foram analisadas as legisla\u00e7\u00f5es de 24 munic\u00edpios com praias.<\/p>\n\n\n\n<figure class=\"wp-block-image\"><img decoding=\"async\" src=\"https:\/\/s2-g1.glbimg.com\/TSvuypG3ySmQbmfEJ1p5LV0Z7P8=\/0x0:1920x1080\/984x0\/smart\/filters:strip_icc()\/i.s3.glbimg.com\/v1\/AUTH_59edd422c0c84a879bd37670ae4f538a\/internal_photos\/bs\/2022\/y\/4\/04NvY3SJyibyQ28DD0Qw\/ipanema.jpg\" alt=\"Praia de Ipanema lotada. \u2014 Foto: Marcos Serra Lima\/ g1\"\/><\/figure>\n\n\n\n<p>Praia de Ipanema lotada. \u2014 Foto: Marcos Serra Lima\/ g1<\/p>\n\n\n\n<p>Em cinco cidades analisadas,&nbsp;n\u00e3o h\u00e1 nenhuma lei municipal ou estadual espec\u00edfica para disciplinar o uso comercial da faixa de areia.<\/p>\n\n\n\n<p>Nos outros 19 casos, os munic\u00edpios editaram normas pr\u00f3prias nos \u00faltimos anos, com limites para a quantidade de equipamentos, proibi\u00e7\u00e3o de reserva de \u00e1rea e restri\u00e7\u00f5es a estruturas fixas.<\/p>\n\n\n\n<p>O C\u00f3digo de Defesa do Consumidor&nbsp;permite cobrar pelo aluguel de cadeiras e guarda-s\u00f3is,&nbsp;desde que o pre\u00e7o seja informado de forma clara e antecipada, e n\u00e3o seja abusivo.<\/p>\n\n\n\n<p><strong>No entanto, a exig\u00eancia de&nbsp;<\/strong><a class=\"\" href=\"https:\/\/g1.globo.com\/fantastico\/noticia\/2026\/01\/06\/cadeiras-fixas-na-praia-consumacao-minima-e-r-800-por-day-use-veja-abusos-contra-consumidores-flagrados-em-praias-brasileiras.ghtml\"><strong>consuma\u00e7\u00e3o m\u00ednima nas praias \u00e9 proibida<\/strong><\/a><strong>&nbsp;em todo o pa\u00eds<\/strong><strong>, por configurar pr\u00e1tica abusiva e poss\u00edvel venda casada.<\/strong><\/p>\n\n\n\n<p>Nos locais sem regulamenta\u00e7\u00e3o espec\u00edfica,&nbsp;valem as regras do C\u00f3digo de Defesa do Consumidor e normas federais sobre o uso da orla. J\u00e1 nas cidades que criaram leis ou decretos, as regras geralmente detalham como e quando cadeiras, mesas e guarda-s\u00f3is podem ser colocados na areia e em que situa\u00e7\u00f5es a cobran\u00e7a \u00e9 permitida.<\/p>\n\n\n\n<p>Ao&nbsp;<strong>g1<\/strong>, a Secretaria Nacional do Consumidor (Senacon), vinculada ao Minist\u00e9rio da Justi\u00e7a, informou que elaborou uma nota t\u00e9cnica que estabelece regras para coibir abusos no com\u00e9rcio e nos servi\u00e7os nas praias e recomenda a ado\u00e7\u00e3o de normas complementares locais.<\/p>\n\n\n\n<p>O documento pro\u00edbe a exig\u00eancia de consuma\u00e7\u00e3o m\u00ednima, reafirma que a faixa de areia \u00e9 espa\u00e7o p\u00fablico sem reserva ou restri\u00e7\u00e3o de acesso e permite o aluguel de equipamentos, desde que os pre\u00e7os sejam informados de forma clara, sem cobran\u00e7as constrangedoras ou multas por perda de comanda.<\/p>\n\n\n\n<p>O tema ganhou proje\u00e7\u00e3o nacional ap\u00f3s o caso registrado em Porto de Galinhas, em Pernambuco, onde&nbsp;<a class=\"\" href=\"https:\/\/g1.globo.com\/pe\/pernambuco\/noticia\/2025\/12\/29\/prefeitura-de-ipojuca-tenta-identificar-barraqueiros-que-agrediram-casal-de-turistas-de-mato-grosso-espancado-em-porto-de-galinhas.ghtml\">um casal de turistas foi agredido por barraqueiros ap\u00f3s se recusar a pagar um valor maior pelo uso de cadeiras de praia<\/a>.<\/p>\n\n\n\n<p>Segundo as v\u00edtimas, a cobran\u00e7a foi condicionada \u00e0 consuma\u00e7\u00e3o no local. O epis\u00f3dio levou prefeituras e \u00f3rg\u00e3os de defesa do consumidor a refor\u00e7ar orienta\u00e7\u00f5es e reacendeu o debate sobre a falta de regras claras.<\/p>\n\n\n\n<p>As praias fazem parte dos chamados&nbsp;<a class=\"\" href=\"https:\/\/g1.globo.com\/politica\/noticia\/2024\/06\/09\/pec-das-praias-veja-quantos-terrenos-de-marinha-existem-por-cidade-e-quem-administra.ghtml\">terrenos de marinha, que s\u00e3o bens da Uni\u00e3o<\/a>. Segundo o Minist\u00e9rio da Gest\u00e3o, essas \u00e1reas correspondem a uma faixa de 33 metros a partir da linha do preamar-m\u00e9dio, ponto mais alto alcan\u00e7ado pela mar\u00e9, em dire\u00e7\u00e3o ao continente.<\/p>\n\n\n\n<p>Embora&nbsp;a gest\u00e3o do terreno seja federal, estados e munic\u00edpios podem criar normas pr\u00f3prias para ordenar o uso da faixa de areia, desde que respeitado o car\u00e1ter p\u00fablico do espa\u00e7o.<\/p>\n\n\n\n<figure class=\"wp-block-image\"><img decoding=\"async\" src=\"https:\/\/s2-g1.glbimg.com\/Bhu23TFtYrrX3zJHYyaGUaBbXu8=\/0x0:1082x548\/984x0\/smart\/filters:strip_icc()\/i.s3.glbimg.com\/v1\/AUTH_59edd422c0c84a879bd37670ae4f538a\/internal_photos\/bs\/2024\/V\/6\/CwQ2VKQcaXaNol16wPBg\/arte.png\" alt=\"Veja a divis\u00e3o das \u00e1reas na beira da praia \u2014 Foto: Minist\u00e9rio da Gest\u00e3o e Inova\u00e7\u00e3o (MGI)\"\/><\/figure>\n\n\n\n<p>Veja a divis\u00e3o das \u00e1reas na beira da praia \u2014 Foto: Minist\u00e9rio da Gest\u00e3o e Inova\u00e7\u00e3o (MGI)<\/p>\n\n\n\n<p>Aracaju (SE)<br><br>A capital sergipana n\u00e3o tem legisla\u00e7\u00e3o espec\u00edfica sobre a oferta de cadeiras e guarda-s\u00f3is nas praias, como a de&nbsp;<strong>Atalaia<\/strong>. As regras aplic\u00e1veis constam no C\u00f3digo de Posturas do munic\u00edpio e no&nbsp;<a class=\"\" href=\"https:\/\/g1.globo.com\/tudo-sobre\/procon\/\">Procon<\/a>.<\/p>\n\n\n\n<p><strong>\u2705 Pode:<\/strong><\/p>\n\n\n\n<ul class=\"wp-block-list\">\n<li>Ocupa\u00e7\u00e3o de at\u00e9 metade do espa\u00e7o em frente ao estabelecimento, desde que seja mantida \u00e1rea livre para circula\u00e7\u00e3o de pedestres;<\/li>\n\n\n\n<li>dist\u00e2ncia m\u00ednima de 1,5 metro entre mesas e cadeiras;<\/li>\n\n\n\n<li>manuten\u00e7\u00e3o de faixa livre para circula\u00e7\u00e3o ao longo da orla.<\/li>\n<\/ul>\n\n\n\n<p><strong>\u274c N\u00e3o pode:<\/strong><\/p>\n\n\n\n<ul class=\"wp-block-list\">\n<li>Cobran\u00e7a de consuma\u00e7\u00e3o m\u00ednima;<\/li>\n\n\n\n<li>instala\u00e7\u00e3o de mesas, cadeiras ou outros equipamentos sem autoriza\u00e7\u00e3o da prefeitura;<\/li>\n\n\n\n<li>ocupa\u00e7\u00e3o de \u00e1reas que prejudiquem a circula\u00e7\u00e3o ou a acessibilidade.<\/li>\n<\/ul>\n\n\n\n<h2 class=\"wp-block-heading\">Macei\u00f3 (AL)<\/h2>\n\n\n\n<p>Macei\u00f3, capital de Alagoas, possui legisla\u00e7\u00e3o espec\u00edfica aplicada para praias, como as de&nbsp;<strong>Ipioca<\/strong>&nbsp;e&nbsp;<strong>Paju\u00e7ara<\/strong>.<\/p>\n\n\n\n<p><strong>\u2705 Pode<\/strong><\/p>\n\n\n\n<ul class=\"wp-block-list\">\n<li>Comerciantes podem operar com at\u00e9 20 kits de praia \u2014 compostos por guarda-sol, quatro cadeiras, uma mesa e uma lixeira \u2014 nos espa\u00e7os permitidos pela prefeitura;<\/li>\n\n\n\n<li>espa\u00e7o m\u00e1ximo liberado \u00e9 de 9,5 metros por 16,5 metros, com distanciamento m\u00ednimo de 2,5 metros entre um ambulante e outro;<\/li>\n\n\n\n<li>loca\u00e7\u00e3o de cadeiras e guarda-s\u00f3is. Segundo a Prefeitura, uma portaria em fase final de elabora\u00e7\u00e3o pretende fixar um valor limite de pre\u00e7os para a pr\u00e1tica.<\/li>\n<\/ul>\n\n\n\n<p><strong>\u274c N\u00e3o pode:<\/strong><\/p>\n\n\n\n<ul class=\"wp-block-list\">\n<li>Reserva de \u00e1reas e cobran\u00e7a de consuma\u00e7\u00e3o;<\/li>\n\n\n\n<li>proibir banhistas de instalar suas pr\u00f3prias mesas e cadeiras.<\/li>\n<\/ul>\n\n\n\n<h2 class=\"wp-block-heading\">S\u00e3o Miguel dos Milagres (AL)<\/h2>\n\n\n\n<p>Em&nbsp;<strong>S\u00e3o Miguel dos Milagres<\/strong>, em Alagoas, n\u00e3o existe regulamenta\u00e7\u00e3o municipal ou estadual sobre o uso comercial da faixa de areia das praias. O munic\u00edpio segue as diretrizes do C\u00f3digo de Defesa do Consumidor.<\/p>\n\n\n\n<p><strong>\u2705 Pode:<\/strong><\/p>\n\n\n\n<ul class=\"wp-block-list\">\n<li>Cobran\u00e7a de cadeiras e guarda-s\u00f3is, desde que seja informada previamente.<\/li>\n<\/ul>\n\n\n\n<p><strong>\u274c N\u00e3o pode:<\/strong><\/p>\n\n\n\n<ul class=\"wp-block-list\">\n<li>Impor consuma\u00e7\u00e3o m\u00ednima.<\/li>\n<\/ul>\n\n\n\n<p>O&nbsp;<strong>g1&nbsp;<\/strong>tentou contato com a prefeitura do munic\u00edpio, que n\u00e3o retornou os questionamentos at\u00e9 a publica\u00e7\u00e3o da reportagem.<\/p>\n\n\n\n<h2 class=\"wp-block-heading\">Itacar\u00e9 (BA)<\/h2>\n\n\n\n<figure class=\"wp-block-image\"><img decoding=\"async\" src=\"https:\/\/s2-g1.glbimg.com\/F9no_uBwUgQElntPG_6LEBSsW1E=\/0x0:4032x3024\/984x0\/smart\/filters:strip_icc()\/i.s3.glbimg.com\/v1\/AUTH_59edd422c0c84a879bd37670ae4f538a\/internal_photos\/bs\/2026\/c\/0\/TevZIvROesWEu3iE6s5w\/whatsapp-image-2026-01-07-at-08.27.55.jpeg\" alt=\"Praia de Jeribuca\u00e7u, em Itacar\u00e9, na Bahia \u2014 Foto: Malu Vieira\/ g1 BA\"\/><\/figure>\n\n\n\n<p>Praia de Jeribuca\u00e7u, em Itacar\u00e9, na Bahia \u2014 Foto: Malu Vieira\/ g1 BA<\/p>\n\n\n\n<p>Em Itacar\u00e9, cidade que abriga as praias de&nbsp;<strong>Resende<\/strong>,&nbsp;<strong>Itacarezinho<\/strong>,&nbsp;<strong>Ribeira<\/strong>&nbsp;e&nbsp;<strong>Jeribuca\u00e7u<\/strong>,&nbsp;<a class=\"\" href=\"https:\/\/g1.globo.com\/ba\/bahia\/noticia\/2026\/01\/07\/prefeitura-de-itacare-proibe-a-exigencia-de-consumacao-minima-em-barracas-de-praia-entenda.ghtml\">foi publicado um decreto municipal neste ano<\/a>, que definiu a seguinte regra:<\/p>\n\n\n\n<p><strong>\u274c N\u00e3o pode:<\/strong><\/p>\n\n\n\n<ul class=\"wp-block-list\">\n<li>Consuma\u00e7\u00e3o m\u00ednima para uso de mesas, cadeiras e guarda-s\u00f3is em barracas de praia, quiosques e estabelecimentos localizados na faixa de areia do munic\u00edpio.<\/li>\n<\/ul>\n\n\n\n<p>N\u00e3o h\u00e1 defini\u00e7\u00e3o sobre quantidade de guarda-s\u00f3is permitidos por estabelecimentos ou reserva de faixa de areia com os itens.<\/p>\n\n\n\n<h2 class=\"wp-block-heading\">Salvador (BA)<\/h2>\n\n\n\n<p>Na capital baiana,&nbsp;<a class=\"\" href=\"https:\/\/g1.globo.com\/ba\/bahia\/noticia\/2026\/01\/08\/prefeitura-sanciona-lei-que-proibe-instalacao-de-kits-de-praia-no-porto-da-barra-em-salvador.ghtml\"><strong>Salvador<\/strong>, a prefeitura sancionou, no \u00faltimo dia 8 de janeiro<\/a>, uma lei que determina:<\/p>\n\n\n\n<p><strong>\u2705 Pode:<\/strong><\/p>\n\n\n\n<ul class=\"wp-block-list\">\n<li>Instala\u00e7\u00e3o de, no m\u00e1ximo, 40 guarda-s\u00f3is com di\u00e2metro m\u00e1ximo de at\u00e9 2,10 metros.<\/li>\n<\/ul>\n\n\n\n<p><strong>\u274c N\u00e3o pode:<\/strong><\/p>\n\n\n\n<ul class=\"wp-block-list\">\n<li>Coloca\u00e7\u00e3o antecipada de kits de praia na faixa de areia.<\/li>\n<\/ul>\n\n\n\n<p>As regras valem para toda a orla de Salvador, como&nbsp;<strong>Porto da Barra<\/strong>,&nbsp;<strong>Itapu\u00e3<\/strong>&nbsp;e&nbsp;<strong>Ilha dos Frades<\/strong>. Em caso de descumprimento da regra, \u00e9 previsto advert\u00eancia, multa, apreens\u00e3o dos equipamentos e suspens\u00e3o da permiss\u00e3o ou concess\u00e3o.<\/p>\n\n\n\n<p>No caso da Praia de Porto de Barra, outra lei pro\u00edbe a instala\u00e7\u00e3o antecipada de kits de praia na faixa de areia, sendo permitida apenas com solicita\u00e7\u00e3o dos clientes.<\/p>\n\n\n\n<p>Em mar\u00e7o do ano passado, ap\u00f3s a cobran\u00e7a por um kit de praia na Praia do Porto da Barra,&nbsp;<a class=\"\" href=\"https:\/\/g1.globo.com\/ba\/bahia\/noticia\/2025\/03\/10\/barraqueiro-desabafa-apos-briga-terminar-com-tiros-e-correria-em-praia.ghtml\">um cliente se exaltou no momento do pagamento e efetuou disparos para o alto<\/a>. Segundo o barraqueiro envolvido, a cobran\u00e7a de R$ 70 por um sombreiro e um kit de cadeiras havia sido combinada previamente. A Pol\u00edcia Militar foi acionada e n\u00e3o houve registro de feridos.<\/p>\n\n\n\n<h2 class=\"wp-block-heading\">Fortaleza (CE)<\/h2>\n\n\n\n<p>No Cear\u00e1, Fortaleza passa por um processo de reordenamento das orlas sob recomenda\u00e7\u00e3o do Minist\u00e9rio P\u00fablico Federal (MPF). No per\u00edodo, todas as permiss\u00f5es de uso para comerciantes est\u00e3o suspensas e a Ag\u00eancia de Fiscaliza\u00e7\u00e3o de Fortaleza (Agefis) monitora e retira barracas instaladas irregularmente nas faixas de areia para viabilizar a reorganiza\u00e7\u00e3o do espa\u00e7o.<\/p>\n\n\n\n<p>Sem decretos ou leis municipais para definir as regras para orlas, como a da&nbsp;<strong>Praia do Futuro<\/strong>, a cidade adota orienta\u00e7\u00f5es do Procon:<\/p>\n\n\n\n<p><strong>\u2705 Pode:<\/strong><\/p>\n\n\n\n<ul class=\"wp-block-list\">\n<li>Cobran\u00e7a de aluguel de cadeiras e guarda-s\u00f3is, desde que a cobran\u00e7a seja informada previamente.<\/li>\n<\/ul>\n\n\n\n<p><strong>\u274c N\u00e3o pode:<\/strong><\/p>\n\n\n\n<ul class=\"wp-block-list\">\n<li>Impor consuma\u00e7\u00e3o m\u00ednima;<\/li>\n\n\n\n<li>Proibir a compra de alimentos e bebidas vendidos por ambulantes.<\/li>\n<\/ul>\n\n\n\n<p>No in\u00edcio do ano,&nbsp;<a class=\"\" href=\"https:\/\/g1.globo.com\/ce\/ceara\/videos-cetv-2-edicao\/video\/operacao-do-procon-nas-praias-de-fortaleza-14242162.ghtml\">o Procon do Cear\u00e1 realizou uma opera\u00e7\u00e3o nas praias de Fortaleza<\/a>&nbsp;ap\u00f3s queixas de pre\u00e7os abusivos.<\/p>\n\n\n\n<h2 class=\"wp-block-heading\">Jijoca de Jericoacoara (CE)<\/h2>\n\n\n\n<p>Em&nbsp;<strong>Jijoca de Jericoacoara<\/strong>, n\u00e3o h\u00e1 defini\u00e7\u00e3o municipal sobre o uso e limite de guarda-s\u00f3is, cadeiras e reservas, mas h\u00e1 uma lei estadual que define que:<\/p>\n\n\n\n<p><strong>\u274cN\u00e3o pode<\/strong><\/p>\n\n\n\n<ul class=\"wp-block-list\">\n<li>Cobrar taxas extras de clientes que consumam produtos comprados de ambulantes. A regra vale tanto para quem permanece no local quanto para quem entra levando itens adquiridos fora dele.<\/li>\n<\/ul>\n\n\n\n<p>O regulamento vale para orlas como a de&nbsp;<strong>Lagoa do Para\u00edso<\/strong>&nbsp;e a praia de&nbsp;<strong>Jericoacoara<\/strong>. N\u00e3o h\u00e1 defini\u00e7\u00e3o municipal sobre o uso e limite de guarda-s\u00f3is, cadeiras e reservas.<\/p>\n\n\n\n<p><strong>Leia mais:&nbsp;<\/strong><a class=\"\" href=\"https:\/\/g1.globo.com\/ce\/ceara\/noticia\/2025\/07\/28\/paraisos-dominados-como-faccoes-transformaram-destinos-turisticos-do-nordeste-em-um-grande-negocio.ghtml\"><strong>Para\u00edsos dominados: como fac\u00e7\u00f5es transformaram destinos tur\u00edsticos do Nordeste em um grande neg\u00f3cio<\/strong><\/a><\/p>\n\n\n\n<h2 class=\"wp-block-heading\">Natal (RN)<\/h2>\n\n\n\n<p>No Rio Grande do Norte, Natal estabeleceu:<\/p>\n\n\n\n<p><strong>\u2705 Pode:<\/strong><\/p>\n\n\n\n<ul class=\"wp-block-list\">\n<li>Quatro a 12 guarda-s\u00f3is por comerciante;<\/li>\n\n\n\n<li>cobrar taxa de utiliza\u00e7\u00e3o quando o cliente n\u00e3o consome, desde que o valor esteja claramente informado;<\/li>\n\n\n\n<li>uso da faixa de areia entre 7h e 17h;<\/li>\n<\/ul>\n\n\n\n<p><strong>\u274c N\u00e3o pode:<\/strong><\/p>\n\n\n\n<ul class=\"wp-block-list\">\n<li>Cobran\u00e7a de consuma\u00e7\u00e3o m\u00ednima.<\/li>\n<\/ul>\n\n\n\n<p>As regras valem para todas as orlas da cidade, como a&nbsp;<strong>Praia do Careca<\/strong>, dos&nbsp;<strong>Artistas<\/strong>,&nbsp;<strong>Ponta Negra<\/strong>,&nbsp;<strong>Genipabu<\/strong>,&nbsp;<strong>Camurupim<\/strong>.<\/p>\n\n\n\n<h2 class=\"wp-block-heading\">Tibau do Sul (RN)<\/h2>\n\n\n\n<p>J\u00e1 em Tibau do Sul, que abriga a&nbsp;<strong>Praia da Pipa<\/strong>, n\u00e3o h\u00e1 legisla\u00e7\u00e3o espec\u00edfica. O munic\u00edpio segue as diretrizes do C\u00f3digo de Defesa do Consumidor.<\/p>\n\n\n\n<p><strong>\u2705 Pode:<\/strong><\/p>\n\n\n\n<ul class=\"wp-block-list\">\n<li>Cobrar loca\u00e7\u00e3o de cadeiras e guarda-s\u00f3is, desde que a cobran\u00e7a seja informada previamente.<\/li>\n<\/ul>\n\n\n\n<p><strong>\u274c N\u00e3o pode:<\/strong><\/p>\n\n\n\n<ul class=\"wp-block-list\">\n<li>Impor consuma\u00e7\u00e3o m\u00ednima.<\/li>\n<\/ul>\n\n\n\n<h2 class=\"wp-block-heading\">Macap\u00e1 (AP)<\/h2>\n\n\n\n<p>No Amap\u00e1, a capital Macap\u00e1 n\u00e3o possui legisla\u00e7\u00e3o espec\u00edfica para disciplinar a explora\u00e7\u00e3o da&nbsp;<strong>Praia da Fazendinha<\/strong>&nbsp;e de outras orlas locais.<\/p>\n\n\n\n<p>O&nbsp;<strong>g1&nbsp;<\/strong>procurou a prefeitura do munic\u00edpio, mas n\u00e3o obteve resposta at\u00e9 a publica\u00e7\u00e3o da reportagem.<\/p>\n\n\n\n<h2 class=\"wp-block-heading\">Barreirinhas (MA)<\/h2>\n\n\n\n<p>Situa\u00e7\u00e3o semelhante ocorre no Maranh\u00e3o, onde Barreirinhas, nas praias de&nbsp;<strong>Cabur\u00e9<\/strong>&nbsp;e&nbsp;<strong>Atins<\/strong>, n\u00e3o h\u00e1 normas que tratem da oferta de equipamentos ou da reserva de \u00e1rea.<\/p>\n\n\n\n<h2 class=\"wp-block-heading\">Ipojuca (PE)<\/h2>\n\n\n\n<p>O munic\u00edpio pernambucano de Ipojuca tem um decreto municipal de 2018 que regulamenta a orla da cidade, como&nbsp;<strong>Porto de Galinhas<\/strong>. Ele define:<\/p>\n\n\n\n<p><strong>\u2705 Pode:<\/strong><\/p>\n\n\n\n<ul class=\"wp-block-list\">\n<li>A instala\u00e7\u00e3o de mesas, cadeiras e guarda-s\u00f3is \u00e9 permitida com autoriza\u00e7\u00e3o pr\u00e9via pelo \u00f3rg\u00e3o competente;<\/li>\n\n\n\n<li>m\u00e1ximo 5 guarda-s\u00f3is alinhados horizontalmente, dentro do m\u00e1ximo de 15 metros.<\/li>\n<\/ul>\n\n\n\n<p><strong>\u274c N\u00e3o pode:<\/strong><\/p>\n\n\n\n<ul class=\"wp-block-list\">\n<li>Cobran\u00e7a de consuma\u00e7\u00e3o m\u00ednima, de taxa ou multa pela aus\u00eancia de consumo por parte do consumidor, bem como da venda casada de bens, servi\u00e7os ou produtos.<\/li>\n<\/ul>\n\n\n\n<p>O n\u00e3o cumprimento das regras pode acarretar em cassa\u00e7\u00e3o da autoriza\u00e7\u00e3o concedida ao comerciante, ou suspens\u00e3o tempor\u00e1ria da permiss\u00e3o.<\/p>\n\n\n\n<p>H\u00e1 ainda projetos de leis municipais que buscam \u201cobrigatoriedade de transpar\u00eancia, publicidade e informa\u00e7\u00e3o pr\u00e9via dos valores cobrados pelo uso de cadeiras e guarda-s\u00f3is\u201d (PL 104\/2025) e a \u201ccria\u00e7\u00e3o do centro de atendimento ao turista\u201d (PL 28\/2025).<\/p>\n\n\n\n<figure class=\"wp-block-image\"><img decoding=\"async\" src=\"https:\/\/s2-g1.glbimg.com\/uHeUxQ7MSDzi9JlXy7vMNaO0Hco=\/0x0:1920x1080\/984x0\/smart\/filters:strip_icc()\/i.s3.glbimg.com\/v1\/AUTH_59edd422c0c84a879bd37670ae4f538a\/internal_photos\/bs\/2026\/E\/y\/9pf2pARviwZz6aCg85nA\/porto-de-galinhas.jpeg\" alt=\"Barracas de praia em Porto de Galinhas, em Ipojuca, no Litoral Sul de Pernambuco \u2014 Foto: Reprodu\u00e7\u00e3o\/TV Globo\"\/><\/figure>\n\n\n\n<p>Barracas de praia em Porto de Galinhas, em Ipojuca, no Litoral Sul de Pernambuco \u2014 Foto: Reprodu\u00e7\u00e3o\/TV Globo<\/p>\n\n\n\n<p><strong>Leia mais:&nbsp;<\/strong><a class=\"\" href=\"https:\/\/g1.globo.com\/pe\/pernambuco\/noticia\/2026\/01\/07\/procon-barraqueiros-de-porto-de-galinhas-apos-agressao-a-turistas.ghtml\"><strong>Procon re\u00fane barraqueiros de Porto de Galinhas ap\u00f3s agress\u00e3o a turistas e prepara lista com regras para atendimento nas praias<\/strong><\/a><\/p>\n\n\n\n<h2 class=\"wp-block-heading\">Vit\u00f3ria (ES)<\/h2>\n\n\n\n<p>No Esp\u00edrito Santo, Vit\u00f3ria n\u00e3o possui legisla\u00e7\u00e3o espec\u00edfica para as praias locais, como a de&nbsp;<strong>Camburi<\/strong>. Projetos de lei estaduais que tentaram proibir a consuma\u00e7\u00e3o m\u00ednima em 2003 e em 2007 acabaram arquivados.<\/p>\n\n\n\n<h2 class=\"wp-block-heading\">Niter\u00f3i (RJ)<\/h2>\n\n\n\n<p>Em Niter\u00f3i, no estado do Rio, um decreto recente determina que:<\/p>\n\n\n\n<p><strong>\u2705 Pode:<\/strong><\/p>\n\n\n\n<ul class=\"wp-block-list\">\n<li>Valor m\u00e1ximo de R$ 21,73 para aluguel de barracas;<\/li>\n\n\n\n<li>a quantidade de guarda-s\u00f3is varia de acordo com a praia: em\u00a0<strong>Itaipu<\/strong>, por exemplo, s\u00e3o 30 m\u00f3dulos de mesa, cadeiras e guarda-s\u00f3is; j\u00e1 em\u00a0<strong>Camboinhas<\/strong>,\u00a0<strong>Itacotiara<\/strong>\u00a0e\u00a0<strong>Piratininga<\/strong>, o n\u00famero \u00e9 de 70 kits.<\/li>\n<\/ul>\n\n\n\n<p><strong>\u274c N\u00e3o pode:<\/strong><\/p>\n\n\n\n<ul class=\"wp-block-list\">\n<li>Cobran\u00e7a de consuma\u00e7\u00e3o m\u00ednima.<\/li>\n<\/ul>\n\n\n\n<h2 class=\"wp-block-heading\">Rio de Janeiro (RJ)<\/h2>\n\n\n\n<p>Na capital fluminense, um decreto recente estabelece as seguintes regras:<\/p>\n\n\n\n<p><strong>\u2705 Pode:<\/strong><\/p>\n\n\n\n<ul class=\"wp-block-list\">\n<li>Informa\u00e7\u00f5es atualizadas, claras, vis\u00edveis e ostensivas, sobre pre\u00e7os, card\u00e1pio, condi\u00e7\u00f5es de venda, taxas adicionais e demais servi\u00e7os ofertados.<\/li>\n<\/ul>\n\n\n\n<p><strong>\u274c N\u00e3o pode:<\/strong><\/p>\n\n\n\n<ul class=\"wp-block-list\">\n<li>Cercamento e a privatiza\u00e7\u00e3o da faixa de areia.<\/li>\n<\/ul>\n\n\n\n<p>A prefeitura tamb\u00e9m estuda o tabelamento de valores. N\u00e3o h\u00e1 detalhamento sobre quantidade de guarda-s\u00f3is e cadeiras a serem disponibilizadas pelos estabelecimentos para as orlas, como as de&nbsp;<strong>Copacabana<\/strong>,&nbsp;<strong>Ipanema<\/strong>,&nbsp;<strong>Arpoador<\/strong>&nbsp;e&nbsp;<strong>Barra da Tijuca<\/strong>.<\/p>\n\n\n\n<p>Em B\u00fazios, uma briga entre dois vendedores ambulantes foi registrada na&nbsp;<strong>Praia de Jo\u00e3o Fernandes<\/strong>&nbsp;ap\u00f3s uma disputa por espa\u00e7o e agilidade nas vendas. Os dois trabalham em pequenas embarca\u00e7\u00f5es e oferecem bebidas e alimentos a turistas em escunas de passeio. Segundo relatos, o desentendimento come\u00e7ou porque um dos vendedores conseguiu chegar primeiro aos clientes,&nbsp;<a class=\"\" href=\"https:\/\/g1.globo.com\/rj\/intertvrj\/rj2\/video\/dois-vendedores-ambulantes-se-envolveram-em-uma-briga-em-alto-mar-na-praia-de-buzios-13556092.ghtml\">o que gerou agress\u00f5es f\u00edsicas, presenciadas e filmadas por turistas<\/a>. A pol\u00edcia n\u00e3o foi acionada, e nenhum dos envolvidos realizou vendas ap\u00f3s a confus\u00e3o.<\/p>\n\n\n\n<p>Na cidade do Rio de Janeiro, outro epis\u00f3dio envolvendo vendedores ambulantes foi registrado em fevereiro do ano passado na praia da Barra da Tijuca. Uma briga entre dois vendedores de mate come\u00e7ou ap\u00f3s a disputa por clientes que j\u00e1 estavam consumindo a bebida de um deles&nbsp;<a class=\"\" href=\"https:\/\/g1.globo.com\/rj\/rio-de-janeiro\/noticia\/2025\/02\/04\/briga-vendedores-mate-barra-da-tijuca.ghtml\">e terminou com um ambulante esfaqueado em frente a banhistas<\/a>. A v\u00edtima foi socorrida e levada ao hospital em estado grave, e o agressor foi preso em flagrante pela Pol\u00edcia Militar.<\/p>\n\n\n\n<h2 class=\"wp-block-heading\">Ilhabela (SP)<\/h2>\n\n\n\n<p>Em Ilhabela, a regulamenta\u00e7\u00e3o municipal, em vigor desde 2007, vale para praias como&nbsp;<strong>Pedra do Sino<\/strong>,&nbsp;<strong>Curral<\/strong>,&nbsp;<strong>Feiticeira<\/strong>&nbsp;e&nbsp;<strong>Pedras Mi\u00fadas<\/strong>&nbsp;e prev\u00ea multa de R$ 1 mil em caso de infra\u00e7\u00e3o.<\/p>\n\n\n\n<p><strong>\u2705 Pode:<\/strong><\/p>\n\n\n\n<ul class=\"wp-block-list\">\n<li>Ambulantes podem usar no m\u00e1ximo 5 mesas e 20 cadeiras;<\/li>\n<\/ul>\n\n\n\n<p><strong>\u274c N\u00e3o pode:<\/strong><\/p>\n\n\n\n<ul class=\"wp-block-list\">\n<li>Reserva de mesas e a consuma\u00e7\u00e3o m\u00ednima s\u00e3o proibidas.<\/li>\n<\/ul>\n\n\n\n<h2 class=\"wp-block-heading\">Praia Grande (SP)<\/h2>\n\n\n\n<p>Em Praia Grande, o C\u00f3digo de Posturas do munic\u00edpio, de 1989, atualizado em 2025, estabelece as regras para o uso das praias da cidade, como&nbsp;<strong>Forte<\/strong>,&nbsp;<strong>Guilhermina<\/strong>,&nbsp;<strong>Itarar\u00e9<\/strong>,&nbsp;<strong>Cai\u00e7ara<\/strong>&nbsp;e&nbsp;<strong>Gonzaguinha<\/strong>.<\/p>\n\n\n\n<p><strong>\u2705 Pode:<\/strong><\/p>\n\n\n\n<ul class=\"wp-block-list\">\n<li>Instala\u00e7\u00e3o de tendas do com\u00e9rcio com dimens\u00e3o m\u00e1xima de 3,00m x 3,00m;<\/li>\n<\/ul>\n\n\n\n<p><strong>\u274c N\u00e3o pode:<\/strong><\/p>\n\n\n\n<ul class=\"wp-block-list\">\n<li>Instala\u00e7\u00e3o fixa de guarda-s\u00f3is, s\u00f3 mediante solicita\u00e7\u00e3o do cliente;<\/li>\n\n\n\n<li>instala\u00e7\u00e3o de acampamentos.<\/li>\n<\/ul>\n\n\n\n<p>A norma n\u00e3o detalha sobre reserva de \u00e1rea na faixa de areia. Em caso de descumprimento, \u00e9 prevista multa de R$ 500 e apreens\u00e3o do material.<\/p>\n\n\n\n<h2 class=\"wp-block-heading\">Santos (SP)<\/h2>\n\n\n\n<p>Em Santos, um decreto municipal pro\u00edbe consuma\u00e7\u00e3o m\u00ednima e a demarca\u00e7\u00e3o de \u00e1reas exclusivas, al\u00e9m de garantir que banhistas possam levar seus pr\u00f3prios equipamentos para as praias, como as de&nbsp;<strong>Jos\u00e9 Menino<\/strong>,&nbsp;<strong>Boqueir\u00e3o<\/strong>,&nbsp;<strong>Embar\u00e9<\/strong>,&nbsp;<strong>Ponta da Praia<\/strong>,&nbsp;<strong>Aparecida<\/strong>&nbsp;e&nbsp;<strong>Gonzaga<\/strong>.<\/p>\n\n\n\n<p><strong>\u2705 Pode:<\/strong><\/p>\n\n\n\n<ul class=\"wp-block-list\">\n<li>Os banhistas podem levar seus pr\u00f3prios equipamentos e coolers;<\/li>\n\n\n\n<li>para ambulantes, o limite \u00e9 de 15 a 40 guarda-s\u00f3is e 60 cadeiras;<\/li>\n<\/ul>\n\n\n\n<p><strong>\u274c N\u00e3o pode:<\/strong><\/p>\n\n\n\n<ul class=\"wp-block-list\">\n<li>Pro\u00edbe consuma\u00e7\u00e3o m\u00ednima e demarca\u00e7\u00e3o de \u00e1rea.<\/li>\n<\/ul>\n\n\n\n<p>Em caso de infra\u00e7\u00e3o, o comerciante \u00e9 intimado, em casos graves ou de reincid\u00eancia \u00e9 aplicado uma multa de R$ 250 a R$ 5.000, suspens\u00e3o das atividades e at\u00e9 a cassa\u00e7\u00e3o da licen\u00e7a.<\/p>\n\n\n\n<h2 class=\"wp-block-heading\">S\u00e3o Sebasti\u00e3o (SP)<\/h2>\n\n\n\n<p>Desde 1992, leis e decretos municipais j\u00e1 delimitavam o uso das orlas, como a das praias de&nbsp;<strong>Juquehy<\/strong>,&nbsp;<strong>Maresias<\/strong>,&nbsp;<strong>Calhetas<\/strong>&nbsp;e&nbsp;<strong>Boi\u00e7ucanga<\/strong>, no litoral norte de S\u00e3o Paulo.<\/p>\n\n\n\n<p><strong>\u2705 Pode:<\/strong><\/p>\n\n\n\n<ul class=\"wp-block-list\">\n<li>Uso m\u00e1ximo de 20 guarda-s\u00f3is e 80 cadeiras, sob pena de multa, apreens\u00e3o at\u00e9 a cassa\u00e7\u00e3o da licen\u00e7a;<\/li>\n<\/ul>\n\n\n\n<p><strong>\u274c N\u00e3o pode:<\/strong><\/p>\n\n\n\n<ul class=\"wp-block-list\">\n<li>Cadeiras e guarda-s\u00f3is n\u00e3o podem permanecer na areia, se n\u00e3o estiverem sendo usados;<\/li>\n\n\n\n<li>Tarifa adicional de utiliza\u00e7\u00e3o dos guarda s\u00f3is e cadeiras;<\/li>\n\n\n\n<li>Pro\u00edbem estruturas fixas que obstruem o acesso \u00e0s praias, sob pena de remo\u00e7\u00e3o, demoli\u00e7\u00e3o e multa de R$ 500 a R$ 5.000.<\/li>\n<\/ul>\n\n\n\n<h2 class=\"wp-block-heading\">Ubatuba (SP)<\/h2>\n\n\n\n<p>No litoral paulista, Ubatuba tem regras pr\u00f3prias para o uso das praias h\u00e1 20 anos, como nas orlas de&nbsp;<strong>Lagoinha<\/strong>,&nbsp;<strong>Vermelha do Norte<\/strong>,&nbsp;<strong>Maranduba<\/strong>&nbsp;e&nbsp;<strong>Itamambuca<\/strong>.<\/p>\n\n\n\n<p><strong>\u2705 Pode:<\/strong><\/p>\n\n\n\n<ul class=\"wp-block-list\">\n<li>Instalar de cinco a 22 m\u00f3dulos\/carrinhos de com\u00e9rcios s\u00e3o permitidos nas praias, com obrigatoriedade de remo\u00e7\u00e3o ap\u00f3s \u00e0s 20h.<\/li>\n<\/ul>\n\n\n\n<p><strong>\u274c N\u00e3o pode:<\/strong><\/p>\n\n\n\n<ul class=\"wp-block-list\">\n<li>Consuma\u00e7\u00e3o m\u00ednima para uso de cadeiras e outros servi\u00e7os.<\/li>\n<\/ul>\n\n\n\n<p>O descumprimento das regras est\u00e1 sujeito \u00e0 multa.<\/p>\n\n\n\n<h2 class=\"wp-block-heading\">Pontal do Paran\u00e1 (PR)<\/h2>\n\n\n\n<p>Em Pontal do Paran\u00e1, duas leis, de 2019 e 2024, elencam os seguintes regramentos para o uso da praia:<\/p>\n\n\n\n<p><strong>\u2705 Pode:<\/strong><\/p>\n\n\n\n<ul class=\"wp-block-list\">\n<li>Disponibiliza\u00e7\u00e3o de, no m\u00e1ximo, 12 jogos de mesas e 48 cadeiras por comerciante.<\/li>\n<\/ul>\n\n\n\n<p><strong>\u274c N\u00e3o pode:<\/strong><\/p>\n\n\n\n<ul class=\"wp-block-list\">\n<li>Restringir o consumo ou o uso de servi\u00e7os a apenas um com\u00e9rcio na praia, alterando o pre\u00e7o, caso cliente decida consumir produtos de outros com\u00e9rcios na faixa de areia.<\/li>\n<\/ul>\n\n\n\n<p>Multas e revoga\u00e7\u00e3o da licen\u00e7a podem ser aplicadas em caso de descumprimento.<\/p>\n\n\n\n<h2 class=\"wp-block-heading\">Torres (RS)<\/h2>\n\n\n\n<p>Uma das praias mais movimentadas do Litoral Norte do Rio Grande do Sul, Torres tamb\u00e9m possui decreto espec\u00edfico desde 2014 para com\u00e9rcio nas praias.<\/p>\n\n\n\n<p><strong>\u2705 Pode:<\/strong><\/p>\n\n\n\n<ul class=\"wp-block-list\">\n<li>Deixar montado apenas 6 conjuntos de guarda-s\u00f3is e cadeiras para exposi\u00e7\u00e3o;<\/li>\n<\/ul>\n\n\n\n<p><strong>\u274c N\u00e3o pode:<\/strong><\/p>\n\n\n\n<ul class=\"wp-block-list\">\n<li>Aluguel de tendas ou barracas.<\/li>\n<\/ul>\n\n\n\n<p>Se descumprido, \u00e9 emitido uma advert\u00eancia que, em caso de reincid\u00eancia, leva a imediata apreens\u00e3o das mercadorias e multa.<\/p>\n\n\n\n<h2 class=\"wp-block-heading\">Florian\u00f3polis (SC)<\/h2>\n\n\n\n<p>Nas praias de Florian\u00f3polis, como<strong>&nbsp;Ilha do Campeche<\/strong>&nbsp;e&nbsp;<strong>Jurer\u00ea<\/strong>, valem as seguintes regras:<\/p>\n\n\n\n<p><strong>\u2705 Pode:<\/strong><\/p>\n\n\n\n<ul class=\"wp-block-list\">\n<li>Colocar mesa, cadeira e guarda-sol somente at\u00e9 metade da faixa de areia com recolhimento no fim do dia;<\/li>\n<\/ul>\n\n\n\n<p><strong>\u274c N\u00e3o pode:<\/strong><\/p>\n\n\n\n<ul class=\"wp-block-list\">\n<li>Espa\u00e7o ocupado por estabelecimentos n\u00e3o pode obstruir passagem, nem ultrapassar espa\u00e7o de 2 metros de largura;<\/li>\n\n\n\n<li>Reserva de \u00e1reas e cobran\u00e7a de consuma\u00e7\u00e3o m\u00ednima;<\/li>\n\n\n\n<li>Proibir banhistas de instalar suas pr\u00f3prias mesas e cadeiras.<\/li>\n<\/ul>\n\n\n\n<p>Em caso de infra\u00e7\u00e3o, a lei municipal prev\u00ea advert\u00eancia formal ao estabelecimento e, se reincidente, a suspens\u00e3o do servi\u00e7o de atendimento de praia e apreens\u00e3o dos equipamentos.<\/p>\n\n\n\n<figure class=\"wp-block-image\"><img decoding=\"async\" src=\"https:\/\/s2-g1.glbimg.com\/8KCh28t7jhdjICHWrF5BM_uvX9w=\/0x0:5263x3509\/984x0\/smart\/filters:strip_icc()\/i.s3.glbimg.com\/v1\/AUTH_59edd422c0c84a879bd37670ae4f538a\/internal_photos\/bs\/2023\/x\/n\/MSQp9PRKi1o2hgZRgzRg\/tg-50.jpg\" alt=\"Praia de Jurer\u00ea Internacional, em Florian\u00f3polis, em julho de 2023 \u2014 Foto: Tiago Ghizoni\/NSC \"\/><\/figure>\n\n\n\n<p>Praia de Jurer\u00ea Internacional, em Florian\u00f3polis, em julho de 2023 \u2014 Foto: Tiago Ghizoni\/NSC<\/p>\n\n\n\n<h2 class=\"wp-block-heading\">Balne\u00e1rio Cambori\u00fa (SC)<\/h2>\n\n\n\n<p>Balne\u00e1rio tem legisla\u00e7\u00e3o municipal que orienta:<\/p>\n\n\n\n<p><strong>\u2705 Pode:<\/strong><\/p>\n\n\n\n<ul class=\"wp-block-list\">\n<li>Guarda-s\u00f3is podem ter, no m\u00e1ximo, 2 metros de di\u00e2metro;<\/li>\n<\/ul>\n\n\n\n<p><strong>\u274c N\u00e3o pode:<\/strong><\/p>\n\n\n\n<ul class=\"wp-block-list\">\n<li>Restringir \u00e1reas exclusivas ou reservas na faixa de areia;<\/li>\n\n\n\n<li>exigir consuma\u00e7\u00e3o m\u00ednima ou obrigar banhistas a consumir apenas de um \u00fanico com\u00e9rcio.<\/li>\n<\/ul>\n\n\n\n<p>N\u00e3o h\u00e1 defini\u00e7\u00e3o sobre quantidade limite de guarda-s\u00f3is e cadeira.<\/p>\n\n\n\n<p>\ud83d\udd0e No in\u00edcio de janeiro, foi registrado um&nbsp;<a class=\"\" href=\"https:\/\/g1.globo.com\/sc\/santa-catarina\/noticia\/2026\/01\/02\/turista-argentino-espancado-ambulantes-balneario-camboriu-video.ghtml\">epis\u00f3dio de viol\u00eancia na Praia Central de Balne\u00e1rio Cambori\u00fa<\/a>&nbsp;envolvendo vendedores ambulantes e um turista, ap\u00f3s uma discuss\u00e3o relacionada a pre\u00e7os e consumo. O caso levou a prefeitura a notificar o quiosque envolvido e a abrir um processo administrativo para apurar responsabilidades, segundo a Pol\u00edcia Militar e a administra\u00e7\u00e3o municipal.<\/p>\n\n\n\n<h2 class=\"wp-block-heading\">Como denunciar<\/h2>\n\n\n\n<p>O C\u00f3digo de Defesa do Consumidor \u00e9 a lei de&nbsp;refer\u00eancia na prote\u00e7\u00e3o dos direitos dos consumidores em todo o territ\u00f3rio nacional,&nbsp;e sua aplica\u00e7\u00e3o \u00e9 fiscalizada pelos Procons estaduais e municipais, onde o consumidor pode denunciar as pr\u00e1ticas abusivas.<\/p>\n\n\n\n<p>\u2757Antes de registrar a den\u00fancia, o consumidor deve:<\/p>\n\n\n\n<p><strong>Reunir provas da irregularidade<\/strong><\/p>\n\n\n\n<ul class=\"wp-block-list\">\n<li>Fotos ou v\u00eddeos que mostrem os pre\u00e7os praticados, a exig\u00eancia de consuma\u00e7\u00e3o m\u00ednima ou qualquer outra pr\u00e1tica abusiva;<\/li>\n\n\n\n<li>guardar comprovantes de pagamento, como nota fiscal, recibo ou fatura do cart\u00e3o;<\/li>\n\n\n\n<li>Anotar o nome e o endere\u00e7o completo do estabelecimento, com essas informa\u00e7\u00f5es, \u00e9 poss\u00edvel buscar o CNPJ na internet e inclu\u00ed-lo na reclama\u00e7\u00e3o.<\/li>\n<\/ul>\n\n\n\n<p>Ap\u00f3s o registro, o Procon notifica o estabelecimento, que deve apresentar defesa ou proposta de solu\u00e7\u00e3o. O consumidor recebe um n\u00famero de protocolo para acompanhar o andamento do caso.<\/p>\n\n\n\n<p><strong>Veja abaixo os contatos dos Procons de todos os estados e do Distrito Federal.<\/strong><\/p>\n\n\n\n<p>Tocantins (TO) \u2013 procon.to.gov.br \u2013 151<\/p>\n\n\n\n<p>Acre (AC) \u2013 procon.ac.gov.br \u2013 (68) 3223-7333 \/ 151<\/p>\n\n\n\n<p>Alagoas (AL) \u2013 procon.al.gov.br \u2013 151 \/ (82) 98876-8297 (WhatsApp)<\/p>\n\n\n\n<p>Amap\u00e1 (AP) \u2013 procon.ap.gov.br \u2013 151<\/p>\n\n\n\n<p>Amazonas (AM) \u2013 procon.am.gov.br \u2013 0800 092 1512 \/ (92) 3215-4009<\/p>\n\n\n\n<p>Bahia (BA) \u2013 procon.ba.gov.br \u2013 (71) 3116-0567 \/ 151<\/p>\n\n\n\n<p>Cear\u00e1 (CE) \u2013 procon.ce.gov.br \u2013 151 \/ (85) 3101-2042<\/p>\n\n\n\n<p>Distrito Federal (DF) \u2013 procon.df.gov.br \u2013 151 \/ (61) 3218-7709<\/p>\n\n\n\n<p>Esp\u00edrito Santo (ES) \u2013 procon.es.gov.br \u2013 151 \/ (27) 3332-4601<\/p>\n\n\n\n<p>Goi\u00e1s (GO) \u2013 procon.go.gov.br \u2013 151 \/ (62) 3201-7124<\/p>\n\n\n\n<p>Maranh\u00e3o (MA) \u2013 procon.ma.gov.br \u2013 151 \/ (98) 3261-5100<\/p>\n\n\n\n<p>Mato Grosso (MT) \u2013 procon.mt.gov.br \u2013 151<\/p>\n\n\n\n<p>Mato Grosso do Sul (MS) \u2013 procon.ms.gov.br \u2013 151 \/ (67) 3316-9800<\/p>\n\n\n\n<p>Minas Gerais (MG) \u2013 procon.mpmg.mp.br \u2013 151<\/p>\n\n\n\n<p>Par\u00e1 (PA) \u2013 procon.pa.gov.br \u2013 151 \/ (91) 3073-2827<\/p>\n\n\n\n<p>Para\u00edba (PB) \u2013 procon.pb.gov.br \u2013 151 \/ (83) 98618-8330 (WhatsApp)<\/p>\n\n\n\n<p>Paran\u00e1 (PR) \u2013 procon.pr.gov.br \u2013 0800 41 1512<\/p>\n\n\n\n<p>Pernambuco (PE) \u2013 procon.pe.gov.br \u2013 0800 282 1512<\/p>\n\n\n\n<p>Piau\u00ed (PI) \u2013 mppi.mp.br\/web\/procon \u2013 0800 280 5555 \/ (86) 99436-9692 (WhatsApp)<\/p>\n\n\n\n<p>Rio de Janeiro (RJ) \u2013 procon.rj.gov.br \u2013 151<\/p>\n\n\n\n<p>Rio Grande do Norte (RN) \u2013 procon.rn.gov.br \u2013 151 \/ (84) 98147-9998 (WhatsApp)<\/p>\n\n\n\n<p>Rio Grande do Sul (RS) \u2013 procon.rs.gov.br \u2013 (51) 3287-6200<\/p>\n\n\n\n<p>Rond\u00f4nia (RO) \u2013 procon.ro.gov.br \u2013 151 \/ (69) 3216-1026<\/p>\n\n\n\n<p>Roraima (RR) \u2013 procon.rr.gov.br \u2013 151<\/p>\n\n\n\n<p>Santa Catarina (SC) \u2013 procon.sc.gov.br \u2013 151<\/p>\n\n\n\n<p>S\u00e3o Paulo (SP) \u2013 procon.sp.gov.br \u2013 151<\/p>\n\n\n\n<p>Sergipe (SE) \u2013 procon.se.gov.br \u2013 151<\/p>\n\n\n\n<p>Fonte G1<\/p>\n","protected":false},"excerpt":{"rendered":"<p>Levantamento do g1 mostra como cidades regulam o uso de guarda-s\u00f3is, a reserva da faixa de areia e a consuma\u00e7\u00e3o m\u00ednima em praias de 14 estados do pa\u00eds. Relatos sobre pr\u00e1ticas abusivas nas praias brasileiras, de cobran\u00e7as indevidas a pre\u00e7os alt\u00edssimos, repercutiram nas \u00faltimas semanas. Um levantamento do&nbsp;g1&nbsp;mostra que as regras para uso de guarda-s\u00f3is [&hellip;]<\/p>\n","protected":false},"author":8,"featured_media":30388,"comment_status":"closed","ping_status":"open","sticky":false,"template":"","format":"standard","meta":{"rop_custom_images_group":[],"rop_custom_messages_group":[],"rop_publish_now":"initial","rop_publish_now_accounts":[],"rop_publish_now_history":[],"rop_publish_now_status":"pending","footnotes":""},"categories":[189],"tags":[],"class_list":["post-30387","post","type-post","status-publish","format-standard","has-post-thumbnail","hentry","category-brasil"],"amp_enabled":true,"_links":{"self":[{"href":"https:\/\/imais.online\/portal\/wp-json\/wp\/v2\/posts\/30387","targetHints":{"allow":["GET"]}}],"collection":[{"href":"https:\/\/imais.online\/portal\/wp-json\/wp\/v2\/posts"}],"about":[{"href":"https:\/\/imais.online\/portal\/wp-json\/wp\/v2\/types\/post"}],"author":[{"embeddable":true,"href":"https:\/\/imais.online\/portal\/wp-json\/wp\/v2\/users\/8"}],"replies":[{"embeddable":true,"href":"https:\/\/imais.online\/portal\/wp-json\/wp\/v2\/comments?post=30387"}],"version-history":[{"count":1,"href":"https:\/\/imais.online\/portal\/wp-json\/wp\/v2\/posts\/30387\/revisions"}],"predecessor-version":[{"id":30389,"href":"https:\/\/imais.online\/portal\/wp-json\/wp\/v2\/posts\/30387\/revisions\/30389"}],"wp:featuredmedia":[{"embeddable":true,"href":"https:\/\/imais.online\/portal\/wp-json\/wp\/v2\/media\/30388"}],"wp:attachment":[{"href":"https:\/\/imais.online\/portal\/wp-json\/wp\/v2\/media?parent=30387"}],"wp:term":[{"taxonomy":"category","embeddable":true,"href":"https:\/\/imais.online\/portal\/wp-json\/wp\/v2\/categories?post=30387"},{"taxonomy":"post_tag","embeddable":true,"href":"https:\/\/imais.online\/portal\/wp-json\/wp\/v2\/tags?post=30387"}],"curies":[{"name":"wp","href":"https:\/\/api.w.org\/{rel}","templated":true}]}}