{"id":30413,"date":"2026-01-20T19:07:38","date_gmt":"2026-01-20T22:07:38","guid":{"rendered":"https:\/\/imais.online\/portal\/?p=30413"},"modified":"2026-01-20T19:07:38","modified_gmt":"2026-01-20T22:07:38","slug":"guarda-civil-prende-homem-por-embriaguez-ao-volante-apos-acidente-de-transito","status":"publish","type":"post","link":"https:\/\/imais.online\/portal\/guarda-civil-prende-homem-por-embriaguez-ao-volante-apos-acidente-de-transito\/","title":{"rendered":"Guarda Civil prende homem por embriaguez ao volante ap\u00f3s acidente de tr\u00e2nsito"},"content":{"rendered":"<div class=\"imais-before-content-placement\" id=\"imais-2792111671\"><script async src=\"\/\/pagead2.googlesyndication.com\/pagead\/js\/adsbygoogle.js?client=ca-pub-8787528412751566\" crossorigin=\"anonymous\"><\/script><ins class=\"adsbygoogle\" style=\"display:block;\" data-ad-client=\"ca-pub-8787528412751566\" \ndata-ad-slot=\"\" \ndata-ad-format=\"auto\"><\/ins>\n<script> \n(adsbygoogle = window.adsbygoogle || []).push({}); \n<\/script>\n<\/div>\n<p>Um homem de 56 anos foi preso na noite de s\u00e1bado (17) por embriaguez ao volante. A ocorr\u00eancia foi registrada no bairro Jardim Lauro Bueno de Camargo.<\/p>\n\n\n\n<p>A Guarda Civil foi acionada por meio do telefone de emerg\u00eancia 153, para atender um acidente de tr\u00e2nsito na Rua M\u00fasico Alziro Pires Camargo. A equipe da viatura 163 foi enviada ao local e, ao chegar, constatou que se tratava de uma colis\u00e3o sem v\u00edtimas.<\/p>\n\n\n\n<p>Em contato com as partes envolvidas, a v\u00edtima relatou que o motorista de um Peugeot 207, ao realizar uma manobra para entrar em sua garagem, perdeu o controle da dire\u00e7\u00e3o e colidiu contra um Commander que estava estacionado. Durante a averigua\u00e7\u00e3o, os agentes perceberam que o condutor do Peugeot apresentava claros sinais de embriaguez.<\/p>\n\n\n\n<p>O motorista foi convidado a realizar o teste do etil\u00f4metro, que confirmou a ingest\u00e3o de \u00e1lcool. Diante dos fatos, o homem foi conduzido \u00e0 delegacia de pol\u00edcia, onde permaneceu preso em flagrante pelo crime de embriaguez ao volante.<\/p>\n","protected":false},"excerpt":{"rendered":"<p>Um homem de 56 anos foi preso na noite de s\u00e1bado (17) por embriaguez ao volante. A ocorr\u00eancia foi registrada no bairro Jardim Lauro Bueno de Camargo. A Guarda Civil foi acionada por meio do telefone de emerg\u00eancia 153, para atender um acidente de tr\u00e2nsito na Rua M\u00fasico Alziro Pires Camargo. A equipe da viatura [&hellip;]<\/p>\n","protected":false},"author":7,"featured_media":30414,"comment_status":"closed","ping_status":"open","sticky":false,"template":"","format":"standard","meta":{"rop_custom_images_group":[],"rop_custom_messages_group":[],"rop_publish_now":"initial","rop_publish_now_accounts":[],"rop_publish_now_history":[],"rop_publish_now_status":"pending","footnotes":""},"categories":[188],"tags":[73],"class_list":["post-30413","post","type-post","status-publish","format-standard","has-post-thumbnail","hentry","category-indaiatuba","tag-featured"],"amp_enabled":true,"_links":{"self":[{"href":"https:\/\/imais.online\/portal\/wp-json\/wp\/v2\/posts\/30413","targetHints":{"allow":["GET"]}}],"collection":[{"href":"https:\/\/imais.online\/portal\/wp-json\/wp\/v2\/posts"}],"about":[{"href":"https:\/\/imais.online\/portal\/wp-json\/wp\/v2\/types\/post"}],"author":[{"embeddable":true,"href":"https:\/\/imais.online\/portal\/wp-json\/wp\/v2\/users\/7"}],"replies":[{"embeddable":true,"href":"https:\/\/imais.online\/portal\/wp-json\/wp\/v2\/comments?post=30413"}],"version-history":[{"count":1,"href":"https:\/\/imais.online\/portal\/wp-json\/wp\/v2\/posts\/30413\/revisions"}],"predecessor-version":[{"id":30415,"href":"https:\/\/imais.online\/portal\/wp-json\/wp\/v2\/posts\/30413\/revisions\/30415"}],"wp:featuredmedia":[{"embeddable":true,"href":"https:\/\/imais.online\/portal\/wp-json\/wp\/v2\/media\/30414"}],"wp:attachment":[{"href":"https:\/\/imais.online\/portal\/wp-json\/wp\/v2\/media?parent=30413"}],"wp:term":[{"taxonomy":"category","embeddable":true,"href":"https:\/\/imais.online\/portal\/wp-json\/wp\/v2\/categories?post=30413"},{"taxonomy":"post_tag","embeddable":true,"href":"https:\/\/imais.online\/portal\/wp-json\/wp\/v2\/tags?post=30413"}],"curies":[{"name":"wp","href":"https:\/\/api.w.org\/{rel}","templated":true}]}}