{"id":30422,"date":"2026-01-21T19:58:53","date_gmt":"2026-01-21T22:58:53","guid":{"rendered":"https:\/\/imais.online\/portal\/?p=30422"},"modified":"2026-01-21T19:58:54","modified_gmt":"2026-01-21T22:58:54","slug":"entrada-franca-open-bar-e-novo-formato-festa-do-peao-de-paulinia-abre-vendas-para-2026","status":"publish","type":"post","link":"https:\/\/imais.online\/portal\/entrada-franca-open-bar-e-novo-formato-festa-do-peao-de-paulinia-abre-vendas-para-2026\/","title":{"rendered":"Entrada franca, open bar e novo formato: Festa do Pe\u00e3o de Paul\u00ednia abre vendas para 2026"},"content":{"rendered":"<div class=\"imais-before-content-placement\" id=\"imais-1508623805\"><script async src=\"\/\/pagead2.googlesyndication.com\/pagead\/js\/adsbygoogle.js?client=ca-pub-8787528412751566\" crossorigin=\"anonymous\"><\/script><ins class=\"adsbygoogle\" style=\"display:block;\" data-ad-client=\"ca-pub-8787528412751566\" \ndata-ad-slot=\"\" \ndata-ad-format=\"auto\"><\/ins>\n<script> \n(adsbygoogle = window.adsbygoogle || []).push({}); \n<\/script>\n<\/div>\n<p class=\"has-text-align-center\"><strong><em>De 10 a 20 de abril, terceira edi\u00e7\u00e3o ter\u00e1 venda de ingressos com desconto a partir de 15 de janeiro<\/em><\/strong><\/p>\n\n\n\n<p>A Festa do Pe\u00e3o de Paul\u00ednia segue crescendo e investindo em estrutura para elevar a experi\u00eancia do p\u00fablico, em mais uma edi\u00e7\u00e3o. De 10 a 20 de abril, a cidade ser\u00e1 palco de um dos eventos mais esperados do ano.<\/p>\n\n\n\n<p>Depois da expectativa e especula\u00e7\u00f5es nas redes sociais, a FPP 2026 revelou os nomes que prometem emocionar e agitar o p\u00fablico da Regi\u00e3o Metropolitana de Campinas e de todo o interior paulista. A curadoria da organiza\u00e7\u00e3o priorizou a mistura de estilos musicais, que re\u00fane a tradi\u00e7\u00e3o de \u00eddolos consagrados com a energia contagiante dos novos fen\u00f4menos que dominam o topo as paradas de sucesso no Brasil atualmente.<\/p>\n\n\n\n<p>Do sertanejo universit\u00e1rio e rom\u00e2ntico ao pagode, arrocha e seresta. Sem contar a batida da m\u00fasica eletr\u00f4nica e a emo\u00e7\u00e3o das competi\u00e7\u00f5es de montaria em touros pela <strong>Liga Nacional de Rodeios<\/strong>, prova dos Tr\u00eas Tambores e Team Penning. Pela primeira vez, a <strong>PBR ACF Tour<\/strong> assina a prova de montaria em touros do evento. Uma sala de imprensa tamb\u00e9m ser\u00e1 inaugurada para receber os jornalistas credenciados para a cobertura da festa.<\/p>\n\n\n\n<p><em>\u201cQueremos que todos sejam muito bem-vindos \u00e0 Paul\u00ednia. \u00c9 uma festa para a fam\u00edlia toda, feita com muito carinho pelo nosso time. A agenda de shows \u00e9 a cereja do bolo. Porque esses artistas representam o que existe de mais aut\u00eantico e atual no mercado da m\u00fasica. Queremos surpreender em todos os dias de evento! Quem j\u00e1 veio sabe que Paul\u00ednia promete e entrega\u201d, comenta <\/em>o Presidente da Festa do Pe\u00e3o de Paul\u00ednia, Ricardo Dalbem.<\/p>\n\n\n\n<p>Confira as atra\u00e7\u00f5es deste ano:<\/p>\n\n\n\n<p><strong>10\/04 (sexta): <\/strong>Henrique &amp; Juliano + Bruno Martini<strong><br>11\/04 (s\u00e1bado): <\/strong>Natanzinho Lima + Grelo<strong><br>18\/04 (s\u00e1bado): <\/strong>Z\u00e9z\u00e9 Di Camargo + Bruno Cesar &amp; Rodrigo(entrada franca no setor PISTA\/ARENA)<strong><br>20\/04 (segunda \u2013 v\u00e9spera de feriado): <\/strong>Z\u00e9 Neto &amp; Cristiano + Turma do Pagode<\/p>\n\n\n\n<p>A venda de ingressos estar\u00e1 dispon\u00edvel a partir de 15 de janeiro no site oficial da FPP. Haver\u00e1 um lote especial com desconto, por tempo limitado. O complexo da FPP 2026, no Parque Brasil 500, estar\u00e1 dividido em quatro setores:<\/p>\n\n\n\n<ul class=\"wp-block-list\">\n<li>\u2060\u2060<strong>Camarote Platinum<\/strong>: open bar &amp; open food<\/li>\n\n\n\n<li><strong>Varanda Prime<\/strong>: open bar (novidade)<\/li>\n\n\n\n<li><strong>\u00c1<\/strong><strong>rea VIP<\/strong>: conforto e vis\u00e3o privilegiada<\/li>\n\n\n\n<li><strong>Pista\/Arena<\/strong>: emo\u00e7\u00e3o no cora\u00e7\u00e3o da festa<\/li>\n\n\n\n<li><\/li>\n<\/ul>\n\n\n\n<p><strong>ESTRUTURA E OPORTUNIDADES<\/strong><\/p>\n\n\n\n<p>De acordo com a organiza\u00e7\u00e3o da festa, s\u00e3o gerados cerca de 600 empregos diretos em setores como a Pra\u00e7a de Alimenta\u00e7\u00e3o e Seguran\u00e7a; e mais de 1 mil oportunidades de trabalho indiretas a cada dia de evento.<\/p>\n\n\n\n<p>Organizada pela FPP Produ\u00e7\u00f5es Art\u00edsticas e Eventos, o evento entrega uma infraestrutura de alto padr\u00e3o, com c\u00e2meras de monitoramento por toda a arena, \u00e1rea VIP e arquibancada, efetivo policial e seguran\u00e7a particular, al\u00e9m de ambul\u00e2ncias\/ambulat\u00f3rio de prontid\u00e3o para atender aos convidados.<\/p>\n\n\n\n<p>Em 2025, a festa se consolidou entre as maiores da regi\u00e3o de Campinas e cresceu 75% em expans\u00e3o de marca. O evento inovou em satisfa\u00e7\u00e3o do cliente, com diversas ativa\u00e7\u00f5es internas nos setores para o p\u00fablico. Al\u00e9m das atra\u00e7\u00f5es musicais, as celebra\u00e7\u00f5es de f\u00e9, cultura boiadeira, gastronomia t\u00edpica e acessibilidade aguardam o p\u00fablico. Os setores contam com acesso PCD e int\u00e9rprete de Libras em todos os shows..<\/p>\n\n\n\n<p>As inscri\u00e7\u00f5es para o concurso que vai definir a nova rainha e princesas da FPP, al\u00e9m da abertura dos port\u00f5es e hor\u00e1rios das atra\u00e7\u00f5es, ser\u00e3o divulgadas nos canais oficiais da Festa do Pe\u00e3o de Paul\u00ednia em breve.<\/p>\n\n\n\n<p><strong>SERVI\u00c7O<\/strong><\/p>\n\n\n\n<p><strong>Quando:<\/strong> 10 e 11 | 18 e 20 de abril de 2026<\/p>\n\n\n\n<p><strong>Local:<\/strong> Parque Brasil 500 &#8211; Av. Jos\u00e9 Lozano Ara\u00fajo, 1.551, Paul\u00ednia &#8211; S\u00e3o Paulo\/SP.<\/p>\n\n\n\n<p><strong>Vendas oficiais:<\/strong> <a href=\"https:\/\/festadopeaodepaulinia.com.br\/\">festadopeaodepaulinia.com.br<\/a><\/p>\n\n\n\n<p><strong>Instagram:<\/strong>&nbsp; <a href=\"https:\/\/www.instagram.com\/festadopeaodepaulinia\/\">@festadopeaodepaulinia<\/a><\/p>\n","protected":false},"excerpt":{"rendered":"<p>De 10 a 20 de abril, terceira edi\u00e7\u00e3o ter\u00e1 venda de ingressos com desconto a partir de 15 de janeiro A Festa do Pe\u00e3o de Paul\u00ednia segue crescendo e investindo em estrutura para elevar a experi\u00eancia do p\u00fablico, em mais uma edi\u00e7\u00e3o. De 10 a 20 de abril, a cidade ser\u00e1 palco de um dos [&hellip;]<\/p>\n","protected":false},"author":7,"featured_media":30423,"comment_status":"closed","ping_status":"open","sticky":false,"template":"","format":"standard","meta":{"rop_custom_images_group":[],"rop_custom_messages_group":[],"rop_publish_now":"initial","rop_publish_now_accounts":[],"rop_publish_now_history":[],"rop_publish_now_status":"pending","footnotes":""},"categories":[194],"tags":[],"class_list":["post-30422","post","type-post","status-publish","format-standard","has-post-thumbnail","hentry","category-regia"],"amp_enabled":true,"_links":{"self":[{"href":"https:\/\/imais.online\/portal\/wp-json\/wp\/v2\/posts\/30422","targetHints":{"allow":["GET"]}}],"collection":[{"href":"https:\/\/imais.online\/portal\/wp-json\/wp\/v2\/posts"}],"about":[{"href":"https:\/\/imais.online\/portal\/wp-json\/wp\/v2\/types\/post"}],"author":[{"embeddable":true,"href":"https:\/\/imais.online\/portal\/wp-json\/wp\/v2\/users\/7"}],"replies":[{"embeddable":true,"href":"https:\/\/imais.online\/portal\/wp-json\/wp\/v2\/comments?post=30422"}],"version-history":[{"count":1,"href":"https:\/\/imais.online\/portal\/wp-json\/wp\/v2\/posts\/30422\/revisions"}],"predecessor-version":[{"id":30424,"href":"https:\/\/imais.online\/portal\/wp-json\/wp\/v2\/posts\/30422\/revisions\/30424"}],"wp:featuredmedia":[{"embeddable":true,"href":"https:\/\/imais.online\/portal\/wp-json\/wp\/v2\/media\/30423"}],"wp:attachment":[{"href":"https:\/\/imais.online\/portal\/wp-json\/wp\/v2\/media?parent=30422"}],"wp:term":[{"taxonomy":"category","embeddable":true,"href":"https:\/\/imais.online\/portal\/wp-json\/wp\/v2\/categories?post=30422"},{"taxonomy":"post_tag","embeddable":true,"href":"https:\/\/imais.online\/portal\/wp-json\/wp\/v2\/tags?post=30422"}],"curies":[{"name":"wp","href":"https:\/\/api.w.org\/{rel}","templated":true}]}}