{"id":30429,"date":"2026-01-21T20:06:44","date_gmt":"2026-01-21T23:06:44","guid":{"rendered":"https:\/\/imais.online\/portal\/?p=30429"},"modified":"2026-01-21T20:13:59","modified_gmt":"2026-01-21T23:13:59","slug":"piso-do-magisterio-tem-reajuste-de-54-e-vai-a-r-51-mil-em-2026","status":"publish","type":"post","link":"https:\/\/imais.online\/portal\/piso-do-magisterio-tem-reajuste-de-54-e-vai-a-r-51-mil-em-2026\/","title":{"rendered":"Piso do magist\u00e9rio tem reajuste de 5,4% e vai a R$ 5,1 mil em 2026"},"content":{"rendered":"<div class=\"imais-before-content-placement\" id=\"imais-1681058999\"><script async src=\"\/\/pagead2.googlesyndication.com\/pagead\/js\/adsbygoogle.js?client=ca-pub-8787528412751566\" crossorigin=\"anonymous\"><\/script><ins class=\"adsbygoogle\" style=\"display:block;\" data-ad-client=\"ca-pub-8787528412751566\" \ndata-ad-slot=\"\" \ndata-ad-format=\"auto\"><\/ins>\n<script> \n(adsbygoogle = window.adsbygoogle || []).push({}); \n<\/script>\n<\/div>\n<p class=\"has-text-align-center\">MP assinada por Lula atualiza valor, que cresce acima da infla\u00e7\u00e3o<\/p>\n\n\n\n<p><br><strong>O presidente Luiz In\u00e1cio Lula da Silva assinou nesta quarta-feira (21) a Medida Provis\u00f3ria (MP) que atualiza o c\u00e1lculo do piso salarial nacional para os profissionais do magist\u00e9rio p\u00fablico da educa\u00e7\u00e3o b\u00e1sica.\u00a0<\/strong><img decoding=\"async\" src=\"https:\/\/agenciabrasil.ebc.com.br\/ebc.png?id=1675629&amp;o=node\"><img decoding=\"async\" src=\"https:\/\/agenciabrasil.ebc.com.br\/ebc.gif?id=1675629&amp;o=node\"><\/p>\n\n\n\n<p><strong>Para este ano, o valor ser\u00e1 reajustado em 5,4%, passando de R$ 4.867,77 para R$ 5.130,63, v\u00e1lido para a rede p\u00fablica de todo o pa\u00eds, com jornada de 40 horas semanais.&nbsp;<\/strong><\/p>\n\n\n\n<p>O percentual representa um ganho real de 1,5% acima da infla\u00e7\u00e3o medida pelo \u00cdndice Nacional de Pre\u00e7os ao Consumidor (INPC) de 2025, que foi de 3,9%.<\/p>\n\n\n\n<p><strong>O piso salarial \u00e9 o valor m\u00ednimo que professores devem ganhar no Brasil.&nbsp;<\/strong>A legisla\u00e7\u00e3o determina a recomposi\u00e7\u00e3o anual do valor. A norma define que o piso ser\u00e1 atualizado a partir da soma do INPC do ano anterior e de 50% da m\u00e9dia da varia\u00e7\u00e3o percentual da receita real, com base no INPC, relativa \u00e0 contribui\u00e7\u00e3o de estados, Distrito Federal e munic\u00edpios ao Fundo de Manuten\u00e7\u00e3o e Desenvolvimento da Educa\u00e7\u00e3o B\u00e1sica e de Valoriza\u00e7\u00e3o dos Profissionais da Educa\u00e7\u00e3o (Fundeb), realizada nos cinco anos anteriores ao ano da atualiza\u00e7\u00e3o.&nbsp;<\/p>\n\n\n\n<p>A lei tamb\u00e9m determina que o percentual estabelecido nunca poder\u00e1 ser inferior \u00e0 infla\u00e7\u00e3o do ano anterior, medida pelo INPC.&nbsp;<a href=\"https:\/\/agenciabrasil.ebc.com.br\/educacao\/noticia\/2025-01\/piso-salarial-profissional-do-magisterio-publico-tem-reajuste-de-627\">No ano passado<\/a>, seguindo a mesma regra, o reajuste foi de 6,27%.&nbsp;<\/p>\n\n\n\n<p>As remunera\u00e7\u00f5es dos profissionais da educa\u00e7\u00e3o b\u00e1sica s\u00e3o pagas por prefeituras e estados a partir de recursos do Fundeb, bem como de complementa\u00e7\u00f5es da Uni\u00e3o.&nbsp;<strong>Por ser uma MP, a medida tem validade imediata, mas precisar\u00e1 ser confirmada pelo Congresso Nacional.<\/strong><\/p>\n\n\n\n<p>A Medida Provis\u00f3ria ser\u00e1 publicada na pr\u00f3xima edi\u00e7\u00e3o do Di\u00e1rio Oficial da Uni\u00e3o (DOU), nesta quinta-feira (22).<\/p>\n","protected":false},"excerpt":{"rendered":"<p>MP assinada por Lula atualiza valor, que cresce acima da infla\u00e7\u00e3o O presidente Luiz In\u00e1cio Lula da Silva assinou nesta quarta-feira (21) a Medida Provis\u00f3ria (MP) que atualiza o c\u00e1lculo do piso salarial nacional para os profissionais do magist\u00e9rio p\u00fablico da educa\u00e7\u00e3o b\u00e1sica.\u00a0 Para este ano, o valor ser\u00e1 reajustado em 5,4%, passando de R$ [&hellip;]<\/p>\n","protected":false},"author":7,"featured_media":30430,"comment_status":"closed","ping_status":"open","sticky":false,"template":"","format":"standard","meta":{"rop_custom_images_group":[],"rop_custom_messages_group":[],"rop_publish_now":"initial","rop_publish_now_accounts":[],"rop_publish_now_history":[],"rop_publish_now_status":"pending","footnotes":""},"categories":[189],"tags":[73],"class_list":["post-30429","post","type-post","status-publish","format-standard","has-post-thumbnail","hentry","category-brasil","tag-featured"],"amp_enabled":true,"_links":{"self":[{"href":"https:\/\/imais.online\/portal\/wp-json\/wp\/v2\/posts\/30429","targetHints":{"allow":["GET"]}}],"collection":[{"href":"https:\/\/imais.online\/portal\/wp-json\/wp\/v2\/posts"}],"about":[{"href":"https:\/\/imais.online\/portal\/wp-json\/wp\/v2\/types\/post"}],"author":[{"embeddable":true,"href":"https:\/\/imais.online\/portal\/wp-json\/wp\/v2\/users\/7"}],"replies":[{"embeddable":true,"href":"https:\/\/imais.online\/portal\/wp-json\/wp\/v2\/comments?post=30429"}],"version-history":[{"count":1,"href":"https:\/\/imais.online\/portal\/wp-json\/wp\/v2\/posts\/30429\/revisions"}],"predecessor-version":[{"id":30431,"href":"https:\/\/imais.online\/portal\/wp-json\/wp\/v2\/posts\/30429\/revisions\/30431"}],"wp:featuredmedia":[{"embeddable":true,"href":"https:\/\/imais.online\/portal\/wp-json\/wp\/v2\/media\/30430"}],"wp:attachment":[{"href":"https:\/\/imais.online\/portal\/wp-json\/wp\/v2\/media?parent=30429"}],"wp:term":[{"taxonomy":"category","embeddable":true,"href":"https:\/\/imais.online\/portal\/wp-json\/wp\/v2\/categories?post=30429"},{"taxonomy":"post_tag","embeddable":true,"href":"https:\/\/imais.online\/portal\/wp-json\/wp\/v2\/tags?post=30429"}],"curies":[{"name":"wp","href":"https:\/\/api.w.org\/{rel}","templated":true}]}}