{"id":30432,"date":"2026-01-22T15:13:53","date_gmt":"2026-01-22T18:13:53","guid":{"rendered":"https:\/\/imais.online\/portal\/?p=30432"},"modified":"2026-01-22T15:13:54","modified_gmt":"2026-01-22T18:13:54","slug":"funssol-realiza-primeira-coleta-de-2026-do-projeto-mechas-da-esperanca","status":"publish","type":"post","link":"https:\/\/imais.online\/portal\/funssol-realiza-primeira-coleta-de-2026-do-projeto-mechas-da-esperanca\/","title":{"rendered":"Funssol realiza primeira coleta de 2026 do projeto Mechas da Esperan\u00e7a"},"content":{"rendered":"<div class=\"imais-before-content-placement\" id=\"imais-3136229069\"><script async src=\"\/\/pagead2.googlesyndication.com\/pagead\/js\/adsbygoogle.js?client=ca-pub-8787528412751566\" crossorigin=\"anonymous\"><\/script><ins class=\"adsbygoogle\" style=\"display:block;\" data-ad-client=\"ca-pub-8787528412751566\" \ndata-ad-slot=\"\" \ndata-ad-format=\"auto\"><\/ins>\n<script> \n(adsbygoogle = window.adsbygoogle || []).push({}); \n<\/script>\n<\/div>\n<p class=\"has-text-align-center\"><strong><em>Desde o lan\u00e7amento do projeto solid\u00e1rio, quase 500 mechas foram arrecadadas<\/em><\/strong><\/p>\n\n\n\n<p>A primeira coleta de 2026 do projeto Mechas da Esperan\u00e7a foi realizada na quarta-feira (21\/1) pela equipe do Fundo Social de Solidariedade (Funssol), em parceria com 10 sal\u00f5es de beleza de Indaiatuba.<\/p>\n\n\n\n<p>Foram arrecadadas 133 mechas este m\u00eas, em 10 estabelecimentos: Val\u00e9ria Hair, Sandra Mara, Demetrius Lins, Studio Cacho a Cacho, Studio Cabelo &amp; Arte, Tiago Costa Hair Stylist, VC Jolie Coiffeur\u00b7Th\u00e9rapie, JK Espa\u00e7o Mulher, Espa\u00e7o Formass Cabelo e NS Concept Hair Netto Silva.<\/p>\n\n\n\n<p>O projeto solid\u00e1rio une o Funssol, a Kombinha do Bem e o projeto Fio da Alegria, com o objetivo de incentivar a doa\u00e7\u00e3o de mechas de cabelo para a confec\u00e7\u00e3o de perucas, que s\u00e3o destinadas gratuitamente a pacientes oncol\u00f3gicos e a pessoas com outras enfermidades que causam a perda de cabelo.<\/p>\n\n\n\n<p>Para participar da campanha, a mecha deve ter no m\u00ednimo 20 cent\u00edmetros. S\u00e3o aceitos todos os tipos de cabelo, sem restri\u00e7\u00e3o de cor, inclusive fios com qu\u00edmica, progressiva ou grisalhos.<\/p>\n\n\n\n<p>A ades\u00e3o do setor da beleza foi imediata, desde o lan\u00e7amento da iniciativa, diversos sal\u00f5es demonstraram interesse e engajamento, refor\u00e7ando a solidariedade da cidade com a causa. Desde seu lan\u00e7amento, em agosto de 2025, o Mechas da Esperan\u00e7a j\u00e1 arrecadou quase 500 mechas.<\/p>\n\n\n\n<p>Os sal\u00f5es de beleza interessados em se tornar parceiros do projeto podem entrar em contato com o Funssol pelo telefone (19) 3834-9031.<\/p>\n","protected":false},"excerpt":{"rendered":"<p>Desde o lan\u00e7amento do projeto solid\u00e1rio, quase 500 mechas foram arrecadadas A primeira coleta de 2026 do projeto Mechas da Esperan\u00e7a foi realizada na quarta-feira (21\/1) pela equipe do Fundo Social de Solidariedade (Funssol), em parceria com 10 sal\u00f5es de beleza de Indaiatuba. Foram arrecadadas 133 mechas este m\u00eas, em 10 estabelecimentos: Val\u00e9ria Hair, Sandra [&hellip;]<\/p>\n","protected":false},"author":7,"featured_media":30433,"comment_status":"closed","ping_status":"open","sticky":false,"template":"","format":"standard","meta":{"rop_custom_images_group":[],"rop_custom_messages_group":[],"rop_publish_now":"initial","rop_publish_now_accounts":[],"rop_publish_now_history":[],"rop_publish_now_status":"pending","footnotes":""},"categories":[188],"tags":[],"class_list":["post-30432","post","type-post","status-publish","format-standard","has-post-thumbnail","hentry","category-indaiatuba"],"amp_enabled":true,"_links":{"self":[{"href":"https:\/\/imais.online\/portal\/wp-json\/wp\/v2\/posts\/30432","targetHints":{"allow":["GET"]}}],"collection":[{"href":"https:\/\/imais.online\/portal\/wp-json\/wp\/v2\/posts"}],"about":[{"href":"https:\/\/imais.online\/portal\/wp-json\/wp\/v2\/types\/post"}],"author":[{"embeddable":true,"href":"https:\/\/imais.online\/portal\/wp-json\/wp\/v2\/users\/7"}],"replies":[{"embeddable":true,"href":"https:\/\/imais.online\/portal\/wp-json\/wp\/v2\/comments?post=30432"}],"version-history":[{"count":1,"href":"https:\/\/imais.online\/portal\/wp-json\/wp\/v2\/posts\/30432\/revisions"}],"predecessor-version":[{"id":30434,"href":"https:\/\/imais.online\/portal\/wp-json\/wp\/v2\/posts\/30432\/revisions\/30434"}],"wp:featuredmedia":[{"embeddable":true,"href":"https:\/\/imais.online\/portal\/wp-json\/wp\/v2\/media\/30433"}],"wp:attachment":[{"href":"https:\/\/imais.online\/portal\/wp-json\/wp\/v2\/media?parent=30432"}],"wp:term":[{"taxonomy":"category","embeddable":true,"href":"https:\/\/imais.online\/portal\/wp-json\/wp\/v2\/categories?post=30432"},{"taxonomy":"post_tag","embeddable":true,"href":"https:\/\/imais.online\/portal\/wp-json\/wp\/v2\/tags?post=30432"}],"curies":[{"name":"wp","href":"https:\/\/api.w.org\/{rel}","templated":true}]}}